{"id":24738,"date":"2022-02-25T12:09:04","date_gmt":"2022-02-25T11:09:04","guid":{"rendered":"https:\/\/www.vcp.de\/pfadfinden\/?p=24738"},"modified":"2023-02-01T15:57:09","modified_gmt":"2023-02-01T14:57:09","slug":"pfadfinderinnen-standwithukraine","status":"publish","type":"post","link":"https:\/\/vcp.de\/pfadfinden\/jugendpolitik\/pfadfinderinnen-standwithukraine\/","title":{"rendered":"Pfadfinder*innen #StandWithUkraine"},"content":{"rendered":"<h3>Alle Menschen m\u00fcssen in Frieden und ohne Furcht vor Krieg leben k\u00f6nnen. Daf\u00fcr setzen sich Pfadfinder*innen weltweit ein.<\/h3>\n<p>Doch mit dem Einmarsch russischer Truppen in die Ukraine wurde das V\u00f6lkerrecht gebrochen, die territoriale Souver\u00e4nit\u00e4t der Ukraine verletzt und es herrscht Krieg. Mitten in Europa. Gemeinsam mit dem Deutschen Bundesjugendring bekennen wir uns solidarisch mit allen Menschen in der Region, die sich f\u00fcr Frieden, Menschenrechte und Demokratie einsetzen. Jegliche Gewalt und kriegerische Auseinandersetzung m\u00fcssen sofort gestoppt werden.<\/p>\n<p><strong>Das friedliche Zusammenleben darf niemals Spielball politischer Interessen sein.<\/strong><\/p>\n<p>Unsere Partner*innen vom ukrainischen Pfadfinder*innenverband @ukrscouts beschreiben die aktuelle Situation als sehr bedrohlich. Sie bitten Pfadfinder*innen weltweit um Solidarit\u00e4t mit ihnen. Um unseren Beistand zu signalisieren, rufen wir alle Pfadfinder*innen in Deutschland auf, sich klar zu positionieren. Das k\u00f6nnt ihr mit einem Post von euch, den ihr mit den Hashtag <strong>#StandwithUkraine<\/strong> und den Verlinkungen @rdp @worldscouting @ukrscout verseht, tun.<\/p>\n<p><a href=\"https:\/\/www.vcp.de\/pfadfinden\/wp-content\/uploads\/2022\/02\/ukraine-2132669_960_720.webp\"><img decoding=\"async\" loading=\"lazy\" class=\" wp-image-24741 aligncenter\" src=\"https:\/\/www.vcp.de\/pfadfinden\/wp-content\/uploads\/2022\/02\/ukraine-2132669_960_720.webp\" alt=\"\" width=\"725\" height=\"544\" srcset=\"https:\/\/www.vcp.de\/pfadfinden\/wp-content\/uploads\/2022\/02\/ukraine-2132669_960_720.webp 960w, https:\/\/www.vcp.de\/pfadfinden\/wp-content\/uploads\/2022\/02\/ukraine-2132669_960_720-300x225.webp 300w, https:\/\/www.vcp.de\/pfadfinden\/wp-content\/uploads\/2022\/02\/ukraine-2132669_960_720-768x576.webp 768w\" sizes=\"auto, (max-width: 725px) 100vw, 725px\" \/><\/a><\/p>\n<p>&nbsp;<\/p>\n<p>&nbsp;<\/p>\n<p>&nbsp;<\/p>\n<p>&nbsp;<\/p>\n<blockquote class=\"wp-embedded-content\" data-secret=\"LLd5CYzy4v\"><p><a href=\"https:\/\/www.vcp.de\/pfadfinden\/jugendpolitik\/statement-der-aej-zum-angriff-der-russischen-streitkraefte-auf-die-ukraine\/\">Statement der aej zum Angriff der russischen Streitkr\u00e4fte auf die Ukraine<\/a><\/p><\/blockquote>\n<p><iframe loading=\"lazy\" class=\"wp-embedded-content\" sandbox=\"allow-scripts\" security=\"restricted\" style=\"position: absolute; visibility: hidden;\" title=\"&#8222;Statement der aej zum Angriff der russischen Streitkr\u00e4fte auf die Ukraine&#8220; &#8212; VCP-Blog\" src=\"https:\/\/www.vcp.de\/pfadfinden\/jugendpolitik\/statement-der-aej-zum-angriff-der-russischen-streitkraefte-auf-die-ukraine\/embed\/#?secret=S6a4rKPGN0#?secret=LLd5CYzy4v\" data-secret=\"LLd5CYzy4v\" width=\"600\" height=\"338\" frameborder=\"0\" marginwidth=\"0\" marginheight=\"0\" scrolling=\"no\"><\/iframe><\/p>\n","protected":false},"excerpt":{"rendered":"<p>Alle Menschen m\u00fcssen in Frieden und ohne Furcht vor Krieg leben k\u00f6nnen. Daf\u00fcr setzen sich Pfadfinder*innen weltweit ein. Doch mit dem Einmarsch russischer Truppen in die Ukraine wurde das V\u00f6lkerrecht gebrochen, die territoriale Souver\u00e4nit\u00e4t der Ukraine verletzt und es herrscht Krieg. Mitten in Europa. Gemeinsam mit dem Deutschen Bundesjugendring bekennen wir uns solidarisch mit allen [&hellip;]<\/p>\n","protected":false},"author":52,"featured_media":24741,"comment_status":"closed","ping_status":"open","sticky":false,"template":"","format":"standard","meta":{"_acf_changed":false,"inline_featured_image":false,"footnotes":""},"categories":[356,467],"tags":[358,83],"class_list":["post-24738","post","type-post","status-publish","format-standard","has-post-thumbnail","hentry","category-jugendpolitik","category-ukraine","tag-vcpolitisch","tag-internationales"],"acf":[],"_links":{"self":[{"href":"https:\/\/vcp.de\/pfadfinden\/wp-json\/wp\/v2\/posts\/24738","targetHints":{"allow":["GET"]}}],"collection":[{"href":"https:\/\/vcp.de\/pfadfinden\/wp-json\/wp\/v2\/posts"}],"about":[{"href":"https:\/\/vcp.de\/pfadfinden\/wp-json\/wp\/v2\/types\/post"}],"author":[{"embeddable":true,"href":"https:\/\/vcp.de\/pfadfinden\/wp-json\/wp\/v2\/users\/52"}],"replies":[{"embeddable":true,"href":"https:\/\/vcp.de\/pfadfinden\/wp-json\/wp\/v2\/comments?post=24738"}],"version-history":[{"count":1,"href":"https:\/\/vcp.de\/pfadfinden\/wp-json\/wp\/v2\/posts\/24738\/revisions"}],"predecessor-version":[{"id":29123,"href":"https:\/\/vcp.de\/pfadfinden\/wp-json\/wp\/v2\/posts\/24738\/revisions\/29123"}],"wp:featuredmedia":[{"embeddable":true,"href":"https:\/\/vcp.de\/pfadfinden\/wp-json\/wp\/v2\/media\/24741"}],"wp:attachment":[{"href":"https:\/\/vcp.de\/pfadfinden\/wp-json\/wp\/v2\/media?parent=24738"}],"wp:term":[{"taxonomy":"category","embeddable":true,"href":"https:\/\/vcp.de\/pfadfinden\/wp-json\/wp\/v2\/categories?post=24738"},{"taxonomy":"post_tag","embeddable":true,"href":"https:\/\/vcp.de\/pfadfinden\/wp-json\/wp\/v2\/tags?post=24738"}],"curies":[{"name":"wp","href":"https:\/\/api.w.org\/{rel}","templated":true}]}}