{"id":24736,"date":"2022-02-25T09:38:37","date_gmt":"2022-02-25T08:38:37","guid":{"rendered":"https:\/\/www.vcp.de\/pfadfinden\/?p=24736"},"modified":"2022-02-28T15:24:46","modified_gmt":"2022-02-28T14:24:46","slug":"statement-der-aej-zum-angriff-der-russischen-streitkraefte-auf-die-ukraine","status":"publish","type":"post","link":"https:\/\/vcp.de\/pfadfinden\/jugendpolitik\/statement-der-aej-zum-angriff-der-russischen-streitkraefte-auf-die-ukraine\/","title":{"rendered":"Statement der aej zum Angriff der russischen Streitkr\u00e4fte auf die Ukraine"},"content":{"rendered":"<p>Die Evangelische Jugend in Deutschland steht in ihrem Bekenntnis und ihrem Einsatz f\u00fcr den Frieden unverr\u00fcckbar an der Seite ihrer Partner in der Ukraine und Russland. Wir verurteilen den \u00dcberfall der russischen Streitkr\u00e4fte auf die Ukraine. Wladimir Putin weitet seinen 2014 in der Ostukraine lancierten Bruderkrieg nun mit offenem Visier auf das ganze Land aus und st\u00fcrzt dabei auch das russische Volk in einen Angriffskrieg. Krieg soll nach Gottes Willen nicht sein.<\/p>\n<p>Junge Menschen in Russland und in der Ukraine haben wie alle jungen Menschen das Recht, im Frieden aufzuwachsen und ohne Krieg in guter Nachbarschaft zu leben. Im \u00d6kumenischen Jugendrat in Europa (EYCE) arbeitet die Evangelische Jugend gemeinsam mit jungen Christ*innen in Ost und West seit \u00fcber f\u00fcnfzig Jahren f\u00fcr den Frieden in Europa und in der Welt. Dazu hat die Russisch-Orthodoxe Kirche in der Vergangenheit wesentliche Beitr\u00e4ge geleistet. Heute stimmen wir in die Mahnung des Erzbischofs der Evangelisch-Lutherischen Kirche Russlands ein: \u201eUns Christen ist geboten, keine Krieger, sondern Friedensstifter zu sein.\u201c Mit ihm und allen friedlich gesinnten Christ*innen in Russland und der Ukraine beten wir f\u00fcr Frieden und gute Beziehungen zwischen den Menschen und den Staaten.<\/p>\n<p>Unsere Mitglieder in Deutschland rufen wir dazu auf, in ihren Bem\u00fchungen um gelingende Partnerschaften im Jugendaustausch mit der Ukraine und mit Russland nicht nachzulassen, sondern ihre Kontakte und ihre Projekte in dieser dramatischen Lage wo immer m\u00f6glich zu verst\u00e4rken. Die Zukunft Europas, die Zukunft Russlands und die Zukunft der Ukraine geh\u00f6rt denen, die Frieden stiften.<\/p>\n<p>Hannover, 25. Februar 2022<br \/>\nMartin Weber<br \/>\nZeichen: 1.704<\/p>\n<p>&nbsp;<\/p>\n<p><em>Die aej vertritt als Dachorganisation die Interessen der Evangelischen Jugend in Deutschland auf Bundesebene. 33 Mitgliedsorganisationen und neun au\u00dferordentliche Mitglieder arbeiten hier zusammen. Unter dem Leitbild Orientierung an Christus \u2013 Vielfalt als Chance \u2013 Selbstbestimmung von Kindern und Jugendlichen pr\u00e4gt Evangelische Jugend den pers\u00f6nlichen Glauben an Gott, verwirklicht Gerechtigkeit zwischen Menschen, Geschlechtern und Generationen und zeigt Wege in eine Welt voller Vielfalt auf. Evangelische Jugend schafft R\u00e4ume f\u00fcr die Partizipation junger Menschen in Kirche, Politik und Gesellschaft und beteiligt sich an allen Entscheidungen, die junge Menschen betreffen.<\/em><\/p>\n","protected":false},"excerpt":{"rendered":"<p>Die Evangelische Jugend in Deutschland steht in ihrem Bekenntnis und ihrem Einsatz f\u00fcr den Frieden unverr\u00fcckbar an der Seite ihrer Partner in der Ukraine und Russland. Wir verurteilen den \u00dcberfall der russischen Streitkr\u00e4fte auf die Ukraine. Wladimir Putin weitet seinen 2014 in der Ostukraine lancierten Bruderkrieg nun mit offenem Visier auf das ganze Land aus [&hellip;]<\/p>\n","protected":false},"author":52,"featured_media":24706,"comment_status":"closed","ping_status":"open","sticky":false,"template":"","format":"standard","meta":{"_acf_changed":false,"inline_featured_image":false,"footnotes":""},"categories":[356,467],"tags":[358,100,83,102],"class_list":["post-24736","post","type-post","status-publish","format-standard","has-post-thumbnail","hentry","category-jugendpolitik","category-ukraine","tag-vcpolitisch","tag-aej","tag-internationales","tag-jugendpolitik"],"acf":[],"_links":{"self":[{"href":"https:\/\/vcp.de\/pfadfinden\/wp-json\/wp\/v2\/posts\/24736","targetHints":{"allow":["GET"]}}],"collection":[{"href":"https:\/\/vcp.de\/pfadfinden\/wp-json\/wp\/v2\/posts"}],"about":[{"href":"https:\/\/vcp.de\/pfadfinden\/wp-json\/wp\/v2\/types\/post"}],"author":[{"embeddable":true,"href":"https:\/\/vcp.de\/pfadfinden\/wp-json\/wp\/v2\/users\/52"}],"replies":[{"embeddable":true,"href":"https:\/\/vcp.de\/pfadfinden\/wp-json\/wp\/v2\/comments?post=24736"}],"version-history":[{"count":0,"href":"https:\/\/vcp.de\/pfadfinden\/wp-json\/wp\/v2\/posts\/24736\/revisions"}],"wp:featuredmedia":[{"embeddable":true,"href":"https:\/\/vcp.de\/pfadfinden\/wp-json\/wp\/v2\/media\/24706"}],"wp:attachment":[{"href":"https:\/\/vcp.de\/pfadfinden\/wp-json\/wp\/v2\/media?parent=24736"}],"wp:term":[{"taxonomy":"category","embeddable":true,"href":"https:\/\/vcp.de\/pfadfinden\/wp-json\/wp\/v2\/categories?post=24736"},{"taxonomy":"post_tag","embeddable":true,"href":"https:\/\/vcp.de\/pfadfinden\/wp-json\/wp\/v2\/tags?post=24736"}],"curies":[{"name":"wp","href":"https:\/\/api.w.org\/{rel}","templated":true}]}}