{"id":24442,"date":"2022-01-18T15:13:44","date_gmt":"2022-01-18T14:13:44","guid":{"rendered":"https:\/\/www.vcp.de\/pfadfinden\/?p=24442"},"modified":"2022-01-18T15:13:54","modified_gmt":"2022-01-18T14:13:54","slug":"world-thinking-day-2022-greta-thunberg","status":"publish","type":"post","link":"https:\/\/vcp.de\/pfadfinden\/allgemein\/world-thinking-day-2022-greta-thunberg\/","title":{"rendered":"World Thinking Day 2022 &#8211; Greta Thunberg"},"content":{"rendered":"<p><a href=\"https:\/\/www.vcp.de\/pfadfinden\/wp-content\/uploads\/2022\/01\/Greta-Thunberg.png\"><img loading=\"lazy\" decoding=\"async\" class=\" wp-image-24406 alignleft\" src=\"https:\/\/www.vcp.de\/pfadfinden\/wp-content\/uploads\/2022\/01\/Greta-Thunberg-300x300.png\" alt=\"\" width=\"217\" height=\"217\" srcset=\"https:\/\/vcp.de\/pfadfinden\/wp-content\/uploads\/2022\/01\/Greta-Thunberg-300x300.png 300w, https:\/\/vcp.de\/pfadfinden\/wp-content\/uploads\/2022\/01\/Greta-Thunberg-1024x1024.png 1024w, https:\/\/vcp.de\/pfadfinden\/wp-content\/uploads\/2022\/01\/Greta-Thunberg-150x150.png 150w, https:\/\/vcp.de\/pfadfinden\/wp-content\/uploads\/2022\/01\/Greta-Thunberg-768x768.png 768w, https:\/\/vcp.de\/pfadfinden\/wp-content\/uploads\/2022\/01\/Greta-Thunberg-1536x1536.png 1536w, https:\/\/vcp.de\/pfadfinden\/wp-content\/uploads\/2022\/01\/Greta-Thunberg-2048x2048.png 2048w, https:\/\/vcp.de\/pfadfinden\/wp-content\/uploads\/2022\/01\/Greta-Thunberg-45x45.png 45w\" sizes=\"auto, (max-width: 217px) 100vw, 217px\" \/><\/a>Greta Thunberg ist eine Schwedische Umweltaktivistin.<\/p>\n<p>In dem Alter von 15 begann sie mit einem Schild mit der Aufschrift \u201eSchulstreik f\u00fcr das Klima\u201c vor dem schwedischen Parlament zu protestieren.<\/p>\n<p>Greta sprach auf der Klimakonferenz der Vereinigten Nationen 2018 und 2019, und junge Menschen auf der ganzen Welt begannen daraufhin, w\u00f6chentlich zu protestieren.<\/p>\n<p>Sie gewann viele Auszeichnungen und wurde im Jahr 2019 in die Forbes-Liste der m\u00e4chtigsten Frauen der Welt aufgenommen. Au\u00dferdem wurde sie drei Jahre in Folge f\u00fcr den Friedensnobelpreis nominiert.<\/p>\n<p>&nbsp;<\/p>\n<p>Lasse dich von Greta&#8217;s Geschichte inspirieren und erfahre, wie sie Umweltver\u00e4nderungen bewirkt hat, und wie sie wichtige Themen im Kampf gegen den Klimawandel angegangen ist.<\/p>\n<p>Erkunde Umweltprobleme und verstehe, wie sich unser Handeln auf die Umwelt auswirkt. Reflektiere au\u00dferdem \u00fcber den Zusammenhang zwischen Gleichberechtigung und Klimawandel, und ergreife selbst Ma\u00dfnahmen zum Schutz der Umwelt!<\/p>\n<p>&nbsp;<\/p>\n<p>&nbsp;<\/p>\n","protected":false},"excerpt":{"rendered":"<p>Greta Thunberg ist eine Schwedische Umweltaktivistin. In dem Alter von 15 begann sie mit einem Schild mit der Aufschrift \u201eSchulstreik f\u00fcr das Klima\u201c vor dem schwedischen Parlament zu protestieren. Greta sprach auf der Klimakonferenz der Vereinigten Nationen 2018 und 2019, und junge Menschen auf der ganzen Welt begannen daraufhin, w\u00f6chentlich zu protestieren. Sie gewann viele [&hellip;]<\/p>\n","protected":false},"author":55,"featured_media":24406,"comment_status":"closed","ping_status":"open","sticky":false,"template":"","format":"standard","meta":{"_acf_changed":false,"inline_featured_image":false,"footnotes":""},"categories":[1],"tags":[],"class_list":["post-24442","post","type-post","status-publish","format-standard","has-post-thumbnail","hentry","category-allgemein"],"acf":[],"_links":{"self":[{"href":"https:\/\/vcp.de\/pfadfinden\/wp-json\/wp\/v2\/posts\/24442","targetHints":{"allow":["GET"]}}],"collection":[{"href":"https:\/\/vcp.de\/pfadfinden\/wp-json\/wp\/v2\/posts"}],"about":[{"href":"https:\/\/vcp.de\/pfadfinden\/wp-json\/wp\/v2\/types\/post"}],"author":[{"embeddable":true,"href":"https:\/\/vcp.de\/pfadfinden\/wp-json\/wp\/v2\/users\/55"}],"replies":[{"embeddable":true,"href":"https:\/\/vcp.de\/pfadfinden\/wp-json\/wp\/v2\/comments?post=24442"}],"version-history":[{"count":0,"href":"https:\/\/vcp.de\/pfadfinden\/wp-json\/wp\/v2\/posts\/24442\/revisions"}],"wp:featuredmedia":[{"embeddable":true,"href":"https:\/\/vcp.de\/pfadfinden\/wp-json\/wp\/v2\/media\/24406"}],"wp:attachment":[{"href":"https:\/\/vcp.de\/pfadfinden\/wp-json\/wp\/v2\/media?parent=24442"}],"wp:term":[{"taxonomy":"category","embeddable":true,"href":"https:\/\/vcp.de\/pfadfinden\/wp-json\/wp\/v2\/categories?post=24442"},{"taxonomy":"post_tag","embeddable":true,"href":"https:\/\/vcp.de\/pfadfinden\/wp-json\/wp\/v2\/tags?post=24442"}],"curies":[{"name":"wp","href":"https:\/\/api.w.org\/{rel}","templated":true}]}}