{"id":2429,"date":"2015-06-08T10:55:09","date_gmt":"2015-06-08T08:55:09","guid":{"rendered":"http:\/\/www.vcp.de\/pfadfinden\/?p=2429"},"modified":"2015-06-08T12:44:26","modified_gmt":"2015-06-08T10:44:26","slug":"fuer-jeden-menschen-gibt-es-einen-platz-auf-der-erde","status":"publish","type":"post","link":"https:\/\/vcp.de\/pfadfinden\/kirchentag2015\/fuer-jeden-menschen-gibt-es-einen-platz-auf-der-erde\/","title":{"rendered":"F\u00fcr jeden Menschen gibt es einen Platz auf der Erde"},"content":{"rendered":"<p>Zum gro\u00dfen Abschlussgottesdienst auf den Cannstatter Wasen kamen \u00fcber 95.000 Menschen zusammen. Pastorin Nora Steen predigte von Salomos Traum, dass er einen Wunsch von Gott erf\u00fcllt bekomme. Und Salomo w\u00fcnschte sich nicht Macht und Reichtum, sondern ein h\u00f6rendes Herz.<\/p>\n<p>Dies war das Bild, das f\u00fcr mehr Mitmenschlichkeit und f\u00fcr konkrete Fl\u00fcchtlingshilfe stand. Beides waren zentrale Themen des Gottesdienstes.<\/p>\n<h2>Klare Worte zu diskutierten Themen<\/h2>\n<p>Auch Kirchentagspr\u00e4sident Andreas Barner fand deutliche Worte zu einem dritten Thema, das auf diesem DEKT heftig diskutiert wurde: Gegen Liebe k\u00f6nnen wir Christen uns nicht stellen und bezog so klar Stellung zur Anerkennung gleichgeschlechtlicher Partnerschaften.<\/p>\n<p>Der 90min\u00fctige Gottesdienst wurde musikalisch opulent begleitet, allein 4000 Blasmusikerinnen und musiker unterst\u00fctzen den Chor auf der B\u00fchne. F\u00fcr VCPerinnen und VCPer gab es noch ein spezielles Highlight: Jule Lumma, Bundesvorsitzende war an dem Abschlussgottesdienst beteiligt. Sie erz\u00e4hlte, was wie sie zum Pfadfinden kam: Ich bin meiner alten Gruppenleiterin begegnet. Damals, vor 15 Jahren, hat eine Freundin mich mitgeschleppt zu den Pfadfindern. Und ich bin einfach geblieben, weil es sch\u00f6n war. Hier konnte ich meinen Glauben entdecken. Und jetzt kann ich mir ein Leben ohne nicht mehr vorstellen.<\/p>\n<p>Zum Ausklang des Gottesdienst sprach Jule noch eine F\u00fcrbitte: Gott, wir bitten dich um ein weises und verst\u00e4ndiges Herz. Zeig uns unsere Grenzen, damit wir klug werden. Zeig uns unsere Schw\u00e4chen, damit wir in unsere St\u00e4rke in dir suchen. Zeig uns unsere M\u00f6glichkeiten, damit uns der Mut packt.<\/p>\n<p>Lass uns mutiger bekennen, treuer beten, fr\u00f6hlicher glauben und brennender lieben.<\/p>\n<div id='gallery-1' class='gallery galleryid-2429 gallery-columns-3 gallery-size-thumbnail'><figure class='gallery-item'>\n\t\t\t<div class='gallery-icon landscape'>\n\t\t\t\t<a href='https:\/\/vcp.de\/pfadfinden\/wp-content\/uploads\/2015\/06\/DSC00093.jpg'><img loading=\"lazy\" decoding=\"async\" width=\"150\" height=\"150\" src=\"https:\/\/vcp.de\/pfadfinden\/wp-content\/uploads\/2015\/06\/DSC00093-150x150.jpg\" class=\"attachment-thumbnail size-thumbnail\" alt=\"\" \/><\/a>\n\t\t\t<\/div><\/figure><figure class='gallery-item'>\n\t\t\t<div class='gallery-icon landscape'>\n\t\t\t\t<a href='https:\/\/vcp.de\/pfadfinden\/wp-content\/uploads\/2015\/06\/DSC00094.jpg'><img loading=\"lazy\" decoding=\"async\" width=\"150\" height=\"150\" src=\"https:\/\/vcp.de\/pfadfinden\/wp-content\/uploads\/2015\/06\/DSC00094-150x150.jpg\" class=\"attachment-thumbnail size-thumbnail\" alt=\"\" \/><\/a>\n\t\t\t<\/div><\/figure><figure class='gallery-item'>\n\t\t\t<div class='gallery-icon landscape'>\n\t\t\t\t<a href='https:\/\/vcp.de\/pfadfinden\/wp-content\/uploads\/2015\/06\/DSC00130.jpg'><img loading=\"lazy\" decoding=\"async\" width=\"150\" height=\"150\" src=\"https:\/\/vcp.de\/pfadfinden\/wp-content\/uploads\/2015\/06\/DSC00130-150x150.jpg\" class=\"attachment-thumbnail size-thumbnail\" alt=\"\" \/><\/a>\n\t\t\t<\/div><\/figure>\n\t\t<\/div>\n\n<p><a href=\"http:\/\/www.zdf.de\/ZDFmediathek\/beitrag\/video\/2418836\/Schlussgottesdienst-zum-ev.-Kirchentag\" target=\"_blank\"><strong>ZDF Video-Beitrag<\/strong><\/a><\/p>\n","protected":false},"excerpt":{"rendered":"<p>Zum gro\u00dfen Abschlussgottesdienst auf den Cannstatter Wasen kamen \u00fcber 95.000 Menschen zusammen. Pastorin Nora Steen predigte von Salomos Traum, dass er einen Wunsch von Gott erf\u00fcllt bekomme. Und Salomo w\u00fcnschte sich nicht Macht und Reichtum, sondern ein h\u00f6rendes Herz. Dies war das Bild, das f\u00fcr mehr Mitmenschlichkeit und f\u00fcr konkrete Fl\u00fcchtlingshilfe stand. Beides waren zentrale [&hellip;]<\/p>\n","protected":false},"author":52,"featured_media":2433,"comment_status":"closed","ping_status":"open","sticky":false,"template":"","format":"standard","meta":{"_acf_changed":false,"inline_featured_image":false,"footnotes":""},"categories":[41],"tags":[],"class_list":["post-2429","post","type-post","status-publish","format-standard","has-post-thumbnail","hentry","category-kirchentag2015"],"acf":[],"_links":{"self":[{"href":"https:\/\/vcp.de\/pfadfinden\/wp-json\/wp\/v2\/posts\/2429","targetHints":{"allow":["GET"]}}],"collection":[{"href":"https:\/\/vcp.de\/pfadfinden\/wp-json\/wp\/v2\/posts"}],"about":[{"href":"https:\/\/vcp.de\/pfadfinden\/wp-json\/wp\/v2\/types\/post"}],"author":[{"embeddable":true,"href":"https:\/\/vcp.de\/pfadfinden\/wp-json\/wp\/v2\/users\/52"}],"replies":[{"embeddable":true,"href":"https:\/\/vcp.de\/pfadfinden\/wp-json\/wp\/v2\/comments?post=2429"}],"version-history":[{"count":0,"href":"https:\/\/vcp.de\/pfadfinden\/wp-json\/wp\/v2\/posts\/2429\/revisions"}],"wp:featuredmedia":[{"embeddable":true,"href":"https:\/\/vcp.de\/pfadfinden\/wp-json\/wp\/v2\/media\/2433"}],"wp:attachment":[{"href":"https:\/\/vcp.de\/pfadfinden\/wp-json\/wp\/v2\/media?parent=2429"}],"wp:term":[{"taxonomy":"category","embeddable":true,"href":"https:\/\/vcp.de\/pfadfinden\/wp-json\/wp\/v2\/categories?post=2429"},{"taxonomy":"post_tag","embeddable":true,"href":"https:\/\/vcp.de\/pfadfinden\/wp-json\/wp\/v2\/tags?post=2429"}],"curies":[{"name":"wp","href":"https:\/\/api.w.org\/{rel}","templated":true}]}}