{"id":24223,"date":"2021-12-20T07:36:11","date_gmt":"2021-12-20T06:36:11","guid":{"rendered":"https:\/\/www.vcp.de\/pfadfinden\/?p=24223"},"modified":"2021-12-20T15:11:41","modified_gmt":"2021-12-20T14:11:41","slug":"balduin-fuehlt-lila","status":"publish","type":"post","link":"https:\/\/vcp.de\/pfadfinden\/buchecke\/balduin-fuehlt-lila\/","title":{"rendered":"Balduin f\u00fchlt Lila"},"content":{"rendered":"<p><strong>Autorinnen:<\/strong> Fritzi Bendler, Tanja Seidler<br \/>\n<strong>Verlag:<\/strong> HENFRI Verlags GmbH Castrop-Rauxel<\/p>\n<p>In dem Buch kommt ein Frosch Namens Lila in die Klasse von Balduin. Die Klasse besteht ausschlie\u00dflich aus Cham\u00e4leonkindern, welche Lila zuerst nicht gut aufnehmen wollen, weil er anders aussieht als die anderen. Balduins Freunde Tim und Kalle finden Lila bl\u00f6d, seine Freundin Emilia jedoch nimmt Lila gut auf.<\/p>\n<p>Lila kommt aus dem Regenwald, in dem durch die Abholzung der B\u00e4ume die Teiche zugesch\u00fcttet und somit sein Lebensraum zerst\u00f6rt wurde. Als ein Gespr\u00e4ch in der Klasse \u00fcber Lilas Herkunft und Geschichte aufkommt, zeigen sich alle Cham\u00e4leonkinder einsichtig und betroffen, sie fangen an, Lila zu akzeptieren. Daraufhin beschlie\u00dfen sie, einen gemeinsamen Ausflug zu machen, w\u00e4hrend dem noch einmal nach Teamgeist gefragt wird.<\/p>\n<p>Das Buch dr\u00fcckt aus, dass jedes Lebewesen eine Geschichte mit sich bringt, und man niemanden aufgrund von Faktoren, wie dem Aussehen oder der Herkunft diskriminieren sollte.<\/p>\n<p>Diese Geschichte setzt auf Freundschaft und Zusammenhalt, auf Offenheit und Respekt jedem Individuum gegen\u00fcber. Es ist ein Buch, welches die Probleme, die in unserer heutigen Gesellschaft bestehen, sehr gut aufgreift und speziell f\u00fcr Kinder und junge Menschen anschaulich und verst\u00e4ndlich macht.<\/p>\n<p><img loading=\"lazy\" decoding=\"async\" class=\"alignleft size-full wp-image-1966\" src=\"https:\/\/www.vcp.de\/pfadfinden\/wp-content\/uploads\/2015\/03\/5eselohren.png\" alt=\"\" width=\"82\" height=\"20\" \/>5 von 5 Eselsohren vergibt Luisa Jung<\/p>\n","protected":false},"excerpt":{"rendered":"<p>Autorinnen: Fritzi Bendler, Tanja Seidler Verlag: HENFRI Verlags GmbH Castrop-Rauxel In dem Buch kommt ein Frosch Namens Lila in die Klasse von Balduin. Die Klasse besteht ausschlie\u00dflich aus Cham\u00e4leonkindern, welche Lila zuerst nicht gut aufnehmen wollen, weil er anders aussieht als die anderen. Balduins Freunde Tim und Kalle finden Lila bl\u00f6d, seine Freundin Emilia jedoch [&hellip;]<\/p>\n","protected":false},"author":52,"featured_media":24217,"comment_status":"closed","ping_status":"open","sticky":false,"template":"","format":"standard","meta":{"_acf_changed":false,"inline_featured_image":false,"footnotes":""},"categories":[419,48],"tags":[464,245],"class_list":["post-24223","post","type-post","status-publish","format-standard","has-post-thumbnail","hentry","category-auf-neuem-pfad","category-buchecke","tag-anp2104","tag-dies-und-das"],"acf":[],"_links":{"self":[{"href":"https:\/\/vcp.de\/pfadfinden\/wp-json\/wp\/v2\/posts\/24223","targetHints":{"allow":["GET"]}}],"collection":[{"href":"https:\/\/vcp.de\/pfadfinden\/wp-json\/wp\/v2\/posts"}],"about":[{"href":"https:\/\/vcp.de\/pfadfinden\/wp-json\/wp\/v2\/types\/post"}],"author":[{"embeddable":true,"href":"https:\/\/vcp.de\/pfadfinden\/wp-json\/wp\/v2\/users\/52"}],"replies":[{"embeddable":true,"href":"https:\/\/vcp.de\/pfadfinden\/wp-json\/wp\/v2\/comments?post=24223"}],"version-history":[{"count":0,"href":"https:\/\/vcp.de\/pfadfinden\/wp-json\/wp\/v2\/posts\/24223\/revisions"}],"wp:featuredmedia":[{"embeddable":true,"href":"https:\/\/vcp.de\/pfadfinden\/wp-json\/wp\/v2\/media\/24217"}],"wp:attachment":[{"href":"https:\/\/vcp.de\/pfadfinden\/wp-json\/wp\/v2\/media?parent=24223"}],"wp:term":[{"taxonomy":"category","embeddable":true,"href":"https:\/\/vcp.de\/pfadfinden\/wp-json\/wp\/v2\/categories?post=24223"},{"taxonomy":"post_tag","embeddable":true,"href":"https:\/\/vcp.de\/pfadfinden\/wp-json\/wp\/v2\/tags?post=24223"}],"curies":[{"name":"wp","href":"https:\/\/api.w.org\/{rel}","templated":true}]}}