{"id":24164,"date":"2021-12-20T07:27:16","date_gmt":"2021-12-20T06:27:16","guid":{"rendered":"https:\/\/www.vcp.de\/pfadfinden\/?p=24164"},"modified":"2021-12-22T14:45:49","modified_gmt":"2021-12-22T13:45:49","slug":"verband-warum-eigentlich","status":"publish","type":"post","link":"https:\/\/vcp.de\/pfadfinden\/auf-neuem-pfad\/verband-warum-eigentlich\/","title":{"rendered":"Verband? Warum eigentlich?"},"content":{"rendered":"<p><em>von Natascha Sonnenberg, Neals Nowitzki und Oliver J. Mahn<\/em><\/p>\n<p>Wir sind der Verband Christlicher Pfadfinderinnen und Pfadfinder. Oft besch\u00e4ftigen wir uns mit der Frage, was uns \u201echristlich\u201c macht oder was uns als Pfadfinder*innen eint. Hier soll nun das erste Wort unseres Namens in den Fokus genommen werden.<\/p>\n<p>Ein Verband \u2013 ganz allgemein \u2013 ist ein freiwilliger Zusammenschluss von Mitgliedern, zum Beispiel einzelner Vereine, die gemeinsam gleiche Interessen und Ziele verfolgen. Als Verband wird in der Regel ein Verein bezeichnet, dessen Mitglieder ausschlie\u00dflich oder zumindest weit \u00fcberwiegend juristische \u2013 also keine nat\u00fcrlichen \u2013 Personen sind. Abseits dieser eher juristischen Definition m\u00f6chten wir hier beschreiben, warum es gut ist, dass wir ein Verband sind <sup><a id=\"anker1\" title=\"zur Erl\u00e4uterung\" href=\"#fn1\">[1]<\/a><\/sup> und<br \/>\nwas eigentlich du vor Ort davon hast:<\/p>\n<h3>Gemeinsame Haltung<\/h3>\n<p>Der Verband gibt uns allen eine Identit\u00e4t, in Form von einer Haltung mit Werten und Traditionen, denen du dich zugeh\u00f6rig f\u00fchlen kannst. Durch den bundesweiten Zusammenschluss entsteht eine Gemeinschaft, die \u00fcber deinen eigenen Ort\/Stamm hinausgeht. Durch das Kennenlernen anderer in der Gemeinschaft wirst du dir durch die Unterschiede im Detail vielleicht eurer eigenen Traditionen bewusster und lernst andere Perspektiven kennen. Die Erweiterung des eigenen Horizonts ist ein grundlegendes Element des Pfadfindens. Der VCP erm\u00f6glicht dir dieses im gesch\u00fctzten Rahmen. Solltest du mal den Wohnort wechseln, hast du die M\u00f6glichkeit auch woanders Anschluss finden zu k\u00f6nnen und wirst doch direkt viele bekannte Werte wiedererkennen. Gemeinsame Schulungs- und Qualit\u00e4tsstandards Durch die Landes- und Bundesebene werden Schulung und Qualit\u00e4tsstandards gesetzt, die dir und auch den Eltern vor Ort Sicherheit geben und Vertrauen f\u00f6rdern. Dazu geh\u00f6rt eine sehr gute Ausbildung f\u00fcr Gruppenleitungen, die den Schutz der Kinder und Jugendlichen in den Mittelpunkt stellt. Dazu geh\u00f6rt aber auch das permanente Hinterfragen von Traditionen und ob diese noch zeitgem\u00e4\u00df sind, zum Beispiel die Texte der Lieder, die wir singen.<\/p>\n<h3>Klarheit nach Au\u00dfen<\/h3>\n<p>Eltern, deren Kinder neu auf den VCP treffen, sehen, dass die Werte der einzelnen Gruppen vor Ort nicht nur durch die dort handelnden Personen geschaffen werden, sondern dass dahinter mehr steckt. Dadurch kann eine Unterwanderung besser abgesichert werden. In der gro\u00dfen Informationsflut heutzutage kann es f\u00fcr Eltern, aber auch Kinder und Jugendliche sehr schwer sein, herauszufinden, welcher Verein wirklich die eigenen Werte unterst\u00fctzt und nicht zum Beispiel verl\u00e4ngerter Arm einer Sekte oder extremistischen Gesinnung ist.<\/p>\n<h3>\u00d6ffentlichkeitswirksamkeit<\/h3>\n<p>Hierf\u00fcr ist eine gute \u00d6ffentlichkeitsarbeit, aber auch ein hoher Bekanntheitsgrad in den jugendpolitischen Gremien hilfreich. Brauchst du oder braucht deine Gruppe zum Beispiel Unterst\u00fctzung durch eure Stadt, hilft euch der Hinweis auf die jugendpolitische Anerkennung sicher weiter. Wollt ihr f\u00fcr ein Zeltlager die Wiese oder die Toilette von jemandem nutzen, weckt die Zugeh\u00f6rigkeit zu einem anerkannten Verband auch dort Vertrauen.<\/p>\n<h3>Starke Stimme f\u00fcr junge Menschen<\/h3>\n<p>Als Verband k\u00f6nnen wir mit einer starken Stimme die Interessen der Kinder- und Jugendarbeit in der Politik auf unterschiedlichen Ebenen vertreten. Dazu nutzen wir auch unsere Mitgliedschaften zum Beispiel im DBJR (Deutscher Bundesjugendring) und der aej (Arbeitsgemeinschaft der Evangelischen Jugend in Deutschland e. V.). Dies hat uns in diesem Jahr beispielsweise zu Corona-F\u00f6rdermitteln des Bundes f\u00fcr Kinder- und Jugendarbeit verholfen.<\/p>\n<h3>Weltverb\u00e4nde<\/h3>\n<p>Durch den Verband sind wir auch Teil der beiden Weltverb\u00e4nde WOSM und WAGGGS. Diese erm\u00f6glichen nicht nur die Unterst\u00fctzung zu internationalen Begegnungen, sondern bereichern unseren Verband auch durch Schulungsmaterialien und Trainings, die dort konzipiert werden und zum Beispiel \u00fcber den Stammesversand weitergegeben werden oder \u00fcber die du in unseren Social Media-Accounts oder im Blog lesen kannst.<\/p>\n<h3>Geb\u00fcndelte Kompetenzen<\/h3>\n<p>Durch die Materialien, die dir seitens der Bundes-, Landes oder auch Bezirks-\/Gau-ebenen zur Verf\u00fcgung gestellt werden, muss nicht jede*r das Rad neu erfinden und sich immer wieder selbst Gruppenstundenideen ausdenken. Auch sichert es dich ab, dass du nicht ganz unbewusst Fehler machst. Durch die Anmeldung auf Bundesebene wird zum Beispiel sichergestellt, dass alle datenschutz-, f\u00f6rder- und steuerrechtlichen Vorgaben eingehalten werden.<\/p>\n<h3>Gegenseitige Unterst\u00fctzung<\/h3>\n<p>Sollte es euch vor Ort mal schlecht gehen, so k\u00f6nnt ihr bei euren \u201eNachbar\u201c-St\u00e4mmen, im Bezirk\/Gau, im Land oder auf Bundesebene Unterst\u00fctzung finden. Derzeit unterst\u00fctzen zum Beispiel Pfadis aus VCP-Nachbar-L\u00e4ndern, der Bundesleitung und der Bundeszentrale die engagierten St\u00e4mme vor Ort dabei, wieder eine gute Landesebene im Land Mecklenburg-Vorpommern herzustellen.<\/p>\n<h3>Demokratie lernen und leben<\/h3>\n<p>Nicht zuletzt erm\u00f6glichen die Strukturen unseres Verbandes, Demokratie zu erleben und zu lernen. Schon in jungen Jahren bis \u00fcber alle Altersstufen und Ebenen lernen wir hier, dass gemeinsames Handeln und Verantwortungs\u00fcbernahme, zum Beispiel durch die \u00dcbernahme von \u00c4mtern und Aufgaben, die Realisierung unserer Ziele erm\u00f6glicht. Als Verband bilden wir daher eine gro\u00dfartige Spielwiese f\u00fcr gelebte Demokratie auf all unseren Ebenen. Diese ben\u00f6tigt stets einen gemeinsamen Dialog, f\u00f6rdert und fordert uns aber auch. Selbst wenn dies manchmal bedeutet, dass man zur\u00fcckstecken muss. Viele dieser gro\u00dfartigen Vorteile von uns als Verband sind vor Ort vielleicht oftmals nicht direkt ersichtlich. Daher hat dieser Beitrag dir hoffentlich geholfen, Dir diese Vorteile einmal bewusst zu machen.<\/p>\n<p>Du hast Fragen oder Anregungen?<br \/>\nMelde dich bei<br \/>\n<a href=\"mailto:natascha.sonnenberg@vcp.de\">natascha.sonnenberg@vcp.de<\/a><\/p>\n<ul>\n<li><a href=\"#anker1\">[1]<\/a> Quelle:<a href=\"https:\/\/www.dahag.de\/c\/news\/verein-oder-verband-was-ist-foerderungsfaehig-924\" target=\"_blank\" rel=\"noopener\">https:\/\/www.dahag.de\/c\/news\/verein-oder-verband-was-ist-foerderungsfaehig-924<\/a><a hre<f=\"https:\/\/www.vcp.de\/pfadfinden\/verband-warum-eigentlich#fn1\">[1]<\/a><\/li>\n<\/ul>\n<figure id=\"attachment_23844\" aria-describedby=\"caption-attachment-23844\" style=\"width: 300px\" class=\"wp-caption aligncenter\"><img loading=\"lazy\" decoding=\"async\" class=\"size-medium wp-image-23844\" src=\"https:\/\/www.vcp.de\/pfadfinden\/wp-content\/uploads\/2021\/11\/Stanislav-e1636037155966-300x212.jpg\" alt=\"\" width=\"300\" height=\"212\" srcset=\"https:\/\/vcp.de\/pfadfinden\/wp-content\/uploads\/2021\/11\/Stanislav-e1636037155966-300x212.jpg 300w, https:\/\/vcp.de\/pfadfinden\/wp-content\/uploads\/2021\/11\/Stanislav-e1636037155966-1024x724.jpg 1024w, https:\/\/vcp.de\/pfadfinden\/wp-content\/uploads\/2021\/11\/Stanislav-e1636037155966-768x543.jpg 768w, https:\/\/vcp.de\/pfadfinden\/wp-content\/uploads\/2021\/11\/Stanislav-e1636037155966.jpg 1169w\" sizes=\"auto, (max-width: 300px) 100vw, 300px\" \/><figcaption id=\"caption-attachment-23844\" class=\"wp-caption-text\">Stanislav 10 Jahre<\/figcaption><\/figure>\n","protected":false},"excerpt":{"rendered":"<p>von Natascha Sonnenberg, Neals Nowitzki und Oliver J. Mahn Wir sind der Verband Christlicher Pfadfinderinnen und Pfadfinder. Oft besch\u00e4ftigen wir uns mit der Frage, was uns \u201echristlich\u201c macht oder was uns als Pfadfinder*innen eint. Hier soll nun das erste Wort unseres Namens in den Fokus genommen werden. Ein Verband \u2013 ganz allgemein \u2013 ist ein [&hellip;]<\/p>\n","protected":false},"author":52,"featured_media":24165,"comment_status":"closed","ping_status":"open","sticky":false,"template":"","format":"standard","meta":{"_acf_changed":false,"inline_featured_image":false,"footnotes":""},"categories":[419],"tags":[465,229],"class_list":["post-24164","post","type-post","status-publish","format-standard","has-post-thumbnail","hentry","category-auf-neuem-pfad","tag-an2104","tag-ankommen"],"acf":[],"_links":{"self":[{"href":"https:\/\/vcp.de\/pfadfinden\/wp-json\/wp\/v2\/posts\/24164","targetHints":{"allow":["GET"]}}],"collection":[{"href":"https:\/\/vcp.de\/pfadfinden\/wp-json\/wp\/v2\/posts"}],"about":[{"href":"https:\/\/vcp.de\/pfadfinden\/wp-json\/wp\/v2\/types\/post"}],"author":[{"embeddable":true,"href":"https:\/\/vcp.de\/pfadfinden\/wp-json\/wp\/v2\/users\/52"}],"replies":[{"embeddable":true,"href":"https:\/\/vcp.de\/pfadfinden\/wp-json\/wp\/v2\/comments?post=24164"}],"version-history":[{"count":0,"href":"https:\/\/vcp.de\/pfadfinden\/wp-json\/wp\/v2\/posts\/24164\/revisions"}],"wp:featuredmedia":[{"embeddable":true,"href":"https:\/\/vcp.de\/pfadfinden\/wp-json\/wp\/v2\/media\/24165"}],"wp:attachment":[{"href":"https:\/\/vcp.de\/pfadfinden\/wp-json\/wp\/v2\/media?parent=24164"}],"wp:term":[{"taxonomy":"category","embeddable":true,"href":"https:\/\/vcp.de\/pfadfinden\/wp-json\/wp\/v2\/categories?post=24164"},{"taxonomy":"post_tag","embeddable":true,"href":"https:\/\/vcp.de\/pfadfinden\/wp-json\/wp\/v2\/tags?post=24164"}],"curies":[{"name":"wp","href":"https:\/\/api.w.org\/{rel}","templated":true}]}}