{"id":2407,"date":"2015-06-06T14:31:54","date_gmt":"2015-06-06T12:31:54","guid":{"rendered":"http:\/\/www.vcp.de\/pfadfinden\/?p=2407"},"modified":"2015-06-06T15:13:26","modified_gmt":"2015-06-06T13:13:26","slug":"so-schoen-und-mit-echtem-rasen-der-vcp-stand","status":"publish","type":"post","link":"https:\/\/vcp.de\/pfadfinden\/kirchentag2015\/so-schoen-und-mit-echtem-rasen-der-vcp-stand\/","title":{"rendered":"So sch\u00f6n und mit echtem Rasen: der VCP-Stand"},"content":{"rendered":"<h2>Wer die Halle 6 betritt, kann eigentlich nicht daran vorbeilaufen<\/h2>\n<p><a href=\"https:\/\/www.vcp.de\/pfadfinden\/wp-content\/uploads\/2015\/06\/18296976019_ef921c9dbd_z.jpg\"><img loading=\"lazy\" decoding=\"async\" class=\"aligncenter wp-image-2409 size-medium\" src=\"https:\/\/www.vcp.de\/pfadfinden\/wp-content\/uploads\/2015\/06\/18296976019_ef921c9dbd_z-300x200.jpg\" alt=\"18296976019_ef921c9dbd_z\" width=\"300\" height=\"200\" srcset=\"https:\/\/vcp.de\/pfadfinden\/wp-content\/uploads\/2015\/06\/18296976019_ef921c9dbd_z-300x200.jpg 300w, https:\/\/vcp.de\/pfadfinden\/wp-content\/uploads\/2015\/06\/18296976019_ef921c9dbd_z.jpg 640w\" sizes=\"auto, (max-width: 300px) 100vw, 300px\" \/><\/a><\/p>\n<p>Der VCP-Stand auf dem Markt der M\u00f6glichkeiten ist ein echter Blickfang. Mit einer richtigen Zeltlandschaft und einem frischen gr\u00fcnen Rasen, der f\u00f6rmlich dazu einl\u00e4dt, die Schuhe auszuziehen und barfu\u00df darauf zu laufen\u2026<\/p>\n<p>Das machen wir jetzt doch lieber nicht, aber nat\u00fcrlich nehmen wir gerne dort Platz, denn im Trubel des kochendhei\u00dfen Kirchentages verspricht der VCP-Stand eine echte Erholung. Das liegt aber nicht nur an dem sch\u00f6nen Stand, sondern auch an den netten Menschen, die dort stehen. Sie nehmen alle in Empfang und informieren \u00fcber Pfadfinden im Allgemeinen und den VCP im Besonderen.<\/p>\n<p>Kinder und Jugendliche, die Pfadis werden wollen, erhalten die Kontaktadressen der jeweiligen Landesb\u00fcros. \u201eUnd die, die erz\u00e4hlen, dass sie schon mal Pfadfinder waren, die schicken wir gleich zur Stiftung her\u00fcber\u201c erz\u00e4hlt <strong>Svante<\/strong>, 24 aus Kiel. Auf dem VCP-Stand pr\u00e4sentiert sich auch die Evangelische Stiftung Pfadfinden. Svante studiert im normalen Leben Physik und Wirtschaftspolitik auf Lehramt. Am VCP-Stand arbeitet er das erste Mal. Vorher war er schon als Helfer auf dem Kirchentag aktiv, aber die Arbeit am Stand gef\u00e4llt ihm gut. \u201eEs gibt ein bisschen mehr Freizeit. Und den VCP zu repr\u00e4sentieren, das kommt mir schon sinnvoller vor\u2026 als manch anderer Helferjob.\u201c<\/p>\n<p><strong>Birthe Br\u00f6der<\/strong> , 21 ist dagegen schon fast ein alter Hase, zumindest was den VCP-Stand angeht. Dort arbeitet sie schon das vierte Mal. \u201eAuf dem DEKT in Bremen 2009 haben wir das erste Mal den Stand betreut, J\u00f6rn Diederich hatte uns damals angesprochen, ob wir das machen wollen. Mir macht es Spa\u00df und ein bisschen ist es auch schon Gewohnheit. Aber diesmal war das Stand aufbauen ziemlich aufw\u00e4ndig. Aber das geh\u00f6rt ja auch dazu.\u201c<\/p>\n<h2>Was ist denn das Besondere am VCP-Stand? Oder besser: daran, den VCP zu repr\u00e4sentieren?<\/h2>\n<p><strong>Birthe:<\/strong> \u201eDer Austausch mit den Leuten macht einfach Spa\u00df. Was sie so \u00fcbers Pfadfinden denken, welche Erfahrungen mit Pfadfinden sie gemacht haben. Es ist einfach interessant, das zu h\u00f6ren.\u201c Die Frage, ob es denn schon mal unerfreuliche Begegnungen oder unfreundliche Fragen gab, k\u00f6nnen beide verneinen. \u201eDie gab es noch nicht.\u201c<\/p>\n<figure id=\"attachment_2415\" aria-describedby=\"caption-attachment-2415\" style=\"width: 300px\" class=\"wp-caption aligncenter\"><a href=\"https:\/\/www.vcp.de\/pfadfinden\/wp-content\/uploads\/2015\/06\/Birte_und_Svantje.jpg\"><img loading=\"lazy\" decoding=\"async\" class=\"wp-image-2415 size-medium\" src=\"https:\/\/www.vcp.de\/pfadfinden\/wp-content\/uploads\/2015\/06\/Birte_und_Svantje-300x225.jpg\" alt=\"Birte_und_Svantje\" width=\"300\" height=\"225\" srcset=\"https:\/\/vcp.de\/pfadfinden\/wp-content\/uploads\/2015\/06\/Birte_und_Svantje-300x225.jpg 300w, https:\/\/vcp.de\/pfadfinden\/wp-content\/uploads\/2015\/06\/Birte_und_Svantje-1024x768.jpg 1024w, https:\/\/vcp.de\/pfadfinden\/wp-content\/uploads\/2015\/06\/Birte_und_Svantje.jpg 1280w\" sizes=\"auto, (max-width: 300px) 100vw, 300px\" \/><\/a><figcaption id=\"caption-attachment-2415\" class=\"wp-caption-text\">Birthe und Svante<\/figcaption><\/figure>\n<p>[flickree photoset_id=&#8220;72157653984968206&#8243; type=&#8220;photoset&#8220; template=&#8220;caption&#8220;]<\/p>\n","protected":false},"excerpt":{"rendered":"<p>Wer die Halle 6 betritt, kann eigentlich nicht daran vorbeilaufen Der VCP-Stand auf dem Markt der M\u00f6glichkeiten ist ein echter Blickfang. Mit einer richtigen Zeltlandschaft und einem frischen gr\u00fcnen Rasen, der f\u00f6rmlich dazu einl\u00e4dt, die Schuhe auszuziehen und barfu\u00df darauf zu laufen\u2026 Das machen wir jetzt doch lieber nicht, aber nat\u00fcrlich nehmen wir gerne dort [&hellip;]<\/p>\n","protected":false},"author":52,"featured_media":2409,"comment_status":"closed","ping_status":"open","sticky":false,"template":"","format":"standard","meta":{"_acf_changed":false,"inline_featured_image":false,"footnotes":""},"categories":[41],"tags":[],"class_list":["post-2407","post","type-post","status-publish","format-standard","has-post-thumbnail","hentry","category-kirchentag2015"],"acf":[],"_links":{"self":[{"href":"https:\/\/vcp.de\/pfadfinden\/wp-json\/wp\/v2\/posts\/2407","targetHints":{"allow":["GET"]}}],"collection":[{"href":"https:\/\/vcp.de\/pfadfinden\/wp-json\/wp\/v2\/posts"}],"about":[{"href":"https:\/\/vcp.de\/pfadfinden\/wp-json\/wp\/v2\/types\/post"}],"author":[{"embeddable":true,"href":"https:\/\/vcp.de\/pfadfinden\/wp-json\/wp\/v2\/users\/52"}],"replies":[{"embeddable":true,"href":"https:\/\/vcp.de\/pfadfinden\/wp-json\/wp\/v2\/comments?post=2407"}],"version-history":[{"count":0,"href":"https:\/\/vcp.de\/pfadfinden\/wp-json\/wp\/v2\/posts\/2407\/revisions"}],"wp:featuredmedia":[{"embeddable":true,"href":"https:\/\/vcp.de\/pfadfinden\/wp-json\/wp\/v2\/media\/2409"}],"wp:attachment":[{"href":"https:\/\/vcp.de\/pfadfinden\/wp-json\/wp\/v2\/media?parent=2407"}],"wp:term":[{"taxonomy":"category","embeddable":true,"href":"https:\/\/vcp.de\/pfadfinden\/wp-json\/wp\/v2\/categories?post=2407"},{"taxonomy":"post_tag","embeddable":true,"href":"https:\/\/vcp.de\/pfadfinden\/wp-json\/wp\/v2\/tags?post=2407"}],"curies":[{"name":"wp","href":"https:\/\/api.w.org\/{rel}","templated":true}]}}