{"id":24010,"date":"2021-12-12T00:15:49","date_gmt":"2021-12-11T23:15:49","guid":{"rendered":"https:\/\/www.vcp.de\/pfadfinden\/?p=24010"},"modified":"2021-12-11T18:22:50","modified_gmt":"2021-12-11T17:22:50","slug":"3-adventsimpuls-danke","status":"publish","type":"post","link":"https:\/\/vcp.de\/pfadfinden\/allgemein\/3-adventsimpuls-danke\/","title":{"rendered":"3. Adventsimpuls: DANKE"},"content":{"rendered":"<p><em>von Luisa Jung und Stefan Aderhold<\/em><\/p>\n<p>Ohne meine Freunde und Familie st\u00fcnde ich nicht da, wo ich heute stehe. Ein Gedanke, der f\u00fcr mich so selbstverst\u00e4ndlich geworden ist wie kaum einer. Und doch denke ich ihn viel zu selten. Ohne all die vielen ermutigenden Begegnungen in meinem Leben, all die aufmunternden Worte, all die Ratschl\u00e4ge, all die helfenden H\u00e4nde und offenen Ohren w\u00e4re ich heute vermutlich an einem dunkleren Ort. Manche von diesen Menschen sind mir bis heute geblieben, bei anderen haben sich die Wege schon vor vielen Jahren getrennt. Aber in jedem Fall bin ich ihnen auch heute immer noch dankbar daf\u00fcr, was sie f\u00fcr mich getan haben. Was ist dein momentaner Ort im Leben? Und wof\u00fcr bist du besonders dankbar, wenn du zur\u00fcckdenkst?<br \/>\nBeim Beschenken an Weihnachten erinnern wir an das der Welt \u201egeschenkte\u201c Kind in der Krippe. Mit diesem Kind ist uns auch ein neues Bewusstsein f\u00fcreinander gegeben worden, denn im Neuen Testament steht die tatkr\u00e4ftige Liebe im Mittelpunkt allen gemeinschaftlichen Lebens. Gegenseitige Unterst\u00fctzung und Dankbarkeit verbindet uns.<\/p>\n<p>Im Kolosserbrief hei\u00dft es beispielsweise:<br \/>\n<em>\u201e\u00dcber alles aber zieht an die Liebe, die da ist das Band der Vollkommenheit. Und der Friede Christi, zu dem ihr berufen seid in einem Leibe, regiere in euren Herzen; und seid dankbar.\u201c<\/em> (Kol 3,14f.)<\/p>\n<p>Wir werden durch Liebe f\u00fcreinander gest\u00e4rkt; sie ist zum Teilen da. Deshalb haben wir dieses Mal auch eine kleine Wochenaufgabe f\u00fcr euch: Wenn ihr an jemanden oder etwas denkt, wof\u00fcr ihr dankbar seid, teilt eure Dankbarkeit mit! Schreibt der Person, an die ihr denkt oder sprecht mit ihr. Vielleicht ber\u00fchrt ihr damit eine Person, die ihre R\u00fchrung auch selbst weitergeben m\u00f6chte. So sto\u00dft ihr schon im Kleinen an, was wie ein Selbstl\u00e4ufer gro\u00dfe Kreise ziehen kann. So wie in dem bekannten Lied: Ins Wasser f\u00e4llt ein Stein.<\/p>\n<p><strong>Dankbarkeit ausdr\u00fccken- eine Anregung<\/strong><br \/>\nLassen wir das Jahr Revue passieren, dann fragen wir uns meistens, was war gut f\u00fcr mich und was eher schlecht? Was m\u00f6chte ich im n\u00e4chsten Jahr anders machen? \u2013 diese Fragen sollten wir uns selbst beantworten.<br \/>\nJedoch sollten wir uns auch die Frage stellen, wer zu unseren positiven Ereignissen im letzten Jahr beigetragen hat und wem wir abschlie\u00dfend zu diesem Jahr noch einmal Danke sagen m\u00f6chten. Wer war Dir im letzten Jahr eine St\u00fctze? Wer hat Dir zu positiven Gef\u00fchlen verholfen?<\/p>\n<p>Wir k\u00f6nnen uns auf verschieden Wegen bedanken, zum Beispiel mit einer Dankeskarte oder mit einer Dankesblume- beides zusammen ist auch m\u00f6glich:<\/p>\n<p><strong>Dankeskarte<\/strong><br \/>\nDiese k\u00f6nnt ihr euch ganz einfach aus einem dickeren Papier basteln oder ihr besorgt euch eine Karte im Gesch\u00e4ft. Hier k\u00f6nnt ihr euch dann euren individuellen Text \u00fcberlegen.<\/p>\n<p><strong>Dankesblume<\/strong><br \/>\nAls erstes sucht Ihr euch ein Papier mit der Farbe eurer Wahl aus (vielleicht die Lieblingsfarbe der Person, der ihr die Blume schenken m\u00f6chtet). Auf das Papier zeichnet ihr mit Bleistift die Umrandung einer Blume. Diese Schneidet ihr jetzt aus und beschriftet sie nach euren Vorstellungen, zusammenfalten und ab in die davor geschriebene Dankeskarte.<\/p>\n<div id='gallery-1' class='gallery galleryid-24010 gallery-columns-3 gallery-size-thumbnail'><figure class='gallery-item'>\n\t\t\t<div class='gallery-icon landscape'>\n\t\t\t\t<a href='https:\/\/vcp.de\/pfadfinden\/allgemein\/3-adventsimpuls-danke\/attachment\/blume1\/'><img loading=\"lazy\" decoding=\"async\" width=\"150\" height=\"150\" src=\"https:\/\/vcp.de\/pfadfinden\/wp-content\/uploads\/2021\/12\/Blume1-150x150.jpg\" class=\"attachment-thumbnail size-thumbnail\" alt=\"\" srcset=\"https:\/\/vcp.de\/pfadfinden\/wp-content\/uploads\/2021\/12\/Blume1-150x150.jpg 150w, https:\/\/vcp.de\/pfadfinden\/wp-content\/uploads\/2021\/12\/Blume1-45x45.jpg 45w\" sizes=\"auto, (max-width: 150px) 100vw, 150px\" \/><\/a>\n\t\t\t<\/div><\/figure><figure class='gallery-item'>\n\t\t\t<div class='gallery-icon landscape'>\n\t\t\t\t<a href='https:\/\/vcp.de\/pfadfinden\/allgemein\/3-adventsimpuls-danke\/attachment\/blume2\/'><img loading=\"lazy\" decoding=\"async\" width=\"150\" height=\"150\" src=\"https:\/\/vcp.de\/pfadfinden\/wp-content\/uploads\/2021\/12\/Blume2-150x150.jpg\" class=\"attachment-thumbnail size-thumbnail\" alt=\"\" srcset=\"https:\/\/vcp.de\/pfadfinden\/wp-content\/uploads\/2021\/12\/Blume2-150x150.jpg 150w, https:\/\/vcp.de\/pfadfinden\/wp-content\/uploads\/2021\/12\/Blume2-45x45.jpg 45w\" sizes=\"auto, (max-width: 150px) 100vw, 150px\" \/><\/a>\n\t\t\t<\/div><\/figure>\n\t\t<\/div>\n\n<p>&nbsp;<\/p>\n","protected":false},"excerpt":{"rendered":"<p>von Luisa Jung und Stefan Aderhold Ohne meine Freunde und Familie st\u00fcnde ich nicht da, wo ich heute stehe. Ein Gedanke, der f\u00fcr mich so selbstverst\u00e4ndlich geworden ist wie kaum einer. Und doch denke ich ihn viel zu selten. Ohne all die vielen ermutigenden Begegnungen in meinem Leben, all die aufmunternden Worte, all die Ratschl\u00e4ge, [&hellip;]<\/p>\n","protected":false},"author":52,"featured_media":24016,"comment_status":"closed","ping_status":"open","sticky":false,"template":"","format":"standard","meta":{"_acf_changed":false,"inline_featured_image":false,"footnotes":""},"categories":[1],"tags":[],"class_list":["post-24010","post","type-post","status-publish","format-standard","has-post-thumbnail","hentry","category-allgemein"],"acf":[],"_links":{"self":[{"href":"https:\/\/vcp.de\/pfadfinden\/wp-json\/wp\/v2\/posts\/24010","targetHints":{"allow":["GET"]}}],"collection":[{"href":"https:\/\/vcp.de\/pfadfinden\/wp-json\/wp\/v2\/posts"}],"about":[{"href":"https:\/\/vcp.de\/pfadfinden\/wp-json\/wp\/v2\/types\/post"}],"author":[{"embeddable":true,"href":"https:\/\/vcp.de\/pfadfinden\/wp-json\/wp\/v2\/users\/52"}],"replies":[{"embeddable":true,"href":"https:\/\/vcp.de\/pfadfinden\/wp-json\/wp\/v2\/comments?post=24010"}],"version-history":[{"count":0,"href":"https:\/\/vcp.de\/pfadfinden\/wp-json\/wp\/v2\/posts\/24010\/revisions"}],"wp:featuredmedia":[{"embeddable":true,"href":"https:\/\/vcp.de\/pfadfinden\/wp-json\/wp\/v2\/media\/24016"}],"wp:attachment":[{"href":"https:\/\/vcp.de\/pfadfinden\/wp-json\/wp\/v2\/media?parent=24010"}],"wp:term":[{"taxonomy":"category","embeddable":true,"href":"https:\/\/vcp.de\/pfadfinden\/wp-json\/wp\/v2\/categories?post=24010"},{"taxonomy":"post_tag","embeddable":true,"href":"https:\/\/vcp.de\/pfadfinden\/wp-json\/wp\/v2\/tags?post=24010"}],"curies":[{"name":"wp","href":"https:\/\/api.w.org\/{rel}","templated":true}]}}