{"id":24000,"date":"2021-12-09T12:56:42","date_gmt":"2021-12-09T11:56:42","guid":{"rendered":"https:\/\/www.vcp.de\/pfadfinden\/?p=24000"},"modified":"2021-12-09T19:11:59","modified_gmt":"2021-12-09T18:11:59","slug":"friedenslicht-ein-licht-das-alle-verbindet-abholstation-in-der-vcp-bundeszentrale-in-kassel","status":"publish","type":"post","link":"https:\/\/vcp.de\/pfadfinden\/friedenslicht\/friedenslicht-ein-licht-das-alle-verbindet-abholstation-in-der-vcp-bundeszentrale-in-kassel\/","title":{"rendered":"Friedenslicht &#8211; ein Licht, das alle verbindet\u00a0 \u2013 Abholstation in der VCP-Bundeszentrale in Kassel"},"content":{"rendered":"<h3>Unter dem Motto \u201eFriedenslicht &#8211; ein Licht, das alle verbindet\u201c setzt die Aktion Friedenslicht aus Bethlehem ein leuchtendes Zeichen der Verbundenheit. In diesem Jahr wird das Licht coronabedingt \u00fcber Abholstationen verteilt. In Kassel ist dies beim Verband Christlicher Pfadfinderinnen und Pfadfinder (VCP) e.V. im Wichernweg 3 in Wehlheiden m\u00f6glich. Die Abholstation ist rund um die Uhr ge\u00f6ffnet.<\/h3>\n<p>Gerade in Zeiten wie diesen, ist das Friedenslicht als Zeichen der Verbundenheit besonders wichtig. Um eine m\u00f6glichst kontaktlose, coronakonforme Verteilung des Friedenslichts zu gew\u00e4hrleisten, soll auf gro\u00dfe Zusammenk\u00fcnfte und Aussendungsfeiern verzichtet werden. Daher werden deutschlandweit Abholstationen f\u00fcr das Friedenslicht eingericht. So auch in der Bundeszentrale des Verbandes Christlicher Pfadfinderinnen und Pfadfinder (VCP) e.V. in Kassel.<\/p>\n<p><strong>Vom 12. bis 17. Dezember brennt die Friedenslicht-Kerze in der Abholstation in der Bundeszentrale, Wichernweg 3 in Wehlheiden.<\/strong><\/p>\n<p>Sie ist rund um die Uhr zug\u00e4nglich. Ein eigenes Windlicht muss mitgebracht werden und kann vor Ort am Friedenslicht entz\u00fcndet werden.<\/p>\n<div id='gallery-1' class='gallery galleryid-24000 gallery-columns-3 gallery-size-thumbnail'><figure class='gallery-item'>\n\t\t\t<div class='gallery-icon portrait'>\n\t\t\t\t<a href='https:\/\/vcp.de\/pfadfinden\/wp-content\/uploads\/2020\/12\/1607515842811-scaled.jpg'><img loading=\"lazy\" decoding=\"async\" width=\"150\" height=\"150\" src=\"https:\/\/vcp.de\/pfadfinden\/wp-content\/uploads\/2020\/12\/1607515842811-150x150.jpg\" class=\"attachment-thumbnail size-thumbnail\" alt=\"\" aria-describedby=\"gallery-1-19764\" srcset=\"https:\/\/vcp.de\/pfadfinden\/wp-content\/uploads\/2020\/12\/1607515842811-150x150.jpg 150w, https:\/\/vcp.de\/pfadfinden\/wp-content\/uploads\/2020\/12\/1607515842811-45x45.jpg 45w\" sizes=\"auto, (max-width: 150px) 100vw, 150px\" \/><\/a>\n\t\t\t<\/div>\n\t\t\t\t<figcaption class='wp-caption-text gallery-caption' id='gallery-1-19764'>\n\t\t\t\tFoto: Johanna Mixsa\n\t\t\t\t<\/figcaption><\/figure><figure class='gallery-item'>\n\t\t\t<div class='gallery-icon landscape'>\n\t\t\t\t<a href='https:\/\/vcp.de\/pfadfinden\/wp-content\/uploads\/2021\/12\/Friedenslicht_Abholstation_2020-scaled.jpg'><img loading=\"lazy\" decoding=\"async\" width=\"150\" height=\"150\" src=\"https:\/\/vcp.de\/pfadfinden\/wp-content\/uploads\/2021\/12\/Friedenslicht_Abholstation_2020-150x150.jpg\" class=\"attachment-thumbnail size-thumbnail\" alt=\"\" aria-describedby=\"gallery-1-24002\" srcset=\"https:\/\/vcp.de\/pfadfinden\/wp-content\/uploads\/2021\/12\/Friedenslicht_Abholstation_2020-150x150.jpg 150w, https:\/\/vcp.de\/pfadfinden\/wp-content\/uploads\/2021\/12\/Friedenslicht_Abholstation_2020-45x45.jpg 45w\" sizes=\"auto, (max-width: 150px) 100vw, 150px\" \/><\/a>\n\t\t\t<\/div>\n\t\t\t\t<figcaption class='wp-caption-text gallery-caption' id='gallery-1-24002'>\n\t\t\t\tAbholstation 2020 Foto: Lena Dohmann \n\t\t\t\t<\/figcaption><\/figure><figure class='gallery-item'>\n\t\t\t<div class='gallery-icon landscape'>\n\t\t\t\t<a href='https:\/\/vcp.de\/pfadfinden\/wp-content\/uploads\/2017\/11\/Friedenslicht_Adeventkalender-2017_digital.jpg'><img loading=\"lazy\" decoding=\"async\" width=\"150\" height=\"150\" src=\"https:\/\/vcp.de\/pfadfinden\/wp-content\/uploads\/2017\/11\/Friedenslicht_Adeventkalender-2017_digital-150x150.jpg\" class=\"attachment-thumbnail size-thumbnail\" alt=\"\" aria-describedby=\"gallery-1-8172\" srcset=\"https:\/\/vcp.de\/pfadfinden\/wp-content\/uploads\/2017\/11\/Friedenslicht_Adeventkalender-2017_digital-150x150.jpg 150w, https:\/\/vcp.de\/pfadfinden\/wp-content\/uploads\/2017\/11\/Friedenslicht_Adeventkalender-2017_digital-45x45.jpg 45w\" sizes=\"auto, (max-width: 150px) 100vw, 150px\" \/><\/a>\n\t\t\t<\/div>\n\t\t\t\t<figcaption class='wp-caption-text gallery-caption' id='gallery-1-8172'>\n\t\t\t\tFriedenslicht aus Betlehem Foto: Andreas Kl\u00e4ger\n\t\t\t\t<\/figcaption><\/figure>\n\t\t<\/div>\n\n<p>Das Friedenslicht soll \u2013 ganz nach dem diesj\u00e4hrigen Motto \u201eFrieden \u00fcberwindet Grenzen\u201c, das eigentlich mit Bezug auf das 30j\u00e4hrige Jubil\u00e4um der deutschen Wiedervereinigung gew\u00e4hlt worden ist \u2013 nicht nur L\u00e4ndergrenzen, sondern auch die durch die Corona-Pandemie notwendig gewordenen Abst\u00e4nde als Symbol der N\u00e4he und Gemeinschaft \u00fcberwinden.<\/p>\n<p>Nachdem das Friedenslicht in der Geburtsgrotte Jesu in Bethlehem entz\u00fcndet wurde, wird es bei einer Aussendungsfeier in Salzburg am 11. Dezember 2021 weitergereicht. Aufgrund der Corona-Pandemie findet diese ohne die Anwesenheit der internationalen Delegationen statt. Das diesj\u00e4hrige Friedenslicht nimmt die Friedenslicht AG der Ringe deutscher Pfadfinderinnen- und Pfadfinderverb\u00e4nde (rdp) an der deutsch-\u00f6sterreichischen Grenze entgegen und verteilt es ab dem dritten Advent mit Autos \u00fcber ausgew\u00e4hlte Verteilpunkte als Staffellauf \u201ean alle Menschen guten Willens\u201c in Deutschland.<\/p>\n<p>Auch die Verteilung an die Bundesministerien und -institutionen im politischen Berlin wird in diesem Jahr, anders als sonst, digital erfolgen.<\/p>\n<p>&nbsp;<\/p>\n<p><strong>Hintergrund<\/strong><br \/>\nIm Verband Christlicher Pfadfinderinnen und Pfadfinder (VCP) e.V. sind bundesweit rund 47.000 M\u00e4dchen und Jungen, Frauen und M\u00e4nner aktiv. Rund 5.000 junge Menschen engagieren sich als ehrenamtliche Mitarbeiter*innen. Erziehung zu Toleranz und Demokratief\u00e4higkeit, Schutz von Natur und Umwelt, die Orientierung am Evangelium, Internationalit\u00e4t, aber auch Spa\u00df am Abenteuer, Fahrt und Lager sind Schwerpunkte der Arbeit im VCP. <a href=\"http:\/\/www.vcp.de und www.vcp.de\/pfadfinden\/friedenslicht\">www.vcp.de und www.vcp.de\/pfadfinden\/friedenslicht<\/a><\/p>\n<p>Im Ring deutscher Pfadfinder*innenverb\u00e4nde (rdp) sind die f\u00fcnf weltweit anerkannten deutschen Pfadfinder*innenverb\u00e4nde, der Bund der Pfadfinderinnen und Pfadfinder (BdP), der Bund Muslimischer Pfadfinderinnen und Pfadfinder Deutschlands (BMPPD), die Deutschen Pfadfinderschaft Sankt Georg (DPSG), die Pfadfinderinnenschaft St. Georg (PSG) und der Verband Christlicher Pfadfinderinnen und Pfadfinder (VCP), organisiert. <a href=\"http:\/\/www.pfadfinden-in-deutschland.de\">www.pfadfinden-in-deutschland.de<\/a><\/p>\n<p>Die Friedenslicht-Aktion wurde 1986 vom \u00d6sterreichischen Rundfunk (ORF) ins Leben gerufen. Jedes Jahr entz\u00fcndet das ORF-Friedenslichtkind das Licht an der Flamme der Geburtsgrotte Christi in Betlehem\/Pal\u00e4stina. Seit 27 Jahren verteilen die f\u00fcnf Ringeverb\u00e4nde gemeinsam mit dem Verband Deutscher Altpfadfindergilden (VDAPG) das Friedenslicht in Deutschland. Allein in Deutschland sind rund 220.000 Pfadfinder*innen aktiv, weltweit sind es \u00fcber 50 Millionen.<\/p>\n<p>Weitere Informationen gibt es auf www.friedenslicht.de sowie in den sozialen Netzwerken: Facebook (<a href=\"http:\/\/www.facebook.com\/friedenslicht.aus.betlehem\">www.facebook.com\/friedenslicht.aus.betlehem<\/a>), Twitter (<a href=\"http:\/\/www.twitter.com\/friedenslicht\">www.twitter.com\/friedenslicht<\/a>) und Instagram (<a href=\"https:\/\/www.instagram.com\/friedenslicht\/\">https:\/\/www.instagram.com\/friedenslicht\/<\/a>) und unter dem Hashtag <strong>#friedenslicht<\/strong>.<\/p>\n","protected":false},"excerpt":{"rendered":"<p>Unter dem Motto \u201eFriedenslicht &#8211; ein Licht, das alle verbindet\u201c setzt die Aktion Friedenslicht aus Bethlehem ein leuchtendes Zeichen der Verbundenheit. In diesem Jahr wird das Licht coronabedingt \u00fcber Abholstationen verteilt. In Kassel ist dies beim Verband Christlicher Pfadfinderinnen und Pfadfinder (VCP) e.V. im Wichernweg 3 in Wehlheiden m\u00f6glich. Die Abholstation ist rund um die [&hellip;]<\/p>\n","protected":false},"author":52,"featured_media":23180,"comment_status":"closed","ping_status":"open","sticky":false,"template":"","format":"standard","meta":{"_acf_changed":false,"inline_featured_image":false,"footnotes":""},"categories":[94],"tags":[],"class_list":["post-24000","post","type-post","status-publish","format-standard","has-post-thumbnail","hentry","category-friedenslicht"],"acf":[],"_links":{"self":[{"href":"https:\/\/vcp.de\/pfadfinden\/wp-json\/wp\/v2\/posts\/24000","targetHints":{"allow":["GET"]}}],"collection":[{"href":"https:\/\/vcp.de\/pfadfinden\/wp-json\/wp\/v2\/posts"}],"about":[{"href":"https:\/\/vcp.de\/pfadfinden\/wp-json\/wp\/v2\/types\/post"}],"author":[{"embeddable":true,"href":"https:\/\/vcp.de\/pfadfinden\/wp-json\/wp\/v2\/users\/52"}],"replies":[{"embeddable":true,"href":"https:\/\/vcp.de\/pfadfinden\/wp-json\/wp\/v2\/comments?post=24000"}],"version-history":[{"count":0,"href":"https:\/\/vcp.de\/pfadfinden\/wp-json\/wp\/v2\/posts\/24000\/revisions"}],"wp:featuredmedia":[{"embeddable":true,"href":"https:\/\/vcp.de\/pfadfinden\/wp-json\/wp\/v2\/media\/23180"}],"wp:attachment":[{"href":"https:\/\/vcp.de\/pfadfinden\/wp-json\/wp\/v2\/media?parent=24000"}],"wp:term":[{"taxonomy":"category","embeddable":true,"href":"https:\/\/vcp.de\/pfadfinden\/wp-json\/wp\/v2\/categories?post=24000"},{"taxonomy":"post_tag","embeddable":true,"href":"https:\/\/vcp.de\/pfadfinden\/wp-json\/wp\/v2\/tags?post=24000"}],"curies":[{"name":"wp","href":"https:\/\/api.w.org\/{rel}","templated":true}]}}