{"id":23762,"date":"2021-11-01T13:59:47","date_gmt":"2021-11-01T12:59:47","guid":{"rendered":"https:\/\/www.vcp.de\/pfadfinden\/?p=23762"},"modified":"2021-11-01T14:01:36","modified_gmt":"2021-11-01T13:01:36","slug":"der-findungsausschuss-stellt-sich-vor","status":"publish","type":"post","link":"https:\/\/vcp.de\/pfadfinden\/allgemein\/der-findungsausschuss-stellt-sich-vor\/","title":{"rendered":"Der Findungsausschuss stellt sich vor"},"content":{"rendered":"<h3>Wer soll gefunden werden? Ein Bundesvorstand!<\/h3>\n<p><strong>Die Amtszeit unseres Bundesvorstandes endet im kommenden Jahr.<\/strong> Die Bundesversammlung 2022 muss den Bundesvorstand neu w\u00e4hlen. Daher hat die Bundesversammlung beschlossen, einen Findungsausschuss einzusetzen.<br \/>\nMittelweile haben die Bundesversammlung, der Bundesrat sowie der Bundesversammlungsvorstand Menschen in diesen Findungsausschuss entsandt.<\/p>\n<h3>Wer geh\u00f6rt dazu?<\/h3>\n<p>Als <strong>Mitglieder des Findungsausschusses<\/strong> m\u00f6chten wir uns Euch vorstellen:<\/p>\n<p>Hanno Terbuyken (VCP Niedersachsen)<\/p>\n<p>Jan Hendrik &#8222;mkay&#8220; Garber (VCP Schleswig-Holstein)<\/p>\n<p>Johanna Spie\u00df (VCP Berlin-Brandenburg)<\/p>\n<p>Johanna Stahlmann (VCP Niedersachsen)<\/p>\n<p>Markus G\u00e4rtner (VCP Baden)<\/p>\n<p>Martin Rybak (VCP Rheinland-Pfalz\/Saar)<\/p>\n<p>Svante Bornh\u00f6ft (VCP Schleswig-Holstein)<\/p>\n<h3>Unsere Aufgabe<\/h3>\n<p>Wir werden mit den Mitgliedern des aktuellen Bundesvorstandes, der Bundesleitung und den Landesleitungen sprechen, um Menschen zu finden, die die anspruchsvolle Aufgabe des Bundesvorstandes ab Sommer 2022 wahrnehmen wollen. Daneben freuen wir uns \u00fcber alle <strong>Hinweise und Ideen, wer geeignet oder gewillt ist, sich in Bundesleitung und Bundesvorstand<\/strong> zu engagieren.<\/p>\n<h3>Sprecht uns an!<\/h3>\n<p>Ihr erreicht uns per Mail <a href=\"mailto:findungsausschuss@vcp.de\">findungsausschuss@vcp.de<\/a><\/p>\n<p>Selbstverst\u00e4ndlich k\u00f6nnt Ihr uns auch pers\u00f6nlich ansprechen.<\/p>\n<h3>Unser Selbstverst\u00e4ndnis<\/h3>\n<ul>\n<li>F\u00fcr unsere Arbeit als Findungsausschuss haben wir vereinbart, dass wir alle Kontakte vertraulich behandeln.<\/li>\n<li>Sollte sich eine*r von uns selbst zur Kandidatur entschlie\u00dfen, wird derjenige oder diejenige sich aus der Arbeit im Findungsausschuss unmittelbar zur\u00fcckziehen.<\/li>\n<\/ul>\n<p>Wir sind gespannt auf eine interessante Findungsphase und viele Gespr\u00e4che mit Euch!<\/p>\n<p>F\u00fcr den Findungsausschuss<\/p>\n<p><em>Markus<\/em><\/p>\n<p>(VCP Baden)<\/p>\n","protected":false},"excerpt":{"rendered":"<p>Wer soll gefunden werden? Ein Bundesvorstand! Die Amtszeit unseres Bundesvorstandes endet im kommenden Jahr. Die Bundesversammlung 2022 muss den Bundesvorstand neu w\u00e4hlen. Daher hat die Bundesversammlung beschlossen, einen Findungsausschuss einzusetzen. Mittelweile haben die Bundesversammlung, der Bundesrat sowie der Bundesversammlungsvorstand Menschen in diesen Findungsausschuss entsandt. Wer geh\u00f6rt dazu? Als Mitglieder des Findungsausschusses m\u00f6chten wir uns Euch [&hellip;]<\/p>\n","protected":false},"author":52,"featured_media":7594,"comment_status":"closed","ping_status":"open","sticky":false,"template":"","format":"standard","meta":{"_acf_changed":false,"inline_featured_image":false,"footnotes":""},"categories":[1],"tags":[],"class_list":["post-23762","post","type-post","status-publish","format-standard","has-post-thumbnail","hentry","category-allgemein"],"acf":[],"_links":{"self":[{"href":"https:\/\/vcp.de\/pfadfinden\/wp-json\/wp\/v2\/posts\/23762","targetHints":{"allow":["GET"]}}],"collection":[{"href":"https:\/\/vcp.de\/pfadfinden\/wp-json\/wp\/v2\/posts"}],"about":[{"href":"https:\/\/vcp.de\/pfadfinden\/wp-json\/wp\/v2\/types\/post"}],"author":[{"embeddable":true,"href":"https:\/\/vcp.de\/pfadfinden\/wp-json\/wp\/v2\/users\/52"}],"replies":[{"embeddable":true,"href":"https:\/\/vcp.de\/pfadfinden\/wp-json\/wp\/v2\/comments?post=23762"}],"version-history":[{"count":0,"href":"https:\/\/vcp.de\/pfadfinden\/wp-json\/wp\/v2\/posts\/23762\/revisions"}],"wp:featuredmedia":[{"embeddable":true,"href":"https:\/\/vcp.de\/pfadfinden\/wp-json\/wp\/v2\/media\/7594"}],"wp:attachment":[{"href":"https:\/\/vcp.de\/pfadfinden\/wp-json\/wp\/v2\/media?parent=23762"}],"wp:term":[{"taxonomy":"category","embeddable":true,"href":"https:\/\/vcp.de\/pfadfinden\/wp-json\/wp\/v2\/categories?post=23762"},{"taxonomy":"post_tag","embeddable":true,"href":"https:\/\/vcp.de\/pfadfinden\/wp-json\/wp\/v2\/tags?post=23762"}],"curies":[{"name":"wp","href":"https:\/\/api.w.org\/{rel}","templated":true}]}}