{"id":23694,"date":"2021-10-27T14:52:01","date_gmt":"2021-10-27T12:52:01","guid":{"rendered":"https:\/\/www.vcp.de\/pfadfinden\/?p=23694"},"modified":"2023-01-14T09:13:27","modified_gmt":"2023-01-14T08:13:27","slug":"werde-gruenderin-und-bruete-deine-eigene-pfau-gruppe-aus","status":"publish","type":"post","link":"https:\/\/vcp.de\/pfadfinden\/pfau\/werde-gruenderin-und-bruete-deine-eigene-pfau-gruppe-aus\/","title":{"rendered":"Werde Gr\u00fcnder*in und br\u00fcte deine eigene PfAU-Gruppe aus!\u00a0"},"content":{"rendered":"<h2>Im vergangenen Sommer ist PfAU mit 13 Gruppen bundesweit an den Start gegangen! Aber gibt es in deiner Stadt schon eine PfAU-Gruppe!?<\/h2>\n<p><strong>PfAU hei\u00dft Pfadfinden in Ausbildung und an Universit\u00e4ten (PfAU)<\/strong> und richtet sich an junge Erwachsene, die von Zuhause wegziehen, aber trotzdem weiter pfadfinden wollen. Ihr Programm gestalten die lokalen PfAU-Gruppen v\u00f6llig frei und von St\u00e4mmen unabh\u00e4ngig. Bei uns hei\u00dft es wie in jeder guten WG-Anzeige: Alles kann, nichts muss \ud83d\ude09<br \/>\nUnser Ziel ist, dass jede*r Pfadfinder*in w\u00e4hrend Ausbildung oder Studium eine neue #pfadiheimat finden kann!<br \/>\n<strong>Damit das klappt, braucht wir dich als Gruppengr\u00fcnder*in! Wenn du Bock hast PfAU noch gr\u00f6\u00dfer zu machen, dann komm zum Treffen f\u00fcr Gruppengr\u00fcnder*innen am 02.11.2021. Los geht\u2019s um 19.30 Uhr.\u00a0\u00a0<\/strong><\/p>\n<p><strong><a href=\"https:\/\/teilnehmen.vcp.de\/pfau-initiatorinnen-treffen-0211\/\">Hier<\/a> geht\u2019s zur Anmeldung.\u00a0<\/strong><\/p>\n<p>In ein, zwei Stunden wollen wir dir alle Basics mitgeben, die du zur Gruppengr\u00fcndung brauchst. Nat\u00fcrlich geht es auch darum, die anderen Gr\u00fcnder*innen kennenzulernen und sich zu vernetzen.<br \/>\nWir freuen uns auf dich und deine Crew!<\/p>\n<p>Viele Gr\u00fc\u00dfe und Gut Pfad!<\/p>\n<p><em>Dein PfAU-Team<\/em><\/p>\n<p>&nbsp;<\/p>\n<p>Eine Gruppe zu gr\u00fcnden ist gerade zu viel? Kein Problem. Wir benachrichtigen dich gerne, sobald bei dir eine neue PfAU-Gruppe schl\u00fcpft. Sende uns daf\u00fcr bitte eine Nachricht an <a href=\"mailto:pfau@vcp.de\">pfau@vcp.de<\/a> mit deinem Namen und deinem Wohnort und wir halten dich auf dem Laufenden.<br \/>\nWenn Du Lust hast PfAU anderweitig zu unterst\u00fctzen, dann komm doch zu uns ins PfAU-Team! Wir k\u00f6nnen alle Hilfe gebrauchen und freuen uns \u00fcber neue Menschen in unserem Team. <a href=\"https:\/\/www.vcp.de\/pfadfinden\/ausschreibung-mitarbeit-im-leitungsteam-fuer-pfau-pfadfinden-in-ausbildung-und-an-universitaeten\/\">Hier<\/a> findest du alle wichtigen Infos dazu.<\/p>\n","protected":false},"excerpt":{"rendered":"<p>Im vergangenen Sommer ist PfAU mit 13 Gruppen bundesweit an den Start gegangen! Aber gibt es in deiner Stadt schon eine PfAU-Gruppe!? PfAU hei\u00dft Pfadfinden in Ausbildung und an Universit\u00e4ten (PfAU) und richtet sich an junge Erwachsene, die von Zuhause wegziehen, aber trotzdem weiter pfadfinden wollen. Ihr Programm gestalten die lokalen PfAU-Gruppen v\u00f6llig frei und [&hellip;]<\/p>\n","protected":false},"author":52,"featured_media":21590,"comment_status":"closed","ping_status":"open","sticky":false,"template":"","format":"standard","meta":{"_acf_changed":false,"inline_featured_image":false,"footnotes":""},"categories":[421],"tags":[],"class_list":["post-23694","post","type-post","status-publish","format-standard","has-post-thumbnail","hentry","category-pfau"],"acf":[],"_links":{"self":[{"href":"https:\/\/vcp.de\/pfadfinden\/wp-json\/wp\/v2\/posts\/23694","targetHints":{"allow":["GET"]}}],"collection":[{"href":"https:\/\/vcp.de\/pfadfinden\/wp-json\/wp\/v2\/posts"}],"about":[{"href":"https:\/\/vcp.de\/pfadfinden\/wp-json\/wp\/v2\/types\/post"}],"author":[{"embeddable":true,"href":"https:\/\/vcp.de\/pfadfinden\/wp-json\/wp\/v2\/users\/52"}],"replies":[{"embeddable":true,"href":"https:\/\/vcp.de\/pfadfinden\/wp-json\/wp\/v2\/comments?post=23694"}],"version-history":[{"count":1,"href":"https:\/\/vcp.de\/pfadfinden\/wp-json\/wp\/v2\/posts\/23694\/revisions"}],"predecessor-version":[{"id":28594,"href":"https:\/\/vcp.de\/pfadfinden\/wp-json\/wp\/v2\/posts\/23694\/revisions\/28594"}],"wp:featuredmedia":[{"embeddable":true,"href":"https:\/\/vcp.de\/pfadfinden\/wp-json\/wp\/v2\/media\/21590"}],"wp:attachment":[{"href":"https:\/\/vcp.de\/pfadfinden\/wp-json\/wp\/v2\/media?parent=23694"}],"wp:term":[{"taxonomy":"category","embeddable":true,"href":"https:\/\/vcp.de\/pfadfinden\/wp-json\/wp\/v2\/categories?post=23694"},{"taxonomy":"post_tag","embeddable":true,"href":"https:\/\/vcp.de\/pfadfinden\/wp-json\/wp\/v2\/tags?post=23694"}],"curies":[{"name":"wp","href":"https:\/\/api.w.org\/{rel}","templated":true}]}}