{"id":2354,"date":"2015-06-04T16:07:29","date_gmt":"2015-06-04T14:07:29","guid":{"rendered":"http:\/\/www.vcp.de\/pfadfinden\/?p=2354"},"modified":"2015-06-05T13:58:12","modified_gmt":"2015-06-05T11:58:12","slug":"kirchentag-im-sonnenschein","status":"publish","type":"post","link":"https:\/\/vcp.de\/pfadfinden\/kirchentag2015\/kirchentag-im-sonnenschein\/","title":{"rendered":"Kirchentag im Sonnenschein"},"content":{"rendered":"<p>Donnerstagmorgen\u2026<br \/>\nUnd am Donnerstagmorgen geht der Kirchentagstrubel so richtig los.<br \/>\nDer VCP ist inhaltlich gut vertreten und auch im Zentrum Jugend aktiv. Das Zeltcaf\u00e9 bietet leckeren Kuchen und richtig guten Kaffee. Und so gest\u00e4rkt kann man sich im Open \u00d6hrle mit den wirklich relevanten Fragen im Leben auseinandersetzen.<\/p>\n<p>\u201eWem dienst du?\u201c Da kann man schnell an seinen Arbeitgeber denken. Aber dienen? Dient man nicht doch dem schn\u00f6den Mammon? Oder der Notwendigkeit, seinen Lebensunterhalt zu verdienen?<\/p>\n<p>Die andere Frage: Was willst du vor deinem Tod noch unbedingt machen? scheint leichter zu beantworten zu sein. Aber Antwort f\u00e4llt dann doch viel schwerer als gedacht. Die Welt sehen? Wie platt! Ein Haus bauen? Och n\u00f6! Pilgern? Das wollen alle! Einen Apfelbaum pflanzen? Klar, wir sind doch auf dem Kirchentag &#8211; und mit diesem Wunsch in bester Gesellschaft. Wie formuliert man elegant, die leichte Unruhe, die einen umtreibt, wenn man dran denkt, was man \u2013 noch \u2013 machen will oder vielleicht auch sollte.<\/p>\n<p>Nachdem Beantworten schwerer Fragen stelle ich lieber wieder welche und treffe auf drei Pfadis aus Mecklenburg-Vorpommern.<br \/>\nLeon, 16 kommt aus Rostock. F\u00fcr ihn ist es der erste Kirchentag, bei dem er als Helfer eingesetzt ist. Er ist am Eingang der Carl-Benz-Arena im Ordnungsdienst. Was ihm Spa\u00df macht? Mit den Leuten zu reden und so viel zu sehen. \u201eDas Lichtermeer war beeindruckend. Und toll ist, dass wir morgen Fr\u00fchschicht haben und dann abends aufs Konzert gehen k\u00f6nnen. Nervig findet er eigentlich nur die \u00d6ffentlichen Verkehrsmittel in Stuttgart.<\/p>\n<p>Lara, 18 kommt aus Schwerin und ist das zweite Mal auf dem DEKT. Der letzte DEKT in Hamburg hat ihr so gut gefallen, dass sie wieder dabei sein wollte. Sie ist an den Ausg\u00e4ngen der Carl-Benz-Arena eingesetzt. \u201eMich nervt ein bisschen, dass ich einfach nicht so viel wei\u00df, wie ich gerne wissen w\u00fcrde. Dann f\u00fchlt man sich hilflos. Die Leute fragen nicht nur nach den Wegen, sondern auch viele inhaltliche Sachen. Und wenn man dann anf\u00e4ngt, im Programmheft zu bl\u00e4ttern, werden sie schnell ungeduldig. Leon gibt ihr recht: Das Programmheft ist auch nicht richtig \u00fcbersichtlich. \u201eAber trotzdem &#8211; sagt Lara, es macht einfach Spa\u00df, im Helferdienst zu sein, sonst w\u00e4re ich ja nicht hier\u201c.<\/p>\n","protected":false},"excerpt":{"rendered":"<p>Donnerstagmorgen\u2026 Und am Donnerstagmorgen geht der Kirchentagstrubel so richtig los. Der VCP ist inhaltlich gut vertreten und auch im Zentrum Jugend aktiv. Das Zeltcaf\u00e9 bietet leckeren Kuchen und richtig guten Kaffee. Und so gest\u00e4rkt kann man sich im Open \u00d6hrle mit den wirklich relevanten Fragen im Leben auseinandersetzen. \u201eWem dienst du?\u201c Da kann man schnell [&hellip;]<\/p>\n","protected":false},"author":52,"featured_media":2374,"comment_status":"closed","ping_status":"open","sticky":false,"template":"","format":"standard","meta":{"_acf_changed":false,"inline_featured_image":false,"footnotes":""},"categories":[41],"tags":[],"class_list":["post-2354","post","type-post","status-publish","format-standard","has-post-thumbnail","hentry","category-kirchentag2015"],"acf":[],"_links":{"self":[{"href":"https:\/\/vcp.de\/pfadfinden\/wp-json\/wp\/v2\/posts\/2354","targetHints":{"allow":["GET"]}}],"collection":[{"href":"https:\/\/vcp.de\/pfadfinden\/wp-json\/wp\/v2\/posts"}],"about":[{"href":"https:\/\/vcp.de\/pfadfinden\/wp-json\/wp\/v2\/types\/post"}],"author":[{"embeddable":true,"href":"https:\/\/vcp.de\/pfadfinden\/wp-json\/wp\/v2\/users\/52"}],"replies":[{"embeddable":true,"href":"https:\/\/vcp.de\/pfadfinden\/wp-json\/wp\/v2\/comments?post=2354"}],"version-history":[{"count":0,"href":"https:\/\/vcp.de\/pfadfinden\/wp-json\/wp\/v2\/posts\/2354\/revisions"}],"wp:featuredmedia":[{"embeddable":true,"href":"https:\/\/vcp.de\/pfadfinden\/wp-json\/wp\/v2\/media\/2374"}],"wp:attachment":[{"href":"https:\/\/vcp.de\/pfadfinden\/wp-json\/wp\/v2\/media?parent=2354"}],"wp:term":[{"taxonomy":"category","embeddable":true,"href":"https:\/\/vcp.de\/pfadfinden\/wp-json\/wp\/v2\/categories?post=2354"},{"taxonomy":"post_tag","embeddable":true,"href":"https:\/\/vcp.de\/pfadfinden\/wp-json\/wp\/v2\/tags?post=2354"}],"curies":[{"name":"wp","href":"https:\/\/api.w.org\/{rel}","templated":true}]}}