{"id":23378,"date":"2021-10-13T13:18:43","date_gmt":"2021-10-13T11:18:43","guid":{"rendered":"https:\/\/www.vcp.de\/pfadfinden\/?p=23378"},"modified":"2023-01-14T09:13:28","modified_gmt":"2023-01-14T08:13:28","slug":"buechlein-auf-die-plaetze-gegen-hetze-in-drei-sprachen-bestellbar","status":"publish","type":"post","link":"https:\/\/vcp.de\/pfadfinden\/auf-die-plaetze-gegen-hetze\/buechlein-auf-die-plaetze-gegen-hetze-in-drei-sprachen-bestellbar\/","title":{"rendered":"B\u00fcchlein \u201eAuf die Pl\u00e4tze gegen Hetze\u201c in drei Sprachen bestellbar"},"content":{"rendered":"<p><em>von Luisa Jung<\/em><\/p>\n<p>Als Kinder- und Jugendverband setzen wir uns inhaltlich mit rechtsextremer Politik und diskriminierenden Ideologien auseinander. Au\u00dferdem werden wir aktiv und positionieren uns \u00f6ffentlich gegen Hetze.<\/p>\n<p>Daf\u00fcr wurde die Kampagne \u201e<a href=\"https:\/\/www.vcp.de\/pfadfinden\/gegen-hetze\/\">Auf die Pl\u00e4tze gegen Hetze<\/a>\u201c entwickelt. Das Maskottchen hierf\u00fcr ist die \u201eDeutsche Pfadikartoffel\u201c, welche wie kein anderes Gem\u00fcse den Stereotyp der Deutschen im Ausland verk\u00f6rpert.<\/p>\n<p>Im Rahmen der Kampagne wurde ein kleines B\u00fcchlein gestaltet, in welchem sich die Pfadikartoffel auf die Reise macht und rechtsextremistische Ideologien als Vorstellung der Ungleichheit und Diskriminierung und rechtspopulistische Strategien als Hetze entlarvt.<\/p>\n<figure id=\"attachment_23380\" aria-describedby=\"caption-attachment-23380\" style=\"width: 284px\" class=\"wp-caption alignnone\"><a href=\"https:\/\/www.vcp.de\/pfadfinden\/wp-content\/uploads\/2021\/10\/MicrosoftTeams-image-55-scaled.jpg\"><img loading=\"lazy\" decoding=\"async\" class=\"size-medium wp-image-23380\" src=\"https:\/\/www.vcp.de\/pfadfinden\/wp-content\/uploads\/2021\/10\/MicrosoftTeams-image-55-284x300.jpg\" alt=\"\" width=\"284\" height=\"300\" srcset=\"https:\/\/vcp.de\/pfadfinden\/wp-content\/uploads\/2021\/10\/MicrosoftTeams-image-55-284x300.jpg 284w, https:\/\/vcp.de\/pfadfinden\/wp-content\/uploads\/2021\/10\/MicrosoftTeams-image-55-969x1024.jpg 969w, https:\/\/vcp.de\/pfadfinden\/wp-content\/uploads\/2021\/10\/MicrosoftTeams-image-55-768x811.jpg 768w, https:\/\/vcp.de\/pfadfinden\/wp-content\/uploads\/2021\/10\/MicrosoftTeams-image-55-1454x1536.jpg 1454w, https:\/\/vcp.de\/pfadfinden\/wp-content\/uploads\/2021\/10\/MicrosoftTeams-image-55-1938x2048.jpg 1938w\" sizes=\"auto, (max-width: 284px) 100vw, 284px\" \/><\/a><figcaption id=\"caption-attachment-23380\" class=\"wp-caption-text\">Alle drei B\u00fcchlein &#8222;Auf die Pl\u00e4tze gegen Hetze&#8220;<br \/>Foto: VCP\/Luisa Jung<\/figcaption><\/figure>\n<h3>B\u00fcchlein \u201eAuf die Pl\u00e4tze gegen Hetze\u201c jetzt in drei Sprachen bestellbar<\/h3>\n<p>Das B\u00fcchlein f\u00fcr die Kampagne \u201eAuf die Pl\u00e4tze gegen Hetze\u201c wurde auf <strong>Deutsch, Englisch und Arabisch<\/strong> verfasst. Die Gr\u00f6\u00dfe bietet sich an, um es in die Klufttasche zu stecken und immer dabeizuhaben. Nun kannst du das B\u00fcchlein in allen drei Sprachen online bestellen auf <a href=\"https:\/\/www.vcp.de\/service\/materialbestellung\">https:\/\/www.vcp.de\/service\/materialbestellung<\/a>.<\/p>\n","protected":false},"excerpt":{"rendered":"<p>von Luisa Jung Als Kinder- und Jugendverband setzen wir uns inhaltlich mit rechtsextremer Politik und diskriminierenden Ideologien auseinander. Au\u00dferdem werden wir aktiv und positionieren uns \u00f6ffentlich gegen Hetze. Daf\u00fcr wurde die Kampagne \u201eAuf die Pl\u00e4tze gegen Hetze\u201c entwickelt. Das Maskottchen hierf\u00fcr ist die \u201eDeutsche Pfadikartoffel\u201c, welche wie kein anderes Gem\u00fcse den Stereotyp der Deutschen im [&hellip;]<\/p>\n","protected":false},"author":52,"featured_media":23380,"comment_status":"closed","ping_status":"open","sticky":false,"template":"","format":"standard","meta":{"_acf_changed":false,"inline_featured_image":false,"footnotes":""},"categories":[180],"tags":[],"class_list":["post-23378","post","type-post","status-publish","format-standard","has-post-thumbnail","hentry","category-auf-die-plaetze-gegen-hetze"],"acf":[],"_links":{"self":[{"href":"https:\/\/vcp.de\/pfadfinden\/wp-json\/wp\/v2\/posts\/23378","targetHints":{"allow":["GET"]}}],"collection":[{"href":"https:\/\/vcp.de\/pfadfinden\/wp-json\/wp\/v2\/posts"}],"about":[{"href":"https:\/\/vcp.de\/pfadfinden\/wp-json\/wp\/v2\/types\/post"}],"author":[{"embeddable":true,"href":"https:\/\/vcp.de\/pfadfinden\/wp-json\/wp\/v2\/users\/52"}],"replies":[{"embeddable":true,"href":"https:\/\/vcp.de\/pfadfinden\/wp-json\/wp\/v2\/comments?post=23378"}],"version-history":[{"count":1,"href":"https:\/\/vcp.de\/pfadfinden\/wp-json\/wp\/v2\/posts\/23378\/revisions"}],"predecessor-version":[{"id":28596,"href":"https:\/\/vcp.de\/pfadfinden\/wp-json\/wp\/v2\/posts\/23378\/revisions\/28596"}],"wp:featuredmedia":[{"embeddable":true,"href":"https:\/\/vcp.de\/pfadfinden\/wp-json\/wp\/v2\/media\/23380"}],"wp:attachment":[{"href":"https:\/\/vcp.de\/pfadfinden\/wp-json\/wp\/v2\/media?parent=23378"}],"wp:term":[{"taxonomy":"category","embeddable":true,"href":"https:\/\/vcp.de\/pfadfinden\/wp-json\/wp\/v2\/categories?post=23378"},{"taxonomy":"post_tag","embeddable":true,"href":"https:\/\/vcp.de\/pfadfinden\/wp-json\/wp\/v2\/tags?post=23378"}],"curies":[{"name":"wp","href":"https:\/\/api.w.org\/{rel}","templated":true}]}}