{"id":23295,"date":"2021-10-08T11:52:38","date_gmt":"2021-10-08T09:52:38","guid":{"rendered":"https:\/\/www.vcp.de\/pfadfinden\/?p=23295"},"modified":"2023-01-16T15:34:26","modified_gmt":"2023-01-16T14:34:26","slug":"pfadfindertreffen-50-plus-in-neudietendorf-vom-27-bis-29-8-21","status":"publish","type":"post","link":"https:\/\/vcp.de\/pfadfinden\/allgemein\/pfadfindertreffen-50-plus-in-neudietendorf-vom-27-bis-29-8-21\/","title":{"rendered":"Pfadfinder*innentreffen 50 plus in Neudietendorf vom 27. bis 29.8.21"},"content":{"rendered":"<p><em>von Hanna Bolls<\/em><\/p>\n<p>Im Laufe des Nachmittags kamen alle G\u00e4ste an und bezogen ihre komfortablen Zimmer.<\/p>\n<p>Nach der Begr\u00fc\u00dfung durch das Veranstaltungsteam, das aus Ingrid, Marianne, Andreas, Hartmut, Michael, Peter und Gebhart bestand, wurden wir zum Abendessen eingeladen.<\/p>\n<p>W\u00e4hrend des \u00fcppigen Abendbrots gab es bereits viele M\u00f6glichkeiten, alte Freunde zu begr\u00fc\u00dfen.<\/p>\n<p>Anschlie\u00dfend sa\u00dfen wir mit Corona-bedingtem Abstand im gro\u00dfen Saal verteilt.<\/p>\n<p>Nach der Vorstellung des Programms begr\u00fc\u00dften uns zwei Mitglieder der VCP-Bundesleitung, Eric und Peter &#8222;flip&#8220; Keil. In der Bundesleitung zust\u00e4ndig f\u00fcr den Bereich &#8222;St\u00e4mme&#8220;.<\/p>\n<p>Anschlie\u00dfend sollte jeder Teilnehmende aus folgenden 3 Aspekten seine jeweiligen Erwartungen an das Treffen benennen. Ich freue mich auf \u2026, ich bringe mit \u2026, ich m\u00f6chte mitnehmen&#8230; ! Einzelne Erwartungen aus allen Bereichen wurden vorgelesen und diskutiert.<\/p>\n<p>Napoleon berichtete sehr launig aus seinem Leben als Diplomat und wie engagiertes Pfadfindertum das gesamte Leben und den beruflichen Werdegang beeinflussen und bef\u00f6rdern kann.<\/p>\n<p>Mit einer Abendandacht beschlossen wir das offizielle Programm.<br \/>\nNimmerm\u00fcde trafen sich in der Cafeteria zu einem Kl\u00f6nschnack bei Bier, Wein oder Wasser, um alte Kontakte wieder zu beleben, oder neue zu kn\u00fcpfen.<\/p>\n<p>Am Samstag Morgen weckte uns die Bl\u00e4sergruppe mit Chor\u00e4len, die sie im Hof zwischen den G\u00e4steh\u00e4usern bliesen. Ich habe extra das Fenster ge\u00f6ffnet, um sie besser h\u00f6ren zu k\u00f6nnen. Nach dem Fr\u00fchst\u00fcck und der Morgenandacht war von zwei Referenten ein Vortrag vorgesehen. Das Thema \u2013 Sicherheit neu denken \u2013 von der milit\u00e4rischen zur zivilen Sicherheitspolitik \u2013 f\u00fcr die christlich zivile Seite sprach Herr Theodor Ziegler aus der Badischen Landeskirche. F\u00fcr die verteidigungspolitische Seite sprach Hptm. Frederic B\u00fcchner. Anschlie\u00dfen konnten Fragen gestellt werden, beantwortet wurden sie<br \/>\nvon den jeweiligen Referenten. Es entstand eine sehr lebhafte, interessante Diskussion, die nach 2,5 Stunden beendet werden musste.<\/p>\n<p>Das Mittagessen lockte uns alle in den Speisesaal.<\/p>\n<p>Nachmittags waren wir auf das Pfadfindergel\u00e4nde des Stammes \u201c Drei Gleichen \u201c eingeladen, die das 30-j\u00e4hrige Gr\u00fcndungsjubil\u00e4um des Stammes feierten. W\u00e4hrend dieser Feierstunde wurde auch des 100-j\u00e4hrigen Jubil\u00e4ums der \u201cNeudietendorfer Grunds\u00e4tze\u201c der CP gedacht.<\/p>\n<p>Anschlie\u00dfend war auf dem weitl\u00e4ufigen Grundst\u00fcck Zeit zu gem\u00fctlichem Kaffeeetrinken, Kuchenessen oder Kl\u00f6nen. Auf einem Gro\u00dfbildschirm konnten wir Fotos aus der Entstehungszeit dieses einmaligen Gel\u00e4ndes ansehen.<\/p>\n<p>Abends erfreute uns Elke mit einem Liedervortrag, den sie, wie immer perfekt, vorbereitet hatte. Es waren Lieder, die den Zeitlichen Ablauf ihres Lebens und auch unseres Lebens widerspiegelten. Leider durften wir nicht mitsingen, aber gedanklich waren wir alle intensiv dabei. Begleitet wurde Elke auf der Gitarre von Andreas und Michael.<\/p>\n<p>Am Sonntag Morgen beim Fr\u00fchst\u00fcck erfuhren wir die Hiobsbotschaft, dass in das Pfadfinderheim eingebrochen worden war und gezielt elektronische Ger\u00e4te, Lautsprecheranlage und der Flachbildschirm gestohlen worden waren. Aufgrund der polizeilichen Spurensicherung fand der geplante Gottesdienst dann im Kirchsaal des <a href=\"https:\/\/zinzendorfhaus.de\/\" target=\"_blank\" rel=\"noopener\">Zinzendorfhauses <\/a>statt.<\/p>\n<p>Auch f\u00fcr das Mittagessen, das eigentlich als Grillfest gefeiert werden sollte, wurde eine unb\u00fcrokratische L\u00f6sung gefunden. Mitarbeiter*innen des K\u00fcchenteams hatten f\u00fcr uns im <a href=\"https:\/\/zinzendorfhaus.de\/\" target=\"_blank\" rel=\"noopener\">Zinzendorfhaus<\/a> belegte Br\u00f6tchen, Obst und Gem\u00fcse bereitgestellt. Alle wurden satt und wie in den biblischen Geschichten blieb auch noch etwas \u00fcbrig.<\/p>\n<p>Nach der gro\u00dfen Verabschiedung und der Vorausschau auf das Treffen im n\u00e4chsten Jahr vom <strong>2. bis 4.9.22 im <a href=\"http:\/\/www.knuellhouse.de\/start\/\" target=\"_blank\" rel=\"noopener\">Kn\u00fcll House<\/a><\/strong>, fuhren die meisten Teilnehmer*innen nach hause. Einige nutzten jedoch die Gelegenheit, sich in Erfurt noch die Bundesgartenschau anzusehen.<\/p>\n<blockquote class=\"wp-embedded-content\" data-secret=\"VRn9Z4KZKq\"><p><a href=\"https:\/\/www.vcp.de\/pfadfinden\/allgemein\/100-jahre-neudietendorfer-grundsaetze-2\/\">100 Jahre Neudietendorfer Grunds\u00e4tze<\/a><\/p><\/blockquote>\n<p><iframe loading=\"lazy\" class=\"wp-embedded-content\" sandbox=\"allow-scripts\" security=\"restricted\" style=\"position: absolute; visibility: hidden;\" title=\"&#8222;100 Jahre Neudietendorfer Grunds\u00e4tze&#8220; &#8212; VCP-Blog\" src=\"https:\/\/www.vcp.de\/pfadfinden\/allgemein\/100-jahre-neudietendorfer-grundsaetze-2\/embed\/#?secret=yvA2GoJt7F#?secret=VRn9Z4KZKq\" data-secret=\"VRn9Z4KZKq\" width=\"600\" height=\"338\" frameborder=\"0\" marginwidth=\"0\" marginheight=\"0\" scrolling=\"no\"><\/iframe><\/p>\n<blockquote class=\"wp-embedded-content\" data-secret=\"ZUvVMd6cxr\"><p><a href=\"https:\/\/www.vcp.de\/pfadfinden\/allgemein\/ein-blick-durchs-fenster-zum-treffen-der-50-gruppe-2022-am-knuell\/\">Ein Blick durchs Fenster zum Treffen der 50+-Gruppe 2022 am Kn\u00fcll<\/a><\/p><\/blockquote>\n<p><iframe loading=\"lazy\" class=\"wp-embedded-content\" sandbox=\"allow-scripts\" security=\"restricted\" style=\"position: absolute; visibility: hidden;\" title=\"&#8222;Ein Blick durchs Fenster zum Treffen der 50+-Gruppe 2022 am Kn\u00fcll&#8220; &#8212; VCP-Blog\" src=\"https:\/\/www.vcp.de\/pfadfinden\/allgemein\/ein-blick-durchs-fenster-zum-treffen-der-50-gruppe-2022-am-knuell\/embed\/#?secret=XMvy8sPm7r#?secret=ZUvVMd6cxr\" data-secret=\"ZUvVMd6cxr\" width=\"600\" height=\"338\" frameborder=\"0\" marginwidth=\"0\" marginheight=\"0\" scrolling=\"no\"><\/iframe><\/p>\n","protected":false},"excerpt":{"rendered":"<p>von Hanna Bolls Im Laufe des Nachmittags kamen alle G\u00e4ste an und bezogen ihre komfortablen Zimmer. Nach der Begr\u00fc\u00dfung durch das Veranstaltungsteam, das aus Ingrid, Marianne, Andreas, Hartmut, Michael, Peter und Gebhart bestand, wurden wir zum Abendessen eingeladen. W\u00e4hrend des \u00fcppigen Abendbrots gab es bereits viele M\u00f6glichkeiten, alte Freunde zu begr\u00fc\u00dfen. Anschlie\u00dfend sa\u00dfen wir mit [&hellip;]<\/p>\n","protected":false},"author":52,"featured_media":22312,"comment_status":"closed","ping_status":"open","sticky":false,"template":"","format":"standard","meta":{"_acf_changed":false,"inline_featured_image":false,"footnotes":""},"categories":[1],"tags":[],"class_list":["post-23295","post","type-post","status-publish","format-standard","has-post-thumbnail","hentry","category-allgemein"],"acf":[],"_links":{"self":[{"href":"https:\/\/vcp.de\/pfadfinden\/wp-json\/wp\/v2\/posts\/23295","targetHints":{"allow":["GET"]}}],"collection":[{"href":"https:\/\/vcp.de\/pfadfinden\/wp-json\/wp\/v2\/posts"}],"about":[{"href":"https:\/\/vcp.de\/pfadfinden\/wp-json\/wp\/v2\/types\/post"}],"author":[{"embeddable":true,"href":"https:\/\/vcp.de\/pfadfinden\/wp-json\/wp\/v2\/users\/52"}],"replies":[{"embeddable":true,"href":"https:\/\/vcp.de\/pfadfinden\/wp-json\/wp\/v2\/comments?post=23295"}],"version-history":[{"count":4,"href":"https:\/\/vcp.de\/pfadfinden\/wp-json\/wp\/v2\/posts\/23295\/revisions"}],"predecessor-version":[{"id":28674,"href":"https:\/\/vcp.de\/pfadfinden\/wp-json\/wp\/v2\/posts\/23295\/revisions\/28674"}],"wp:featuredmedia":[{"embeddable":true,"href":"https:\/\/vcp.de\/pfadfinden\/wp-json\/wp\/v2\/media\/22312"}],"wp:attachment":[{"href":"https:\/\/vcp.de\/pfadfinden\/wp-json\/wp\/v2\/media?parent=23295"}],"wp:term":[{"taxonomy":"category","embeddable":true,"href":"https:\/\/vcp.de\/pfadfinden\/wp-json\/wp\/v2\/categories?post=23295"},{"taxonomy":"post_tag","embeddable":true,"href":"https:\/\/vcp.de\/pfadfinden\/wp-json\/wp\/v2\/tags?post=23295"}],"curies":[{"name":"wp","href":"https:\/\/api.w.org\/{rel}","templated":true}]}}