{"id":23290,"date":"2021-10-08T11:12:32","date_gmt":"2021-10-08T09:12:32","guid":{"rendered":"https:\/\/www.vcp.de\/pfadfinden\/?p=23290"},"modified":"2023-01-14T09:13:28","modified_gmt":"2023-01-14T08:13:28","slug":"unterstuetzung-fuer-den-bundeszeltplatz-in-grosszerlang-bzg","status":"publish","type":"post","link":"https:\/\/vcp.de\/pfadfinden\/allgemein\/unterstuetzung-fuer-den-bundeszeltplatz-in-grosszerlang-bzg\/","title":{"rendered":"Unterst\u00fctzung f\u00fcr den Bundeszeltplatz in Gro\u00dfzerlang &#8211; BZG"},"content":{"rendered":"<p>Der Steg kaputt, die Dusche leck und die Pflanzen sind dem Klimawandel nicht gewachsen.<\/p>\n<h3>Was nun?<\/h3>\n<p>Wir, die Fachgruppe Bundeszeltplatz Gro\u00dfzerlang (FG BZG), suchen weitere Ansprechpartner*innen f\u00fcr unterschiedliche Bereiche.<\/p>\n<p>Wenn du, ja du, Kompetenzen in einem der nachfolgenden Bereiche hast und dich freust uns, bzw. den BZG, mit deinem Wissen und Geschick zu unterst\u00fctzen, dann melde dich doch bitte bei uns. Wir freuen uns sehr \u00fcber weitere Ansprechpartner*innen und Unterst\u00fctzung.<\/p>\n<h3>Wer sind wir?<\/h3>\n<p>Wir sind bisher 10 Leute aus unterschiedlichen Bundesl\u00e4ndern, unterschiedlichen Alters und nat\u00fcrlich unterschiedlichen Kompetenzen.<br \/>\nWas uns aber eint ist die Liebe zu diesem besonderen Zeltplatz und der Wunsch, ihn auch weiterhin f\u00fcr die Kinder- und Jugendarbeit im VCP zu erhalten.<\/p>\n<h3>Wie w\u00fcrde die Unterst\u00fctzung aussehen?<\/h3>\n<p>Ein pers\u00f6nliches Gespr\u00e4ch \u00fcber den entsprechenden Bereich hilft uns auf jeden Fall schon viel weiter. Du hast Ideen, Fachwissen und kannst uns schon damit oder nat\u00fcrlich auch direkt vor Ort mit deinen F\u00e4higkeiten unterst\u00fctzen. Alles kann, nichts muss.<\/p>\n<h3>Welche Arbeitsbereiche gibt es?<\/h3>\n<p>Sanit\u00e4r, Holzbau, Maurer, Baumpflege (Obstbaumschnitt, Klimawandel nachpflanzen), Fundraising, Elektro, Programm (inhaltlich), Maschinentechnik (Traktor, Rasenm\u00e4her, Radlader, etc.), Sanierung von Geb\u00e4uden, Platzpflege und vieles mehr.<\/p>\n<h3>Nimm Kontakt mit uns auf!<\/h3>\n<p>Volker Schultz <a href=\"mailto:volker.schultz@vcp.de\">volker.schultz@vcp.de<\/a><\/p>\n<p>Matthias Tsch\u00f6pe <a href=\"mailto:matthias.tschoepe@vcp.de\">matthias.tschoepe@vcp.de<\/a><\/p>\n<p>Danke an alle die den Platz schon tatkr\u00e4ftig unterst\u00fctzen.<br \/>\nGut Pfad<\/p>\n<p><em>das BZG Fachgruppenteam<\/em><\/p>\n<div id='gallery-1' class='gallery galleryid-23290 gallery-columns-4 gallery-size-thumbnail'><figure class='gallery-item'>\n\t\t\t<div class='gallery-icon landscape'>\n\t\t\t\t<a href='https:\/\/vcp.de\/pfadfinden\/wp-content\/uploads\/2021\/10\/IMGP3975-scaled.jpg'><img loading=\"lazy\" decoding=\"async\" width=\"150\" height=\"150\" src=\"https:\/\/vcp.de\/pfadfinden\/wp-content\/uploads\/2021\/10\/IMGP3975-150x150.jpg\" class=\"attachment-thumbnail size-thumbnail\" alt=\"\" aria-describedby=\"gallery-1-23289\" srcset=\"https:\/\/vcp.de\/pfadfinden\/wp-content\/uploads\/2021\/10\/IMGP3975-150x150.jpg 150w, https:\/\/vcp.de\/pfadfinden\/wp-content\/uploads\/2021\/10\/IMGP3975-45x45.jpg 45w\" sizes=\"auto, (max-width: 150px) 100vw, 150px\" \/><\/a>\n\t\t\t<\/div>\n\t\t\t\t<figcaption class='wp-caption-text gallery-caption' id='gallery-1-23289'>\n\t\t\t\tFoto: Matthias Tsch\u00f6pe\n\t\t\t\t<\/figcaption><\/figure><figure class='gallery-item'>\n\t\t\t<div class='gallery-icon landscape'>\n\t\t\t\t<a href='https:\/\/vcp.de\/pfadfinden\/wp-content\/uploads\/2021\/10\/IMGP3968-scaled.jpg'><img loading=\"lazy\" decoding=\"async\" width=\"150\" height=\"150\" src=\"https:\/\/vcp.de\/pfadfinden\/wp-content\/uploads\/2021\/10\/IMGP3968-150x150.jpg\" class=\"attachment-thumbnail size-thumbnail\" alt=\"\" aria-describedby=\"gallery-1-23288\" srcset=\"https:\/\/vcp.de\/pfadfinden\/wp-content\/uploads\/2021\/10\/IMGP3968-150x150.jpg 150w, https:\/\/vcp.de\/pfadfinden\/wp-content\/uploads\/2021\/10\/IMGP3968-45x45.jpg 45w\" sizes=\"auto, (max-width: 150px) 100vw, 150px\" \/><\/a>\n\t\t\t<\/div>\n\t\t\t\t<figcaption class='wp-caption-text gallery-caption' id='gallery-1-23288'>\n\t\t\t\tFoto: Matthias Tsch\u00f6pe\n\t\t\t\t<\/figcaption><\/figure><figure class='gallery-item'>\n\t\t\t<div class='gallery-icon landscape'>\n\t\t\t\t<a href='https:\/\/vcp.de\/pfadfinden\/wp-content\/uploads\/2021\/10\/IMGP3950-scaled.jpg'><img loading=\"lazy\" decoding=\"async\" width=\"150\" height=\"150\" src=\"https:\/\/vcp.de\/pfadfinden\/wp-content\/uploads\/2021\/10\/IMGP3950-150x150.jpg\" class=\"attachment-thumbnail size-thumbnail\" alt=\"\" aria-describedby=\"gallery-1-23287\" srcset=\"https:\/\/vcp.de\/pfadfinden\/wp-content\/uploads\/2021\/10\/IMGP3950-150x150.jpg 150w, https:\/\/vcp.de\/pfadfinden\/wp-content\/uploads\/2021\/10\/IMGP3950-45x45.jpg 45w\" sizes=\"auto, (max-width: 150px) 100vw, 150px\" \/><\/a>\n\t\t\t<\/div>\n\t\t\t\t<figcaption class='wp-caption-text gallery-caption' id='gallery-1-23287'>\n\t\t\t\tFoto: Matthias Tsch\u00f6pe\n\t\t\t\t<\/figcaption><\/figure><figure class='gallery-item'>\n\t\t\t<div class='gallery-icon landscape'>\n\t\t\t\t<a href='https:\/\/vcp.de\/pfadfinden\/wp-content\/uploads\/2021\/10\/IMGP3900-scaled.jpg'><img loading=\"lazy\" decoding=\"async\" width=\"150\" height=\"150\" src=\"https:\/\/vcp.de\/pfadfinden\/wp-content\/uploads\/2021\/10\/IMGP3900-150x150.jpg\" class=\"attachment-thumbnail size-thumbnail\" alt=\"\" aria-describedby=\"gallery-1-23286\" srcset=\"https:\/\/vcp.de\/pfadfinden\/wp-content\/uploads\/2021\/10\/IMGP3900-150x150.jpg 150w, https:\/\/vcp.de\/pfadfinden\/wp-content\/uploads\/2021\/10\/IMGP3900-45x45.jpg 45w\" sizes=\"auto, (max-width: 150px) 100vw, 150px\" \/><\/a>\n\t\t\t<\/div>\n\t\t\t\t<figcaption class='wp-caption-text gallery-caption' id='gallery-1-23286'>\n\t\t\t\tFoto: Matthias Tsch\u00f6pe\n\t\t\t\t<\/figcaption><\/figure>\n\t\t<\/div>\n\n","protected":false},"excerpt":{"rendered":"<p>Der Steg kaputt, die Dusche leck und die Pflanzen sind dem Klimawandel nicht gewachsen. Was nun? Wir, die Fachgruppe Bundeszeltplatz Gro\u00dfzerlang (FG BZG), suchen weitere Ansprechpartner*innen f\u00fcr unterschiedliche Bereiche. Wenn du, ja du, Kompetenzen in einem der nachfolgenden Bereiche hast und dich freust uns, bzw. den BZG, mit deinem Wissen und Geschick zu unterst\u00fctzen, dann [&hellip;]<\/p>\n","protected":false},"author":52,"featured_media":23287,"comment_status":"closed","ping_status":"open","sticky":false,"template":"","format":"standard","meta":{"_acf_changed":false,"inline_featured_image":false,"footnotes":""},"categories":[1,237],"tags":[],"class_list":["post-23290","post","type-post","status-publish","format-standard","has-post-thumbnail","hentry","category-allgemein","category-jobs"],"acf":[],"_links":{"self":[{"href":"https:\/\/vcp.de\/pfadfinden\/wp-json\/wp\/v2\/posts\/23290","targetHints":{"allow":["GET"]}}],"collection":[{"href":"https:\/\/vcp.de\/pfadfinden\/wp-json\/wp\/v2\/posts"}],"about":[{"href":"https:\/\/vcp.de\/pfadfinden\/wp-json\/wp\/v2\/types\/post"}],"author":[{"embeddable":true,"href":"https:\/\/vcp.de\/pfadfinden\/wp-json\/wp\/v2\/users\/52"}],"replies":[{"embeddable":true,"href":"https:\/\/vcp.de\/pfadfinden\/wp-json\/wp\/v2\/comments?post=23290"}],"version-history":[{"count":1,"href":"https:\/\/vcp.de\/pfadfinden\/wp-json\/wp\/v2\/posts\/23290\/revisions"}],"predecessor-version":[{"id":28601,"href":"https:\/\/vcp.de\/pfadfinden\/wp-json\/wp\/v2\/posts\/23290\/revisions\/28601"}],"wp:featuredmedia":[{"embeddable":true,"href":"https:\/\/vcp.de\/pfadfinden\/wp-json\/wp\/v2\/media\/23287"}],"wp:attachment":[{"href":"https:\/\/vcp.de\/pfadfinden\/wp-json\/wp\/v2\/media?parent=23290"}],"wp:term":[{"taxonomy":"category","embeddable":true,"href":"https:\/\/vcp.de\/pfadfinden\/wp-json\/wp\/v2\/categories?post=23290"},{"taxonomy":"post_tag","embeddable":true,"href":"https:\/\/vcp.de\/pfadfinden\/wp-json\/wp\/v2\/tags?post=23290"}],"curies":[{"name":"wp","href":"https:\/\/api.w.org\/{rel}","templated":true}]}}