{"id":22997,"date":"2021-09-03T13:51:01","date_gmt":"2021-09-03T11:51:01","guid":{"rendered":"https:\/\/www.vcp.de\/pfadfinden\/?p=22997"},"modified":"2023-01-14T09:13:57","modified_gmt":"2023-01-14T08:13:57","slug":"3-oktoberwochenende-jota-joti","status":"publish","type":"post","link":"https:\/\/vcp.de\/pfadfinden\/internationales\/3-oktoberwochenende-jota-joti\/","title":{"rendered":"3. Oktoberwochenende: Jota-Joti"},"content":{"rendered":"<p>Wie jedes Jahr findet am 3. Oktoberwochende die gr\u00f6\u00dfte Pfadi Veranstaltung im Jahr statt. Vom 15.-17. Oktober treffen sich Pfadfinder*innen aus aller Welt im Internet und \u00fcber Funk um sich auszutauschen und gemeinsam etwas zu bewegen. Es gibt sowohl ein Internationales Programm als auch ein Angebot f\u00fcr Pfadfinder*innen aus Deutschland. Tragt euch den Termin im Kalender ein und seid dabei.<\/p>\n<p>Mehr Informationen findet ihr auf der deutschsprachigen Jota-Joti Seite (<a href=\"https:\/\/jota-joti.de\/\" target=\"_blank\" rel=\"noopener\">https:\/\/jota-joti.de\/<\/a>) oder auf der weltweiten Seite (<a href=\"https:\/\/www.jotajoti.info\/\" target=\"_blank\" rel=\"noopener\">https:\/\/www.jotajoti.info\/<\/a>).<\/p>\n<p><img loading=\"lazy\" decoding=\"async\" class=\"aligncenter size-medium wp-image-22998\" src=\"https:\/\/www.vcp.de\/pfadfinden\/wp-content\/uploads\/2021\/09\/JotaJoti2021-300x300.png\" alt=\"\" width=\"300\" height=\"300\" srcset=\"https:\/\/vcp.de\/pfadfinden\/wp-content\/uploads\/2021\/09\/JotaJoti2021-300x300.png 300w, https:\/\/vcp.de\/pfadfinden\/wp-content\/uploads\/2021\/09\/JotaJoti2021-150x150.png 150w, https:\/\/vcp.de\/pfadfinden\/wp-content\/uploads\/2021\/09\/JotaJoti2021-45x45.png 45w, https:\/\/vcp.de\/pfadfinden\/wp-content\/uploads\/2021\/09\/JotaJoti2021.png 526w\" sizes=\"auto, (max-width: 300px) 100vw, 300px\" \/><\/p>\n","protected":false},"excerpt":{"rendered":"<p>Wie jedes Jahr findet am 3. Oktoberwochende die gr\u00f6\u00dfte Pfadi Veranstaltung im Jahr statt. Vom 15.-17. Oktober treffen sich Pfadfinder*innen aus aller Welt im Internet und \u00fcber Funk um sich auszutauschen und gemeinsam etwas zu bewegen. Es gibt sowohl ein Internationales Programm als auch ein Angebot f\u00fcr Pfadfinder*innen aus Deutschland. Tragt euch den Termin im [&hellip;]<\/p>\n","protected":false},"author":52,"featured_media":22998,"comment_status":"closed","ping_status":"open","sticky":false,"template":"","format":"standard","meta":{"_acf_changed":false,"inline_featured_image":false,"footnotes":""},"categories":[14],"tags":[],"class_list":["post-22997","post","type-post","status-publish","format-standard","has-post-thumbnail","hentry","category-internationales"],"acf":[],"_links":{"self":[{"href":"https:\/\/vcp.de\/pfadfinden\/wp-json\/wp\/v2\/posts\/22997","targetHints":{"allow":["GET"]}}],"collection":[{"href":"https:\/\/vcp.de\/pfadfinden\/wp-json\/wp\/v2\/posts"}],"about":[{"href":"https:\/\/vcp.de\/pfadfinden\/wp-json\/wp\/v2\/types\/post"}],"author":[{"embeddable":true,"href":"https:\/\/vcp.de\/pfadfinden\/wp-json\/wp\/v2\/users\/52"}],"replies":[{"embeddable":true,"href":"https:\/\/vcp.de\/pfadfinden\/wp-json\/wp\/v2\/comments?post=22997"}],"version-history":[{"count":1,"href":"https:\/\/vcp.de\/pfadfinden\/wp-json\/wp\/v2\/posts\/22997\/revisions"}],"predecessor-version":[{"id":28624,"href":"https:\/\/vcp.de\/pfadfinden\/wp-json\/wp\/v2\/posts\/22997\/revisions\/28624"}],"wp:featuredmedia":[{"embeddable":true,"href":"https:\/\/vcp.de\/pfadfinden\/wp-json\/wp\/v2\/media\/22998"}],"wp:attachment":[{"href":"https:\/\/vcp.de\/pfadfinden\/wp-json\/wp\/v2\/media?parent=22997"}],"wp:term":[{"taxonomy":"category","embeddable":true,"href":"https:\/\/vcp.de\/pfadfinden\/wp-json\/wp\/v2\/categories?post=22997"},{"taxonomy":"post_tag","embeddable":true,"href":"https:\/\/vcp.de\/pfadfinden\/wp-json\/wp\/v2\/tags?post=22997"}],"curies":[{"name":"wp","href":"https:\/\/api.w.org\/{rel}","templated":true}]}}