{"id":22923,"date":"2021-08-30T13:52:17","date_gmt":"2021-08-30T11:52:17","guid":{"rendered":"https:\/\/www.vcp.de\/pfadfinden\/?p=22923"},"modified":"2023-01-14T09:13:58","modified_gmt":"2023-01-14T08:13:58","slug":"offengeht-fuer-eine-solidarische-fluechtlingspolitik-gegen-ausgrenzung-und-abschottung","status":"publish","type":"post","link":"https:\/\/vcp.de\/pfadfinden\/aus-dem-verband\/offengeht-fuer-eine-solidarische-fluechtlingspolitik-gegen-ausgrenzung-und-abschottung\/","title":{"rendered":"#offengeht! F\u00fcr eine solidarische Fl\u00fcchtlingspolitik \u2013 gegen Ausgrenzung und Abschottung"},"content":{"rendered":"<p>Evangelische Jugend in Deutschland fordert eine faire und schnelle Integration gefl\u00fcchteter Menschen. Die folgende Pressemitteilung von Martin Weber macht deutlich wieso das Thema jetzt wichtiger denn je ist.<\/p>\n<p>Die Arbeitsgemeinschaft der Evangelischen Jugend in Deutschland e. V. (aej) schlie\u00dft sich als Erstunterzeichnerin gemeinsamen mit vielen weiteren zivilgesellschaftlichen Organisationen dem Aufruf \u201e<a href=\"https:\/\/www.proasyl.de\/wp-content\/uploads\/A4_offengeht_25.8.21-1.pdf\">Solidarit\u00e4t entgrenzen: #offengeht<\/a>\u201c an. Die Initiative von PRO ASYL, der Diakonie Hessen, des Initiativausschusses f\u00fcr Migrationspolitik in Rheinland-Pfalz und des Bundeszuwanderungs- und Integrationsrats (BZI) macht sich f\u00fcr eine menschenrechtsbasierte Migrations- und Fl\u00fcchtlingspolitik stark.<\/p>\n<p>#offengeht! Als Interessenvertretung von Kindern und Jugendlichen fordert die aej im Rahmen der Initiative insbesondere die umfassende und zeitnahe Gew\u00e4hrleistung der Familienzusammenf\u00fchrung in Deutschland. Das Recht auf Familienleben ist im Grundgesetz verbrieft und die UN-Kinderrechtskonvention schreibt den Familiennachzug vorrangig zum Schutz des Kindeswohls vor. Um ihr praxisorientiertes Engagement f\u00fcr junge Gefl\u00fcchtete fortsetzen zu k\u00f6nnen, unterstreicht die aej zudem die Wichtigkeit einer kontinuierlichen F\u00f6rderung der Arbeit f\u00fcr und mit Schutzsuchenden und Eingewanderten sowie die dauerhafte F\u00f6rderung des Engagements f\u00fcr demokratische Werte und gegen jede Form rassistischer Diskriminierung.<\/p>\n<p>#offengeht! Davon ist auch aej-Generalsekret\u00e4r Michael Peters \u00fcberzeugt: \u201eGefl\u00fcchtete Menschen brauchen unsere Hilfe. Die Herausforderungen, die daraus entstehen, d\u00fcrfen nicht mit Abschottung, Ausgrenzung und Wegsehen beantwortet werden.\u201c<\/p>\n<p>#offengeht! Gefl\u00fcchtete aus Syrien, Afghanistan und anderen Kriegs- und Krisengebieten trafen im \u201eJahr der Flucht 2015\u201c auf eine offene, lebendige, humane und mitf\u00fchlende Zivilgesellschaft. Und die Solidarit\u00e4t hat sich ausgezahlt: Aus vielen Gefl\u00fcchteten sind l\u00e4ngst Nachbar*innen, Kolleg*innen und Freund*innen geworden, die Deutschland j\u00fcnger, st\u00e4rker und kl\u00fcger gemacht haben.<\/p>\n<p>Am 26. September 2021 wird ein neuer Bundestag gew\u00e4hlt. Dabei entscheidet sich auch, welchen Kurs Deutschland zuk\u00fcnftig in der Fl\u00fcchtlings- und Migrationspolitik verfolgen will. Ein r\u00fccksichtsloser Umgang mit der Natur, globale wirtschaftliche und soziale Ungleichheiten, sowie Krisen und kriegerische Konflikte f\u00fchren dazu, dass Menschen ihre Heimat verlassen. 80 Millionen Fl\u00fcchtlinge sind derzeit auf der Suche nach Schutz und Perspektiven. Und sie stehen immer \u00f6fter vor geschlossenen Grenzen und stranden in Elendslagern. \u201eEine neue Regierung muss endlich die menschenverachtende Abschottungs- und Ausgrenzungspolitik beenden\u201c, betont Michael Peters deshalb, \u201eMenschenw\u00fcrde, Menschenrechte, Fl\u00fcchtlingsschutz und das Recht auf Freiheit von Diskriminierung m\u00fcssen wieder handlungsleitend f\u00fcr politische Entscheidungen werden\u201c.<\/p>\n<p><a href=\"https:\/\/www.vcp.de\/pfadfinden\/wp-content\/uploads\/2021\/08\/PM-5_2021-offengeht-Fuer-eine-solidarische-Fluechtlingspolitik-gegen-Ausgrenzung-und-Abschottung.pdf\">Pressemitteilung #offengeht!<\/a><\/p>\n","protected":false},"excerpt":{"rendered":"<p>Evangelische Jugend in Deutschland fordert eine faire und schnelle Integration gefl\u00fcchteter Menschen. Die folgende Pressemitteilung von Martin Weber macht deutlich wieso das Thema jetzt wichtiger denn je ist. Die Arbeitsgemeinschaft der Evangelischen Jugend in Deutschland e. V. (aej) schlie\u00dft sich als Erstunterzeichnerin gemeinsamen mit vielen weiteren zivilgesellschaftlichen Organisationen dem Aufruf \u201eSolidarit\u00e4t entgrenzen: #offengeht\u201c an. Die [&hellip;]<\/p>\n","protected":false},"author":52,"featured_media":22930,"comment_status":"closed","ping_status":"open","sticky":false,"template":"","format":"standard","meta":{"_acf_changed":false,"inline_featured_image":false,"footnotes":""},"categories":[5],"tags":[],"class_list":["post-22923","post","type-post","status-publish","format-standard","has-post-thumbnail","hentry","category-aus-dem-verband"],"acf":[],"_links":{"self":[{"href":"https:\/\/vcp.de\/pfadfinden\/wp-json\/wp\/v2\/posts\/22923","targetHints":{"allow":["GET"]}}],"collection":[{"href":"https:\/\/vcp.de\/pfadfinden\/wp-json\/wp\/v2\/posts"}],"about":[{"href":"https:\/\/vcp.de\/pfadfinden\/wp-json\/wp\/v2\/types\/post"}],"author":[{"embeddable":true,"href":"https:\/\/vcp.de\/pfadfinden\/wp-json\/wp\/v2\/users\/52"}],"replies":[{"embeddable":true,"href":"https:\/\/vcp.de\/pfadfinden\/wp-json\/wp\/v2\/comments?post=22923"}],"version-history":[{"count":1,"href":"https:\/\/vcp.de\/pfadfinden\/wp-json\/wp\/v2\/posts\/22923\/revisions"}],"predecessor-version":[{"id":28628,"href":"https:\/\/vcp.de\/pfadfinden\/wp-json\/wp\/v2\/posts\/22923\/revisions\/28628"}],"wp:featuredmedia":[{"embeddable":true,"href":"https:\/\/vcp.de\/pfadfinden\/wp-json\/wp\/v2\/media\/22930"}],"wp:attachment":[{"href":"https:\/\/vcp.de\/pfadfinden\/wp-json\/wp\/v2\/media?parent=22923"}],"wp:term":[{"taxonomy":"category","embeddable":true,"href":"https:\/\/vcp.de\/pfadfinden\/wp-json\/wp\/v2\/categories?post=22923"},{"taxonomy":"post_tag","embeddable":true,"href":"https:\/\/vcp.de\/pfadfinden\/wp-json\/wp\/v2\/tags?post=22923"}],"curies":[{"name":"wp","href":"https:\/\/api.w.org\/{rel}","templated":true}]}}