{"id":22901,"date":"2021-08-26T11:38:33","date_gmt":"2021-08-26T09:38:33","guid":{"rendered":"https:\/\/www.vcp.de\/pfadfinden\/?p=22901"},"modified":"2021-08-26T11:38:34","modified_gmt":"2021-08-26T09:38:34","slug":"neues-aus-der-bundesleitung-bericht-zur-bl2108","status":"publish","type":"post","link":"https:\/\/vcp.de\/pfadfinden\/allgemein\/neues-aus-der-bundesleitung-bericht-zur-bl2108\/","title":{"rendered":"Neues aus der Bundesleitung &#8211; Bericht zur BL2108"},"content":{"rendered":"<p>Am Wochenende vom 13.08.2021 bis zum 15.08.2021 hat sich die Bundesleitung zu einer Pr\u00e4senzsitzung in Kassel getroffen.<\/p>\n<p>Wir haben uns alle sehr darauf gefreut, endlich wieder in die Bundeszentrale zu fahren und uns alle wieder zu sehen. Es f\u00fchlten sich alle gleich sehr heimisch wieder hier in Kassel.<\/p>\n<p>Vor der Sitzung waren die beiden ICs noch schnell f\u00fcr die Verpflegung einkaufen. Die Bundesleitung hat vor gut einem Jahr entschieden, dass wir uns w\u00e4hrend der Sitzungen selbst verpflegen. So hatten die beiden ICs den Hut in der K\u00fcche auf und gaben sich M\u00fche, alle bestm\u00f6glichst zu verpflegen.<\/p>\n<p>In den Freitagabend sind wir locker eingestiegen und hatten die M\u00f6glichkeit, die neue Social Media Managerin im VCP zu treffen. So konnten wir sie in einer offenen und entspannten Atmosph\u00e4re pers\u00f6nlich kennenlernen und hatten die M\u00f6glichkeit auf gute Gespr\u00e4che, in denen wir auch schon inhaltlich ins Pfadfinden und die Prinzipien des VCP eingestiegen sind.<\/p>\n<p>Mit einem sch\u00f6nen Morgenimpuls von S\u00f6ren sind wir am Samstag in den Tag gestartet. Die Tagesordnung war ganz ordentlich gef\u00fcllt und einer der Hauptpunkte war es, die geplanten Inhalte f\u00fcr das kommende Jahr durch die Referate uns gegenseitig vorzustellen und zu diskutieren. Es ist sch\u00f6n zu sehen, wie viel Motivation jedes Bundesleitungsmitglied mitbringt und wie viele tolle und spannende Projekte bereits im VCP laufen und welche Projekte angedacht sind.<br \/>\nEin weiterer Punkt war, dass in der VCP-Bewegtbildredaktion ein Wechsel in der Leitung anstand. Diesem haben wir als Bundesleitung zugestimmt und freuen uns, dass Fabian Wisner bald die Leitung \u00fcbernimmt. Auch an dieser Stelle noch ein gro\u00dfes Dankesch\u00f6n an Jule Lumma f\u00fcr die ganze Arbeit, die sie bisher in das Projekt gesteckt hat und die ganze Kraft, die sie auch weiterhin investieren wird.<\/p>\n<p>Nat\u00fcrlich gab es auch auf dieser Sitzung wieder einen kurzen Bericht aus der Steuerungsgruppe Pfadfindung.<br \/>\nEric hat uns au\u00dferdem die Wachstumskonzepte der rdp-AG zum Wachsen in den jungen Bundesl\u00e4ndern vorgestellt..<\/p>\n<p>Selbstverst\u00e4ndlich war auch an dieser Sitzung ausreichend Zeit f\u00fcr die Berichte der verschiedenen Referate und die gemeinsame Vernetzungszeit. Wir haben doch alle gemerkt, wie viel mehr Frucht eine Vernetzung pers\u00f6nlich vor Ort bringt im Vergleich zu einer im digitalen Rahmen.<\/p>\n<p>Den Abend haben wir dann gemeinsam in aller Ruhe im Garten der Bundeszentrale mit einem super leckeren Risotto ausklingen lassen.<\/p>\n<p>Auch am Sonntag sind wir mit einem Morgenimpuls gestartet, der uns dieses Mal von Ilka gehalten wurde. Der Sonntagvormittag war gef\u00fcllt mit verschiedenen k\u00fcrzeren Tagesordnungspunkten. Unter anderem wurden die geplanten Bundesleitungs-, Bundesrats- und Bundesversammlungs-Termine best\u00e4tigt. Des weiteren hat Friedemann die Anpassungen des Konzeptes zum Projekts Patitio vorgestellt. Diese sollen nun an den Bundesrat weitergegeben werden, der dann dar\u00fcber entscheidet.<\/p>\n<p>Zum Schluss der Sitzung wurde noch der Themenspeicher abgearbeitet und wir haben gemeinsam aufger\u00e4umt und uns alle auf den Weg gemacht \u2013 hoffentlich mit wenig Zugausf\u00e4llen nach dem Bahnstreik in der davor liegenden Woche.<\/p>\n<p>Wir freuen uns alle schon sehr auf das ZAK im September, bei dem wir endlich unsere Mitarbeitenden auch wieder sehen.<\/p>\n","protected":false},"excerpt":{"rendered":"<p>Am Wochenende vom 13.08.2021 bis zum 15.08.2021 hat sich die Bundesleitung zu einer Pr\u00e4senzsitzung in Kassel getroffen. Wir haben uns alle sehr darauf gefreut, endlich wieder in die Bundeszentrale zu fahren und uns alle wieder zu sehen. Es f\u00fchlten sich alle gleich sehr heimisch wieder hier in Kassel. Vor der Sitzung waren die beiden ICs [&hellip;]<\/p>\n","protected":false},"author":3,"featured_media":17066,"comment_status":"closed","ping_status":"open","sticky":false,"template":"","format":"standard","meta":{"_acf_changed":false,"inline_featured_image":false,"footnotes":""},"categories":[1],"tags":[],"class_list":["post-22901","post","type-post","status-publish","format-standard","has-post-thumbnail","hentry","category-allgemein"],"acf":[],"_links":{"self":[{"href":"https:\/\/vcp.de\/pfadfinden\/wp-json\/wp\/v2\/posts\/22901","targetHints":{"allow":["GET"]}}],"collection":[{"href":"https:\/\/vcp.de\/pfadfinden\/wp-json\/wp\/v2\/posts"}],"about":[{"href":"https:\/\/vcp.de\/pfadfinden\/wp-json\/wp\/v2\/types\/post"}],"author":[{"embeddable":true,"href":"https:\/\/vcp.de\/pfadfinden\/wp-json\/wp\/v2\/users\/3"}],"replies":[{"embeddable":true,"href":"https:\/\/vcp.de\/pfadfinden\/wp-json\/wp\/v2\/comments?post=22901"}],"version-history":[{"count":0,"href":"https:\/\/vcp.de\/pfadfinden\/wp-json\/wp\/v2\/posts\/22901\/revisions"}],"wp:featuredmedia":[{"embeddable":true,"href":"https:\/\/vcp.de\/pfadfinden\/wp-json\/wp\/v2\/media\/17066"}],"wp:attachment":[{"href":"https:\/\/vcp.de\/pfadfinden\/wp-json\/wp\/v2\/media?parent=22901"}],"wp:term":[{"taxonomy":"category","embeddable":true,"href":"https:\/\/vcp.de\/pfadfinden\/wp-json\/wp\/v2\/categories?post=22901"},{"taxonomy":"post_tag","embeddable":true,"href":"https:\/\/vcp.de\/pfadfinden\/wp-json\/wp\/v2\/tags?post=22901"}],"curies":[{"name":"wp","href":"https:\/\/api.w.org\/{rel}","templated":true}]}}