{"id":22886,"date":"2021-08-25T16:27:53","date_gmt":"2021-08-25T14:27:53","guid":{"rendered":"https:\/\/www.vcp.de\/pfadfinden\/?p=22886"},"modified":"2021-08-25T16:28:50","modified_gmt":"2021-08-25T14:28:50","slug":"erlebe-11-tage-natur-beim-pur2-2022-in-ebbenau","status":"publish","type":"post","link":"https:\/\/vcp.de\/pfadfinden\/internationales\/erlebe-11-tage-natur-beim-pur2-2022-in-ebbenau\/","title":{"rendered":"11 Tage Natur beim \u201ePUR2\u201c 2022 in Ebbenau erleben!"},"content":{"rendered":"<p>Neuigkeiten f\u00fcr Pfadfinder*innen der Ranger\/Rover-Stufe aller Verb\u00e4nde!<\/p>\n<figure id=\"attachment_22891\" aria-describedby=\"caption-attachment-22891\" style=\"width: 800px\" class=\"wp-caption aligncenter\"><a href=\"https:\/\/www.vcp.de\/pfadfinden\/wp-content\/uploads\/2021\/08\/PUR2_Lager.jpg\"><img loading=\"lazy\" decoding=\"async\" class=\"wp-image-22891 size-large\" src=\"https:\/\/www.vcp.de\/pfadfinden\/wp-content\/uploads\/2021\/08\/PUR2_Lager-1024x443.jpg\" alt=\"\" width=\"800\" height=\"346\" srcset=\"https:\/\/vcp.de\/pfadfinden\/wp-content\/uploads\/2021\/08\/PUR2_Lager-1024x443.jpg 1024w, https:\/\/vcp.de\/pfadfinden\/wp-content\/uploads\/2021\/08\/PUR2_Lager-300x130.jpg 300w, https:\/\/vcp.de\/pfadfinden\/wp-content\/uploads\/2021\/08\/PUR2_Lager-768x333.jpg 768w, https:\/\/vcp.de\/pfadfinden\/wp-content\/uploads\/2021\/08\/PUR2_Lager-1536x665.jpg 1536w, https:\/\/vcp.de\/pfadfinden\/wp-content\/uploads\/2021\/08\/PUR2_Lager.jpg 1891w\" sizes=\"auto, (max-width: 800px) 100vw, 800px\" \/><\/a><figcaption id=\"caption-attachment-22891\" class=\"wp-caption-text\">Bildquelle: Salzburger Pfadfinder und Pfadfinderinnen<\/figcaption><\/figure>\n<p>Vom 1. Bis 11. August 2022 veranstalten die Salzburger Pfadfinder und Pfadfinderinnen ein Pfadfinderlager in Ebenau, einem Naturparadies inmitten von Bergen, W\u00e4ldern &amp; Seen.<\/p>\n<p>Passend zum Thema Natur, Nachhaltigkeit, Regionalit\u00e4t und Besinnung auf das Urspr\u00fcngliche lautet der Titel des Lagers PUR. Der Name wird Programm und so erwartet alle Teilnehmenden das pure Abenteuer \u201eLandeslager\u201c: Hiken, Flo\u00dfbau, Kunst-Workshops, Silent-Disco, um nur einige Programmpunkte zu nennen. Die 11 Tage versprechen voller Abenteuer, Erlebnisse und internationaler Begegnungen zu werden. Worauf wartet ihr?!<\/p>\n<p>Anmelden k\u00f6nnt ihr euch ab sofort <strong>bis zum 31.10.2021<\/strong> <a href=\"http:\/\/anmeldung.pur22.at\/\">hier<\/a>. Weitere Informationen rund ums Lager findet ihr <a href=\"http:\/\/www.pur22.at\/\">hier<\/a> oder in der Einladung: <a href=\"https:\/\/www.vcp.de\/pfadfinden\/wp-content\/uploads\/2021\/08\/Einladung_PUR22_DE.pdf\">Einladung_PUR22_<\/a><\/p>\n","protected":false},"excerpt":{"rendered":"<p>Neuigkeiten f\u00fcr Pfadfinder*innen der Ranger\/Rover-Stufe aller Verb\u00e4nde! Vom 1. Bis 11. August 2022 veranstalten die Salzburger Pfadfinder und Pfadfinderinnen ein Pfadfinderlager in Ebenau, einem Naturparadies inmitten von Bergen, W\u00e4ldern &amp; Seen. Passend zum Thema Natur, Nachhaltigkeit, Regionalit\u00e4t und Besinnung auf das Urspr\u00fcngliche lautet der Titel des Lagers PUR. Der Name wird Programm und so erwartet [&hellip;]<\/p>\n","protected":false},"author":52,"featured_media":22887,"comment_status":"closed","ping_status":"open","sticky":false,"template":"","format":"standard","meta":{"_acf_changed":false,"inline_featured_image":false,"footnotes":""},"categories":[14],"tags":[],"class_list":["post-22886","post","type-post","status-publish","format-standard","has-post-thumbnail","hentry","category-internationales"],"acf":[],"_links":{"self":[{"href":"https:\/\/vcp.de\/pfadfinden\/wp-json\/wp\/v2\/posts\/22886","targetHints":{"allow":["GET"]}}],"collection":[{"href":"https:\/\/vcp.de\/pfadfinden\/wp-json\/wp\/v2\/posts"}],"about":[{"href":"https:\/\/vcp.de\/pfadfinden\/wp-json\/wp\/v2\/types\/post"}],"author":[{"embeddable":true,"href":"https:\/\/vcp.de\/pfadfinden\/wp-json\/wp\/v2\/users\/52"}],"replies":[{"embeddable":true,"href":"https:\/\/vcp.de\/pfadfinden\/wp-json\/wp\/v2\/comments?post=22886"}],"version-history":[{"count":0,"href":"https:\/\/vcp.de\/pfadfinden\/wp-json\/wp\/v2\/posts\/22886\/revisions"}],"wp:featuredmedia":[{"embeddable":true,"href":"https:\/\/vcp.de\/pfadfinden\/wp-json\/wp\/v2\/media\/22887"}],"wp:attachment":[{"href":"https:\/\/vcp.de\/pfadfinden\/wp-json\/wp\/v2\/media?parent=22886"}],"wp:term":[{"taxonomy":"category","embeddable":true,"href":"https:\/\/vcp.de\/pfadfinden\/wp-json\/wp\/v2\/categories?post=22886"},{"taxonomy":"post_tag","embeddable":true,"href":"https:\/\/vcp.de\/pfadfinden\/wp-json\/wp\/v2\/tags?post=22886"}],"curies":[{"name":"wp","href":"https:\/\/api.w.org\/{rel}","templated":true}]}}