{"id":22782,"date":"2021-08-11T13:48:36","date_gmt":"2021-08-11T11:48:36","guid":{"rendered":"https:\/\/www.vcp.de\/pfadfinden\/?p=22782"},"modified":"2021-08-11T13:54:19","modified_gmt":"2021-08-11T11:54:19","slug":"walking-together-walking-far-die-37-weltkonferenz-von-wagggs","status":"publish","type":"post","link":"https:\/\/vcp.de\/pfadfinden\/internationales\/walking-together-walking-far-die-37-weltkonferenz-von-wagggs\/","title":{"rendered":"\u201cWalking together, walking far\u201d &#8211; die 37. Weltkonferenz von WAGGGS"},"content":{"rendered":"<p>Vom 27.-31.07. fand sich die deutsche Delegation zu Weltkonferenz von WAGGGS in K\u00f6ln zusammen. Aufgrund von Covid-19 konnte die Konferenz nicht im vergangenen Jahr in Uganda stattfinden und wurde in dieses Jahr verschoben werden. So fand sie nun digital statt und die rund 900 Teilnehmer*innen schalteten sich aus mehr als 120 L\u00e4ndern online dazu.<\/p>\n<p>Aus Deutschland haben wir mit einer Delegation aus zehn Personen teilgenommen. Darunter Personen aus den bei WAGGGS aktiven Verb\u00e4nde BdP, PSG, VCP und die Ringe-IC als Vertreterin des rdp. Leider konnten wir keine*n Teilnehmer*in aus dem BMPPD als Delegationsmitglied mitnehmen.<\/p>\n<p><a href=\"https:\/\/www.vcp.de\/pfadfinden\/wp-content\/uploads\/2021\/08\/MicrosoftTeams-image-42.jpg\"><img loading=\"lazy\" decoding=\"async\" class=\"aligncenter wp-image-22783 size-medium\" src=\"https:\/\/www.vcp.de\/pfadfinden\/wp-content\/uploads\/2021\/08\/MicrosoftTeams-image-42-300x225.jpg\" alt=\"\" width=\"300\" height=\"225\" srcset=\"https:\/\/vcp.de\/pfadfinden\/wp-content\/uploads\/2021\/08\/MicrosoftTeams-image-42-300x225.jpg 300w, https:\/\/vcp.de\/pfadfinden\/wp-content\/uploads\/2021\/08\/MicrosoftTeams-image-42-1024x768.jpg 1024w, https:\/\/vcp.de\/pfadfinden\/wp-content\/uploads\/2021\/08\/MicrosoftTeams-image-42-768x576.jpg 768w, https:\/\/vcp.de\/pfadfinden\/wp-content\/uploads\/2021\/08\/MicrosoftTeams-image-42.jpg 1280w\" sizes=\"auto, (max-width: 300px) 100vw, 300px\" \/><\/a><\/p>\n<h3>Um was ging es bei der Weltkonferenz? &#8211; Die Antr\u00e4ge<\/h3>\n<p>Die insgesamt 25 Antr\u00e4ge und 9 \u00c4nderungsantr\u00e4ge, die sich mit der Zukunft des Weltverbands besch\u00e4ftigen, bezogen sich unter anderem auf die St\u00e4rkung junger Frauen und M\u00e4dchen im Verband. So sollen ab sofort mindestens zwei Personen in den h\u00f6chsten Gremien auf Regional- und Weltebene unter 30 sein. Au\u00dferdem soll es vor Welt- und Regionalkonferenzen Vorbereitungsevents f\u00fcr junge Delegationsmitglieder*innen geben, sodass junge Menschen aus allen Delegationen gut auf die Konferenzen vorbereitet sind. Zus\u00e4tzlich haben wir die online Teilnahme an Konferenzen durch die Zustimmung eines Antrages m\u00f6glich gemacht.<\/p>\n<h3>Das neue World Board<\/h3>\n<p>In das insgesamt 12 k\u00f6pfige World Board werden im Dreijahresrhythmus, also bei jeder Weltkonferenz sechs neue Mitglieder*innen gew\u00e4hlt, so auch bei der diesj\u00e4hrigen online Weltkonferenz. Aufgrund der Verschiebung der Weltkonferenz vom vergangenen in dieses Jahr hatte das Board im Vergangenen Jahr mit verringerter Zahl gearbeitet. Die sechs neu gew\u00e4hlten Mitglieder*innen sind:<\/p>\n<p><a href=\"https:\/\/www.vcp.de\/pfadfinden\/wp-content\/uploads\/2021\/08\/WAGGGS-Word-Board-2021.jpg\"><img loading=\"lazy\" decoding=\"async\" class=\"aligncenter wp-image-22784 size-medium\" src=\"https:\/\/www.vcp.de\/pfadfinden\/wp-content\/uploads\/2021\/08\/WAGGGS-Word-Board-2021-270x300.jpg\" alt=\"\" width=\"270\" height=\"300\" srcset=\"https:\/\/vcp.de\/pfadfinden\/wp-content\/uploads\/2021\/08\/WAGGGS-Word-Board-2021-270x300.jpg 270w, https:\/\/vcp.de\/pfadfinden\/wp-content\/uploads\/2021\/08\/WAGGGS-Word-Board-2021.jpg 428w\" sizes=\"auto, (max-width: 270px) 100vw, 270px\" \/><\/a><\/p>\n<p>Jess Bond (Gro\u00dfbritannien), Fiona Bradley (Neuseeland), Chamathya Fernando (Sri Lanka), Candela Gonzalez (Argentinien), Debra Nakatomi (USA) und Christiane Rouhana (Libanon). Heidi Jokinen (Finnland), der noch drei Jahre Amtszeit bevorstehen, ist erneut zum Chair (Vorsitzende) des World Boards gew\u00e4hlt worden.<\/p>\n<h3>Wo wird die 38. Weltkonferenz im Jahr 2023 stattfinden?<\/h3>\n<p>Neben Antr\u00e4gen und der Wahl von Kandidaten*innen fand die Wahl f\u00fcr den Ausrichtungsort der n\u00e4chsten Weltkonferenz im Jahr 2023 statt. Hierf\u00fcr hatten sich Malaysia, Oman, USA und Zypern beworben. Nach einem spannenden Wahlgang gewann Zypern. Somit darf die Girl Guides Association of Cyprus die Konferenz in der Stadt Nikosia ausrichten. Das bedeutet, dass die kommende Konferenz in der Europaregion stattfindet.<\/p>\n<p>&nbsp;<\/p>\n","protected":false},"excerpt":{"rendered":"<p>Vom 27.-31.07. fand sich die deutsche Delegation zu Weltkonferenz von WAGGGS in K\u00f6ln zusammen. Aufgrund von Covid-19 konnte die Konferenz nicht im vergangenen Jahr in Uganda stattfinden und wurde in dieses Jahr verschoben werden. So fand sie nun digital statt und die rund 900 Teilnehmer*innen schalteten sich aus mehr als 120 L\u00e4ndern online dazu. Aus [&hellip;]<\/p>\n","protected":false},"author":3,"featured_media":22783,"comment_status":"closed","ping_status":"open","sticky":false,"template":"","format":"standard","meta":{"_acf_changed":false,"inline_featured_image":false,"footnotes":""},"categories":[14],"tags":[],"class_list":["post-22782","post","type-post","status-publish","format-standard","has-post-thumbnail","hentry","category-internationales"],"acf":[],"_links":{"self":[{"href":"https:\/\/vcp.de\/pfadfinden\/wp-json\/wp\/v2\/posts\/22782","targetHints":{"allow":["GET"]}}],"collection":[{"href":"https:\/\/vcp.de\/pfadfinden\/wp-json\/wp\/v2\/posts"}],"about":[{"href":"https:\/\/vcp.de\/pfadfinden\/wp-json\/wp\/v2\/types\/post"}],"author":[{"embeddable":true,"href":"https:\/\/vcp.de\/pfadfinden\/wp-json\/wp\/v2\/users\/3"}],"replies":[{"embeddable":true,"href":"https:\/\/vcp.de\/pfadfinden\/wp-json\/wp\/v2\/comments?post=22782"}],"version-history":[{"count":0,"href":"https:\/\/vcp.de\/pfadfinden\/wp-json\/wp\/v2\/posts\/22782\/revisions"}],"wp:featuredmedia":[{"embeddable":true,"href":"https:\/\/vcp.de\/pfadfinden\/wp-json\/wp\/v2\/media\/22783"}],"wp:attachment":[{"href":"https:\/\/vcp.de\/pfadfinden\/wp-json\/wp\/v2\/media?parent=22782"}],"wp:term":[{"taxonomy":"category","embeddable":true,"href":"https:\/\/vcp.de\/pfadfinden\/wp-json\/wp\/v2\/categories?post=22782"},{"taxonomy":"post_tag","embeddable":true,"href":"https:\/\/vcp.de\/pfadfinden\/wp-json\/wp\/v2\/tags?post=22782"}],"curies":[{"name":"wp","href":"https:\/\/api.w.org\/{rel}","templated":true}]}}