{"id":22700,"date":"2021-08-01T15:16:53","date_gmt":"2021-08-01T13:16:53","guid":{"rendered":"https:\/\/www.vcp.de\/pfadfinden\/?p=22700"},"modified":"2021-08-04T15:19:47","modified_gmt":"2021-08-04T13:19:47","slug":"aktuelles-aus-der-bundesleitung","status":"publish","type":"post","link":"https:\/\/vcp.de\/pfadfinden\/allgemein\/aktuelles-aus-der-bundesleitung\/","title":{"rendered":"Aktuelles aus der Bundesleitung"},"content":{"rendered":"<p>Vom 2.7. bis 4.7. trafen sich die Bundesleitungen (BL) der jeweiligen rdp-Verb\u00e4nde (BdP, dpsg, psg, VCP und BMPPD) zur j\u00e4hrlichen sogenannten \u201eRinge-BL\u201c im Bundeszentrum der dpsg in Westernohe.<\/p>\n<p>An einem Ringe-BL Sitzungswochenende gibt es immer die M\u00f6glichkeit jeweils in den eigenen Verb\u00e4nden eine regul\u00e4re Sitzung durchzuf\u00fchren, aber eben auch die direkte M\u00f6glichkeit sich mit den Leitungen der anderen Ringveb\u00e4nde in Pausen, beim Essen und insbesondere bei gemeinsamen Programmpunkten auszutauschen und kennen zu lernen.<\/p>\n<p>Der VCP interne Sitzungsteil war dieses Mal relativ kurz gehalten, wobei dennoch wichtige Entscheidungen getroffen wurden.<\/p>\n<p>Aus der Arbeit der <strong>Pfadfindung<\/strong>ssteurungs-Gruppe wurde berichtet und deutlich gemacht, dass die Pfadfindungsziele noch deutlicher im Verband pr\u00e4sent sein m\u00fcssen, um so auch die Beteiligung der gro\u00dfen Verbandsmehrheit zu erreichen.<\/p>\n<p>Bei der Neukonzeptionierung des <strong>Woodbadge<\/strong>-Trainings sind weitere konkrete Schritte gegangen worden, insbesondere sind die jeweiligen Landes-Schulungsteams schon direkt in den Konzeptionierungsprozess einbezogen und profitieren von der Neuausrichtung.<\/p>\n<p>Einen gro\u00dfen Schwerpunkt der Sitzung stellten Inhalte des Referates <strong>St\u00e4mme<\/strong> dar. Die Bundesleitung hat entschieden, die in Projektgruppen begonnenen Arbeitsschwerpunkte, wie zum Beispiel das <strong>Baghira<\/strong> Stammesmentoring-Programm, in einer Fachgruppenstruktur zu verstetigen.<\/p>\n<p>Auch das Projekt <strong>PfAU<\/strong> (Pfadis in Ausbildung und an Universit\u00e4ten) started gerade durch und zeigt, dass es insbesondere in dieser Lebensphase einen Bedarf gibt, dem VCP\/der pfadfinderischen Arbeit verbunden zu bleiben.<\/p>\n<p>Im gemeinsamen Austausch am Nachmittag war dann PfAU auch gleich einer der thematischen Schwerpunkte zu denen man in Kleingruppen \u00fcber die Verb\u00e4nde hinweg ins Gespr\u00e4ch kam. Neben anderen Themen wurde weiterhin Best Practice und Ideen zu neuer (hauptamtlicher) Mitarbeiter*innen Gewinnung (auch f\u00fcr Bundesleitungen) und Aufarbeitung sexuellen Missbrauchs ausgetauscht, sowie ein inhaltlicher Abgleich zu Themen der anstehenden Weltkonferenzen angeboten.<\/p>\n<p>Mit einem gemeinsamen Abendprogramm am Lagerfeuer endete die Ringe-BL f\u00fcr den VCP, w\u00e4hrend andere Verb\u00e4nde auch noch am Sonntagvormittag weitertagten.<\/p>\n","protected":false},"excerpt":{"rendered":"<p>Vom 2.7. bis 4.7. trafen sich die Bundesleitungen (BL) der jeweiligen rdp-Verb\u00e4nde (BdP, dpsg, psg, VCP und BMPPD) zur j\u00e4hrlichen sogenannten \u201eRinge-BL\u201c im Bundeszentrum der dpsg in Westernohe. An einem Ringe-BL Sitzungswochenende gibt es immer die M\u00f6glichkeit jeweils in den eigenen Verb\u00e4nden eine regul\u00e4re Sitzung durchzuf\u00fchren, aber eben auch die direkte M\u00f6glichkeit sich mit den [&hellip;]<\/p>\n","protected":false},"author":52,"featured_media":20832,"comment_status":"closed","ping_status":"open","sticky":false,"template":"","format":"standard","meta":{"_acf_changed":false,"inline_featured_image":false,"footnotes":""},"categories":[1],"tags":[],"class_list":["post-22700","post","type-post","status-publish","format-standard","has-post-thumbnail","hentry","category-allgemein"],"acf":[],"_links":{"self":[{"href":"https:\/\/vcp.de\/pfadfinden\/wp-json\/wp\/v2\/posts\/22700","targetHints":{"allow":["GET"]}}],"collection":[{"href":"https:\/\/vcp.de\/pfadfinden\/wp-json\/wp\/v2\/posts"}],"about":[{"href":"https:\/\/vcp.de\/pfadfinden\/wp-json\/wp\/v2\/types\/post"}],"author":[{"embeddable":true,"href":"https:\/\/vcp.de\/pfadfinden\/wp-json\/wp\/v2\/users\/52"}],"replies":[{"embeddable":true,"href":"https:\/\/vcp.de\/pfadfinden\/wp-json\/wp\/v2\/comments?post=22700"}],"version-history":[{"count":0,"href":"https:\/\/vcp.de\/pfadfinden\/wp-json\/wp\/v2\/posts\/22700\/revisions"}],"wp:featuredmedia":[{"embeddable":true,"href":"https:\/\/vcp.de\/pfadfinden\/wp-json\/wp\/v2\/media\/20832"}],"wp:attachment":[{"href":"https:\/\/vcp.de\/pfadfinden\/wp-json\/wp\/v2\/media?parent=22700"}],"wp:term":[{"taxonomy":"category","embeddable":true,"href":"https:\/\/vcp.de\/pfadfinden\/wp-json\/wp\/v2\/categories?post=22700"},{"taxonomy":"post_tag","embeddable":true,"href":"https:\/\/vcp.de\/pfadfinden\/wp-json\/wp\/v2\/tags?post=22700"}],"curies":[{"name":"wp","href":"https:\/\/api.w.org\/{rel}","templated":true}]}}