{"id":22577,"date":"2021-07-23T08:06:51","date_gmt":"2021-07-23T06:06:51","guid":{"rendered":"https:\/\/www.vcp.de\/pfadfinden\/?p=22577"},"modified":"2021-07-23T08:36:10","modified_gmt":"2021-07-23T06:36:10","slug":"euer-wahllokal-zur-u18-wahl","status":"publish","type":"post","link":"https:\/\/vcp.de\/pfadfinden\/superwahljahr\/euer-wahllokal-zur-u18-wahl\/","title":{"rendered":"Euer Wahllokal zur U18-Wahl"},"content":{"rendered":"<h4>Heute in zwei Monaten, am 26. September 2021, finden die Bundestagswahlen statt. Da wir ein Kinder- und Jugendverband sind, d\u00fcrfen viele unserer Mitglieder aber noch nicht w\u00e4hlen. Trotzdem ist es wichtig, dass auch junge Menschen ihre politische Meinung zum Ausdruck bringen k\u00f6nnen. Daf\u00fcr gibt es die U18-Wahlen!<\/h4>\n<p>Sie finden neun Tage vor der \u201eeigentlichen\u201c Wahl statt und sind f\u00fcr alle unter 18-j\u00e4hrige offen. F\u00fcr die U18-Wahl braucht es selbstverst\u00e4ndlich auch Wahllokale und genau so eins k\u00f6nnt ihr als Stamm gemeinsam mit St\u00e4mmen aus anderen Verb\u00e4nden anbieten!<\/p>\n<p>Dazu hat eine Arbeitsgruppe des Rings deutscher Pfadfinder*innenverb\u00e4nde e.V. (rdp e.V.) einen <strong>Leitfaden (<a href=\"https:\/\/www.vcp.de\/pfadfinden\/wp-content\/uploads\/2021\/07\/Leitfaden-U18-Wahl.pdf\">Leitfaden U18-Wahl<\/a>)<\/strong> ausgearbeitet. Wie k\u00f6nnt ihr also jetzt ein Wahllokal anbieten? Das ist ganz einfach. Wie das geht, erfahrt ihr im Folgenden:<\/p>\n<p><strong><em>Wie <\/em><\/strong><strong><em>selbst ein U18 Wahllokal anbieten?<\/em><\/strong><\/p>\n<ul>\n<li>Um selbst ein U18 Wahllokal anbieten zu k\u00f6nnen, muss es zun\u00e4chst \u00fcber die <a href=\"https:\/\/www.u18.org\/start\">U18 Webseite<\/a> angemeldet und freigeschaltet werden. Dort erhaltet ihr auch s\u00e4mtliche Unterlagen und Dokumente, um die Wahl durchzuf\u00fchren. Diese sollen dann am Wahltag im Wahllokal ausgeh\u00e4ngt bzw. ausgelegt werden. Selbst ben\u00f6tigt ihr lediglich eine Wahlurne, eine Wahlkabine (damit die Wahlen auch geheim bleiben), ein paar Kugelschreiber und Stimmzettel. Es ergibt h\u00e4ufig auch Sinn, einen Stempel oder \u00e4hnliches zur Markierung von W\u00e4hler*innen bereitzuhalten, um Doppelwahlen zu vermeiden. Und dann kann es losgehen.<\/li>\n<li>Bitte beachtet bei allem die aktuell geltenden Corona-Schutzverordnungen und entsprechenden Hygienevorschriften bei euch vor Ort.<\/li>\n<li>Kontaktdaten zu den Ansprechpartner*innen zur U18-Wahl in eurem Bundesland findet ihr <a href=\"https:\/\/www.u18.org\/kontakt-1\">hier<\/a>.<\/li>\n<\/ul>\n<p><strong><em>Wie findet ihr weitere St\u00e4mme in eurer Stadt\/ eurem Wahlkreis? <\/em><\/strong><\/p>\n<ul>\n<li>Hier hilft nat\u00fcrlich schnell und einfach das Internet. Unter folgenden Links k\u00f6nnt ihr in eurer Umgebung nach St\u00e4mmen suchen:\n<ul>\n<li>BdP: <a href=\"https:\/\/www.pfadfinden.de\/kontakt\/gruppen-vor-ort\/\">https:\/\/www.pfadfinden.de\/kontakt\/gruppen-vor-ort\/<\/a><\/li>\n<li>BMPPD: E-Mail an <a href=\"mailto:kontakt@moslemische-pfadfinder.de\">kontakt@moslemische-pfadfinder.de<\/a><\/li>\n<li>DPSG: <a href=\"https:\/\/dpsg.de\/nc\/stammeskarte.html\">https:\/\/dpsg.de\/nc\/stammeskarte.html<\/a><\/li>\n<li>PSG: <a href=\"https:\/\/www.pfadfinderinnen.de\/dioezesanbueros.html\">https:\/\/www.pfadfinderinnen.de\/dioezesanbueros.html<\/a><\/li>\n<li>VCP: <a href=\"https:\/\/www.vcp.de\/kontakt\/staemme-vor-ort\">https:\/\/www.vcp.de\/kontakt\/staemme-vor-ort<\/a><\/li>\n<\/ul>\n<\/li>\n<li>Oft gibt es in St\u00e4dten einen Stadtjugendring (SJR), wo euch sicherlich gerne bei der Suche nach weiteren Pfadfinder*innenst\u00e4mmen geholfen wird.<\/li>\n<\/ul>\n<p>Diese Aktion ist eine tolle Chance, um sich nicht nur f\u00fcr die junge Gesellschaft einzusetzen, sondern sich auch untereinander zu vernetzen und kennenzulernen.<\/p>\n<h3>Wer hat die sch\u00f6nste Wahlurne?<\/h3>\n<p>Was darf in einem Wahllokal nicht fehlen? Richtig, die Wahlurne! Und wenn ihr schon mal dabei seid, diese zu besorgen, dann k\u00f6nnt ihr sie auch noch kreativ gestalten. Wir wollen n\u00e4mlich eure Wahlurnen sehen &#8211; und f\u00fcr die sch\u00f6nste Urne im ganzen Land gibt es auch etwas zu gewinnen.<\/p>\n<p><a href=\"https:\/\/www.vcp.de\/pfadfinden\/die-u-18-wahlen-was-ist-das\/\">https:\/\/www.vcp.de\/pfadfinden\/die-u-18-wahlen-was-ist-das\/<\/a><\/p>\n","protected":false},"excerpt":{"rendered":"<p>Heute in zwei Monaten, am 26. September 2021, finden die Bundestagswahlen statt. Da wir ein Kinder- und Jugendverband sind, d\u00fcrfen viele unserer Mitglieder aber noch nicht w\u00e4hlen. Trotzdem ist es wichtig, dass auch junge Menschen ihre politische Meinung zum Ausdruck bringen k\u00f6nnen. Daf\u00fcr gibt es die U18-Wahlen! Sie finden neun Tage vor der \u201eeigentlichen\u201c Wahl [&hellip;]<\/p>\n","protected":false},"author":50,"featured_media":21422,"comment_status":"closed","ping_status":"open","sticky":false,"template":"","format":"standard","meta":{"_acf_changed":false,"inline_featured_image":false,"footnotes":""},"categories":[444,446],"tags":[],"class_list":["post-22577","post","type-post","status-publish","format-standard","has-post-thumbnail","hentry","category-superwahljahr","category-u-18-wahlen"],"acf":[],"_links":{"self":[{"href":"https:\/\/vcp.de\/pfadfinden\/wp-json\/wp\/v2\/posts\/22577","targetHints":{"allow":["GET"]}}],"collection":[{"href":"https:\/\/vcp.de\/pfadfinden\/wp-json\/wp\/v2\/posts"}],"about":[{"href":"https:\/\/vcp.de\/pfadfinden\/wp-json\/wp\/v2\/types\/post"}],"author":[{"embeddable":true,"href":"https:\/\/vcp.de\/pfadfinden\/wp-json\/wp\/v2\/users\/50"}],"replies":[{"embeddable":true,"href":"https:\/\/vcp.de\/pfadfinden\/wp-json\/wp\/v2\/comments?post=22577"}],"version-history":[{"count":0,"href":"https:\/\/vcp.de\/pfadfinden\/wp-json\/wp\/v2\/posts\/22577\/revisions"}],"wp:featuredmedia":[{"embeddable":true,"href":"https:\/\/vcp.de\/pfadfinden\/wp-json\/wp\/v2\/media\/21422"}],"wp:attachment":[{"href":"https:\/\/vcp.de\/pfadfinden\/wp-json\/wp\/v2\/media?parent=22577"}],"wp:term":[{"taxonomy":"category","embeddable":true,"href":"https:\/\/vcp.de\/pfadfinden\/wp-json\/wp\/v2\/categories?post=22577"},{"taxonomy":"post_tag","embeddable":true,"href":"https:\/\/vcp.de\/pfadfinden\/wp-json\/wp\/v2\/tags?post=22577"}],"curies":[{"name":"wp","href":"https:\/\/api.w.org\/{rel}","templated":true}]}}