{"id":22320,"date":"2021-06-27T07:47:30","date_gmt":"2021-06-27T05:47:30","guid":{"rendered":"https:\/\/www.vcp.de\/pfadfinden\/?p=22320"},"modified":"2023-02-01T15:57:21","modified_gmt":"2023-02-01T14:57:21","slug":"grussworte-zum-anp-geburtstag","status":"publish","type":"post","link":"https:\/\/vcp.de\/pfadfinden\/auf-neuem-pfad\/grussworte-zum-anp-geburtstag\/","title":{"rendered":"Gru\u00dfworte zum anp-Geburtstag"},"content":{"rendered":"<h3>Ralf Meister<\/h3>\n<p><strong>Landesbischof der evangelisch-Lutherischen Landeskirche Hannovers<\/strong><\/p>\n<figure id=\"attachment_22322\" aria-describedby=\"caption-attachment-22322\" style=\"width: 150px\" class=\"wp-caption aligncenter\"><a href=\"https:\/\/www.vcp.de\/pfadfinden\/wp-content\/uploads\/2021\/06\/Landesbischof-Meister_Foto_Jens-Schulze-682x1024-1.jpg\"><img decoding=\"async\" loading=\"lazy\" class=\"size-thumbnail wp-image-22322\" src=\"https:\/\/www.vcp.de\/pfadfinden\/wp-content\/uploads\/2021\/06\/Landesbischof-Meister_Foto_Jens-Schulze-682x1024-1-150x150.jpg\" alt=\"\" width=\"150\" height=\"150\" srcset=\"https:\/\/www.vcp.de\/pfadfinden\/wp-content\/uploads\/2021\/06\/Landesbischof-Meister_Foto_Jens-Schulze-682x1024-1-150x150.jpg 150w, https:\/\/www.vcp.de\/pfadfinden\/wp-content\/uploads\/2021\/06\/Landesbischof-Meister_Foto_Jens-Schulze-682x1024-1-45x45.jpg 45w\" sizes=\"auto, (max-width: 150px) 100vw, 150px\" \/><\/a><figcaption id=\"caption-attachment-22322\" class=\"wp-caption-text\">Foto: Jens Schulze<\/figcaption><\/figure>\n<p>&#8222;Es war eines meiner gr\u00f6\u00dften Abenteuer&#8220;, habe ich mal in einem Interview auf die Frage geantwortet, was die Zeit als aktiver Pfadfinder bedeutet. Pfadfinder und Kirche pflegen eine weltweite Gemeinschaft mit vielen beeindruckenden Begegnungen. Zu den gr\u00f6\u00dften freien Jugendbewegungen der Welt zu geh\u00f6ren, ist ein wichtiges und sch\u00f6nes Identit\u00e4tsgef\u00fchl.<\/p>\n<p>\u201eanp\u201c ist dabei f\u00fcr mich zu einem Medium geworden, das mich neben Begegnungen schon viele Jahre verl\u00e4sslich mit dieser Gemeinschaft verbindet. Dabei ist die Zeitschrift des VCP alles andere als eine \u201ealte Dame\u201c mit ihren 100 Jahren. Sie hat manchen Wandel durchlaufen seit der ersten Ausgabe 1921. Begleitet durch moderne digitale Angebote kann sie sich sehen lassen.<\/p>\n<p>Eine vielf\u00e4ltig aufgestellte Kommunikation macht aufmerksam auf das, was die Arbeit der Pfadfindergruppen seit meiner Jugend immer noch pr\u00e4gt: die Gemeinschaft in Frei- und Lernr\u00e4umen jenseits von Schule, Ausbildung, Studium und Arbeit. Diese gro\u00dfe Freiheit und zugleich die Bereitschaft zur Verbindlichkeit und zur Verantwortung sind eine wunderbare Kombination. Die gegenseitige Verbundenheit ist eine Bereicherung f\u00fcr beide Seiten. Verbandsnachrichten, die journalistisch weit \u00fcber den nachrichtlichen Charakter hinausgehen, sondern ethische Fragen stellen, unterhalten und geistliche Anregungen bieten, tragen dazu pr\u00e4gend bei.<\/p>\n<p>Dass \u201eanp\u201c ausgerechnet in einem Jahr das 100. Jubil\u00e4um feiert, in dem uns pandemiebedingt so vieles nicht m\u00f6glich ist, was die Arbeit des VCP ausmacht, ist ermutigend. Wir bleiben in Kontakt und finden Wege der Gemeinschaft.<\/p>\n<p>Allen, die an der Kommunikation f\u00fcr den VCP mitarbeiten, w\u00fcnsche ich Gottes Segen f\u00fcr Eure Arbeit.<\/p>\n<p>Gut Pfad!<br \/>\nEuer Ralf Meister<\/p>\n<div class=\"brlbs-cmpnt-container brlbs-cmpnt-content-blocker brlbs-cmpnt-with-individual-styles\" data-borlabs-cookie-content-blocker-id=\"vimeo-content-blocker\" data-borlabs-cookie-content=\"PGlmcmFtZSBsb2FkaW5nPSJsYXp5IiB0aXRsZT0iRmlsbSBtaXQgUmFsZiBNZWlzdGVyIiBzcmM9Imh0dHBzOi8vcGxheWVyLnZpbWVvLmNvbS92aWRlby8zNDM4MzIwNjE\/aD0wODBlOTAzN2E0JmFtcDtkbnQ9MSZhbXA7YXBwX2lkPTEyMjk2MyIgd2lkdGg9IjY0MCIgaGVpZ2h0PSIzNjAiIGZyYW1lYm9yZGVyPSIwIiBhbGxvdz0iYXV0b3BsYXk7IGZ1bGxzY3JlZW47IHBpY3R1cmUtaW4tcGljdHVyZSIgYWxsb3dmdWxsc2NyZWVuPjwvaWZyYW1lPg==\">\n<div class=\"brlbs-cmpnt-cb-preset-c brlbs-cmpnt-cb-vimeo\">\n<div class=\"brlbs-cmpnt-cb-thumbnail\" style=\"background-image: url('https:\/\/vcp.de\/pfadfinden\/wp-content\/uploads\/borlabs-cookie\/1\/brlbs-cb-vimeo-main.png')\"><\/div>\n<div class=\"brlbs-cmpnt-cb-main\">\n<div class=\"brlbs-cmpnt-cb-play-button\"><\/div>\n<div class=\"brlbs-cmpnt-cb-content\">\n<p class=\"brlbs-cmpnt-cb-description\">Sie sehen gerade einen Platzhalterinhalt von <strong>Vimeo<\/strong>. Um auf den eigentlichen Inhalt zuzugreifen, klicken Sie auf die Schaltfl\u00e4che unten. Bitte beachten Sie, dass dabei Daten an Drittanbieter weitergegeben werden.<\/p>\n<p> <a class=\"brlbs-cmpnt-cb-provider-toggle\" href=\"#\" data-borlabs-cookie-show-provider-information role=\"button\">Mehr Informationen<\/a> <\/div>\n<div class=\"brlbs-cmpnt-cb-buttons\"> <a class=\"brlbs-cmpnt-cb-btn\" href=\"#\" data-borlabs-cookie-unblock role=\"button\">Inhalt entsperren<\/a> <a class=\"brlbs-cmpnt-cb-btn\" href=\"#\" data-borlabs-cookie-accept-service role=\"button\" style=\"display: inherit\">Erforderlichen Service akzeptieren und Inhalte entsperren<\/a> <\/div>\n<\/p><\/div>\n<\/p><\/div>\n<\/div>\n<blockquote class=\"wp-embedded-content\" data-secret=\"pVv45sVUb2\"><p><a href=\"https:\/\/www.vcp.de\/pfadfinden\/allgemein\/aktuell-bei-der-evangelischen-stiftung-pfadfinden\/\">Aktuell bei der Evangelischen Stiftung Pfadfinden<\/a><\/p><\/blockquote>\n<p><iframe loading=\"lazy\" class=\"wp-embedded-content\" sandbox=\"allow-scripts\" security=\"restricted\" style=\"position: absolute; visibility: hidden;\" title=\"&#8222;Aktuell bei der Evangelischen Stiftung Pfadfinden&#8220; &#8212; VCP-Blog\" src=\"https:\/\/www.vcp.de\/pfadfinden\/allgemein\/aktuell-bei-der-evangelischen-stiftung-pfadfinden\/embed\/#?secret=J9UyOspn3n#?secret=pVv45sVUb2\" data-secret=\"pVv45sVUb2\" width=\"600\" height=\"338\" frameborder=\"0\" marginwidth=\"0\" marginheight=\"0\" scrolling=\"no\"><\/iframe><\/p>\n<blockquote class=\"wp-embedded-content\" data-secret=\"5V9K9orpTQ\"><p><a href=\"https:\/\/www.vcp.de\/pfadfinden\/allgemein\/landesbischof-ralf-meister-zum-vorsitzenden-des-kuratoriums-der-evangelischen-stiftung-pfadfinden-gewaehlt\/\">Landesbischof Ralf Meister zum Vorsitzenden des Kuratoriums der Evangelischen Stiftung Pfadfinden gew\u00e4hlt<\/a><\/p><\/blockquote>\n<p><iframe loading=\"lazy\" class=\"wp-embedded-content\" sandbox=\"allow-scripts\" security=\"restricted\" style=\"position: absolute; visibility: hidden;\" title=\"&#8222;Landesbischof Ralf Meister zum Vorsitzenden des Kuratoriums der Evangelischen Stiftung Pfadfinden gew\u00e4hlt&#8220; &#8212; VCP-Blog\" src=\"https:\/\/www.vcp.de\/pfadfinden\/allgemein\/landesbischof-ralf-meister-zum-vorsitzenden-des-kuratoriums-der-evangelischen-stiftung-pfadfinden-gewaehlt\/embed\/#?secret=3gd4WrXP8A#?secret=5V9K9orpTQ\" data-secret=\"5V9K9orpTQ\" width=\"600\" height=\"338\" frameborder=\"0\" marginwidth=\"0\" marginheight=\"0\" scrolling=\"no\"><\/iframe><\/p>\n<h3>Thomas Korte<\/h3>\n<p><strong>Kassel<\/strong><\/p>\n<figure id=\"attachment_22325\" aria-describedby=\"caption-attachment-22325\" style=\"width: 150px\" class=\"wp-caption aligncenter\"><a href=\"https:\/\/www.vcp.de\/pfadfinden\/wp-content\/uploads\/2021\/06\/IMG_5566.jpg\"><img decoding=\"async\" loading=\"lazy\" class=\"size-thumbnail wp-image-22325\" src=\"https:\/\/www.vcp.de\/pfadfinden\/wp-content\/uploads\/2021\/06\/IMG_5566-150x150.jpg\" alt=\"\" width=\"150\" height=\"150\" srcset=\"https:\/\/www.vcp.de\/pfadfinden\/wp-content\/uploads\/2021\/06\/IMG_5566-150x150.jpg 150w, https:\/\/www.vcp.de\/pfadfinden\/wp-content\/uploads\/2021\/06\/IMG_5566-45x45.jpg 45w\" sizes=\"auto, (max-width: 150px) 100vw, 150px\" \/><\/a><figcaption id=\"caption-attachment-22325\" class=\"wp-caption-text\">Foto: Privat<\/figcaption><\/figure>\n<p>&nbsp;<\/p>\n<p>Einem alten Weggef\u00e4hrten 31 Jahre nach der letzten Begegnung zum Geburtstag zu gratulieren \u2026 das hat schon etwas.<\/p>\n<p>Allerdings hat es mich etwas \u00fcberrascht, denn meine Mitarbeit an \u201eAuf neuem Pfad\u201c als Pressereferent des VCP begann mit der Ausgabe 3\/1983 im 5. Jahrgang. Aber klar, anp gab es schon als Zeitschrift der Christlichen Pfadfinderschaft Deutschlands. Das spielte f\u00fcr mich keine Rolle. Die journalistische und verbandliche \u00d6ffentlichkeitsarbeit ma\u00df sich an den aktuellen Themen und Diskussionen in Verband und Gesellschaft. In 29 Heften sind Informationen, Erfahrungen, Meinungen und auch heftige Auseinandersetzung lesbar geworden.<\/p>\n<p>Erstaunlich, welche dieser Themen heute noch oder aktuell in \u201eAuf neuem Pfad\u201c von unterschiedlichen Seiten her beleuchtet werden, allerdings nicht mehr in einer schwarz-wei\u00dfen Bleiw\u00fcste, sondern farbig und bunt illustriert. F\u00fcr mich war es damals wichtig, neben der anp \u201eDie Kiste\u201c und ab 1987 \u201ePurzelbaum\u201c und \u201eKopfnuss\u201c als altersgem\u00e4\u00dfe Zeitschriften zu haben. Dies endete mit meinem Ausscheiden aus dem VCP.<\/p>\n<p>Ich w\u00fcnsche \u201eAuf neuem Pfad\u201c weiterhin gute und f\u00fcr jedes Alter lesbare Artikel und eine Themenmischung, die den VCP in seiner Vielfalt widerspiegelt.<\/p>\n<p><em>Thomas Korte<\/em><\/p>\n<h3>Walter Linkmann<\/h3>\n<p><strong>Berlin<\/strong><\/p>\n<figure id=\"attachment_22323\" aria-describedby=\"caption-attachment-22323\" style=\"width: 150px\" class=\"wp-caption aligncenter\"><a href=\"https:\/\/www.vcp.de\/pfadfinden\/wp-content\/uploads\/2021\/06\/Walter_VCP-scaled.jpg\"><img decoding=\"async\" loading=\"lazy\" class=\"size-thumbnail wp-image-22323\" src=\"https:\/\/www.vcp.de\/pfadfinden\/wp-content\/uploads\/2021\/06\/Walter_VCP-150x150.jpg\" alt=\"\" width=\"150\" height=\"150\" srcset=\"https:\/\/www.vcp.de\/pfadfinden\/wp-content\/uploads\/2021\/06\/Walter_VCP-150x150.jpg 150w, https:\/\/www.vcp.de\/pfadfinden\/wp-content\/uploads\/2021\/06\/Walter_VCP-45x45.jpg 45w\" sizes=\"auto, (max-width: 150px) 100vw, 150px\" \/><\/a><figcaption id=\"caption-attachment-22323\" class=\"wp-caption-text\">Foto: Privat<\/figcaption><\/figure>\n<p>\u201eKein Blatt gleicht dem anderen\u201c, war das Vorwort von anp 1\/92 \u00fcberschrieben und es enthielt die Aufl\u00f6sung des Natur-R\u00e4tsels der vorigen Ausgabe. Doris hatte f\u00fcnf Pflanzen-Bl\u00e4tter ausgesucht und niemand konnte sie zuordnen. Nur Nr. 5, da waren sich alle einig, musste Efeu sein. Der Trick unserer \u00d6ko-Referentin: Alle Bl\u00e4tter waren von derselben Efeu-Pflanze im Garten der Bundeszentrale \u2013 und alle verschieden.<\/p>\n<p>Das war zugleich Hinweis auf das neue Zeitschriftenkonzept: Nur noch eine Zeitschrift sollte es geben, aber f\u00fcr die sollte gelten: Kein Blatt gleicht dem anderen! \u201eDas beste anp, das es bisher gab\u201c, stand im Protokoll der Bundesleitung vom M\u00e4rz. \u201eEs wurde scheinbar alles falsch gemacht, was falsch zu machen ist\u201c, schrieb dagegen Petra aus dem Landesb\u00fcro D\u00fcsseldorf. Ihre Zuschrift wurde ungek\u00fcrzt gedruckt \u2013 und alle anderen. F\u00fcr mich war diese Briefflut der Beginn einer wunderbaren Freundschaft zu den Leserinnen und Lesern. Ob Bundeslied oder Baumf\u00e4llungen: In den Brief-Spalten lebte der Verband. Hier war Platz f\u00fcr Kritik an Macho-Spr\u00fcchen, aber auch f\u00fcr die Suche nach dem \u201eHerzbuben vom Maifest\u201c, an dessen Namen sich die Leserin nicht erinnerte (zum Gl\u00fcck hatte sie ein Foto). Ich habe die Pfadfinderinnen und Pfadfinder durch die Briefe an die Redaktion kennengelernt. Das ist vielleicht eine ungew\u00f6hnliche, aber tolle Perspektive.<\/p>\n<p>100 Jahre anp: Gl\u00fcckwunsch, das muss man erst mal schaffen! Bis heute hat die Zeitschrift ihr Versprechen gehalten: Kein Blatt gleicht dem anderen.<\/p>\n<p><em>Walter Linkmann<\/em><\/p>\n<p>&nbsp;<\/p>\n<h3>Diane Tempel-Bornett<\/h3>\n<p><strong>Kassel<\/strong><\/p>\n<figure id=\"attachment_22321\" aria-describedby=\"caption-attachment-22321\" style=\"width: 150px\" class=\"wp-caption aligncenter\"><a href=\"https:\/\/www.vcp.de\/pfadfinden\/wp-content\/uploads\/2021\/06\/diane-tempel_simone-schmid-scaled.jpg\"><img decoding=\"async\" loading=\"lazy\" class=\"size-thumbnail wp-image-22321\" src=\"https:\/\/www.vcp.de\/pfadfinden\/wp-content\/uploads\/2021\/06\/diane-tempel_simone-schmid-150x150.jpg\" alt=\"\" width=\"150\" height=\"150\" srcset=\"https:\/\/www.vcp.de\/pfadfinden\/wp-content\/uploads\/2021\/06\/diane-tempel_simone-schmid-150x150.jpg 150w, https:\/\/www.vcp.de\/pfadfinden\/wp-content\/uploads\/2021\/06\/diane-tempel_simone-schmid-45x45.jpg 45w\" sizes=\"auto, (max-width: 150px) 100vw, 150px\" \/><\/a><figcaption id=\"caption-attachment-22321\" class=\"wp-caption-text\">Foto: Simone Schmid<\/figcaption><\/figure>\n<h4>Die junge Hundertj\u00e4hrige<\/h4>\n<p>Fast ein F\u00fcnftel ihres Weges, 18 Jahre lang, durfte ich sie als Chefredakteurin begleiten. Sie geh\u00f6rte zu meinen liebsten Projekten im VCP. Von der Ideensammlung \u00fcber die Redaktionssitzung \u2013 dazu sp\u00e4ter \u2013 Eintreiben der Artikel, Begleitung des Layouts und letzte Korrekturschleifen \u2026 bis sie dann aus der Druckerei kam, war es immer wieder eine Geburt.<\/p>\n<p>2004 erhielt sie mit \u00fcber 80 Jahren ein neue Gestalt: ein neues Layout und Vierfarbdruck. Die Reaktionen: von Begeisterung bis Entsetzen. Aber die anp hatte es nie leicht im Verband, auch wenn sich die Redaktion noch so sehr m\u00fchte: zu langweilig, zu provokativ, zu kindisch, zu anspruchsvoll und zu teuer sowieso.<\/p>\n<p>\u201eKeiner liebt mich, aber alle k\u00f6nnen mich haben\u201c \u2013 mit diesem Motto auf ihren T-Shirts trat die anp-Redaktion auf der Bundesversammlung auf \u2013 und sorgte zumindest f\u00fcr Lacher. Von da an \u2013 aber vielleicht ist auch meine Erinnerung verkl\u00e4rt \u2013 erfuhr die anp freundlichere Aufmerksamkeit. Sie ver\u00e4nderte sich mit den Herausgeber*innen, wechselte Rubriken und Layout, aber sie behielt immer ihren Charakter. Aber was w\u00e4re die anp ohne ihre Redaktion \u2013 und die legend\u00e4ren Redaktionssitzungen? Die Erinnerungen w\u00fcrden B\u00fccher f\u00fcllen: Live-Mailschlachten mit entt\u00e4uschten Schreibern*Schreiberinnen bis in den fr\u00fchen Morgen, Vortragen der sch\u00f6nsten Leser*innenbriefe, lautstarke Sangesrunden, vergn\u00fcgte Grillabende, Gelage mit \u201eMauld\u00e4schle\u201c, Chili sin carne, Tschai, Feuerzangenbowle und immer reichlich Schokolade. Es ging die Legende, dass ohne Sekt und Schokolade keine anp entstehen k\u00f6nne. Nat\u00fcrlich alles nur Ger\u00fcchte \u2026<\/p>\n<p>Liebe anp, es war eine wunderbare Zeit mit dir. Danke f\u00fcr so viele Erfahrungen, so viel Arbeit und so viel Spa\u00df dabei!<\/p>\n<p><em>Diane<\/em><\/p>\n","protected":false},"excerpt":{"rendered":"<p>Ralf Meister Landesbischof der evangelisch-Lutherischen Landeskirche Hannovers Foto: Jens Schulze &#8222;Es war eines meiner gr\u00f6\u00dften Abenteuer&#8220;, habe ich mal in einem Interview auf die Frage geantwortet, was die Zeit als aktiver Pfadfinder bedeutet. Pfadfinder und Kirche pflegen eine weltweite Gemeinschaft mit vielen beeindruckenden Begegnungen. Zu den gr\u00f6\u00dften freien Jugendbewegungen der Welt zu geh\u00f6ren, ist ein [&hellip;]<\/p>\n","protected":false},"author":52,"featured_media":22324,"comment_status":"closed","ping_status":"open","sticky":false,"template":"","format":"standard","meta":{"_acf_changed":false,"inline_featured_image":false,"footnotes":""},"categories":[419],"tags":[457,228],"class_list":["post-22320","post","type-post","status-publish","format-standard","has-post-thumbnail","hentry","category-auf-neuem-pfad","tag-anp2102","tag-entdecken"],"acf":[],"_links":{"self":[{"href":"https:\/\/vcp.de\/pfadfinden\/wp-json\/wp\/v2\/posts\/22320","targetHints":{"allow":["GET"]}}],"collection":[{"href":"https:\/\/vcp.de\/pfadfinden\/wp-json\/wp\/v2\/posts"}],"about":[{"href":"https:\/\/vcp.de\/pfadfinden\/wp-json\/wp\/v2\/types\/post"}],"author":[{"embeddable":true,"href":"https:\/\/vcp.de\/pfadfinden\/wp-json\/wp\/v2\/users\/52"}],"replies":[{"embeddable":true,"href":"https:\/\/vcp.de\/pfadfinden\/wp-json\/wp\/v2\/comments?post=22320"}],"version-history":[{"count":2,"href":"https:\/\/vcp.de\/pfadfinden\/wp-json\/wp\/v2\/posts\/22320\/revisions"}],"predecessor-version":[{"id":29196,"href":"https:\/\/vcp.de\/pfadfinden\/wp-json\/wp\/v2\/posts\/22320\/revisions\/29196"}],"wp:featuredmedia":[{"embeddable":true,"href":"https:\/\/vcp.de\/pfadfinden\/wp-json\/wp\/v2\/media\/22324"}],"wp:attachment":[{"href":"https:\/\/vcp.de\/pfadfinden\/wp-json\/wp\/v2\/media?parent=22320"}],"wp:term":[{"taxonomy":"category","embeddable":true,"href":"https:\/\/vcp.de\/pfadfinden\/wp-json\/wp\/v2\/categories?post=22320"},{"taxonomy":"post_tag","embeddable":true,"href":"https:\/\/vcp.de\/pfadfinden\/wp-json\/wp\/v2\/tags?post=22320"}],"curies":[{"name":"wp","href":"https:\/\/api.w.org\/{rel}","templated":true}]}}