{"id":22115,"date":"2021-06-27T07:54:40","date_gmt":"2021-06-27T05:54:40","guid":{"rendered":"https:\/\/www.vcp.de\/pfadfinden\/?p=22115"},"modified":"2023-02-09T15:45:35","modified_gmt":"2023-02-09T14:45:35","slug":"es-ist-endlich-soweit-die-burg-hat-ihre-tore-wieder-fuer-euch-geoeffnet","status":"publish","type":"post","link":"https:\/\/vcp.de\/pfadfinden\/auf-neuem-pfad\/es-ist-endlich-soweit-die-burg-hat-ihre-tore-wieder-fuer-euch-geoeffnet\/","title":{"rendered":"Es ist endlich soweit &#8211; die Burg hat ihre Tore wieder f\u00fcr euch ge\u00f6ffnet!"},"content":{"rendered":"<h2>Auch dieses Jahr habt ihr die M\u00f6glichkeit, mit Freunden*Freundinnen und\/ oder Familie ein paar sch\u00f6ne und spannende Tage in unserem Bundeszentrum zu verbringen.<\/h2>\n<p>Auf der Burg k\u00f6nnt ihr das Mittelalter hautnah erleben, verwunschenen Pfaden folgen oder bei einer Radtour den Spessart kennenlernen. Im Rittersaal ein Kaminfeuer entfachen oder \u00fcber dem Lagerfeuer Stockbrot backen. Dem Burggeist im Dicken Turm auf die Spur gehen und bei Kerzenschein Geschichten erz\u00e4hlen. Euer Geschick mit Pfeil und Bogen im Rienecker Bogenparcours unter Beweis stellen und mit dem Kanu auf der fr\u00e4nkischen Saale paddeln. Und nat\u00fcrlich k\u00f6nnt ihr auch eure Kohte auf dem Zeltplatz aufstellen. Es wird jedenfalls nie langweilig auf Burg Rieneck!<\/p>\n<p>Bucht noch heute einen unvergesslichen Aufenthalt! Wir freuen uns auf euch!<\/p>\n<p><a href=\"https:\/\/www.burg-rieneck.de\/\" target=\"_blank\" rel=\"noopener\">https:\/\/www.burg-rieneck.de\/<\/a><\/p>\n<div id='gallery-5' class='gallery galleryid-22115 gallery-columns-4 gallery-size-thumbnail'>\n<figure class='gallery-item'>\n<div class='gallery-icon portrait'>\n\t\t\t\t<a href='https:\/\/www.vcp.de\/pfadfinden\/wp-content\/uploads\/2021\/06\/IMG_20200724_134304-scaled.jpg'><img width=\"150\" height=\"150\" src=\"https:\/\/www.vcp.de\/pfadfinden\/wp-content\/uploads\/2021\/06\/IMG_20200724_134304-150x150.jpg\" class=\"attachment-thumbnail size-thumbnail\" alt=\"\" decoding=\"async\" loading=\"lazy\" aria-describedby=\"gallery-5-22118\" srcset=\"https:\/\/www.vcp.de\/pfadfinden\/wp-content\/uploads\/2021\/06\/IMG_20200724_134304-150x150.jpg 150w, https:\/\/www.vcp.de\/pfadfinden\/wp-content\/uploads\/2021\/06\/IMG_20200724_134304-45x45.jpg 45w\" sizes=\"auto, (max-width: 150px) 100vw, 150px\" \/><\/a>\n\t\t\t<\/div><figcaption class='wp-caption-text gallery-caption' id='gallery-5-22118'>\n\t\t\t\tFoto: Rica R\u00f6sner<br \/>\n\t\t\t\t<\/figcaption><\/figure>\n<figure class='gallery-item'>\n<div class='gallery-icon portrait'>\n\t\t\t\t<a href='https:\/\/www.vcp.de\/pfadfinden\/wp-content\/uploads\/2021\/06\/IMG_20200805_133239-scaled.jpg'><img width=\"150\" height=\"150\" src=\"https:\/\/www.vcp.de\/pfadfinden\/wp-content\/uploads\/2021\/06\/IMG_20200805_133239-150x150.jpg\" class=\"attachment-thumbnail size-thumbnail\" alt=\"\" decoding=\"async\" loading=\"lazy\" aria-describedby=\"gallery-5-22119\" srcset=\"https:\/\/www.vcp.de\/pfadfinden\/wp-content\/uploads\/2021\/06\/IMG_20200805_133239-150x150.jpg 150w, https:\/\/www.vcp.de\/pfadfinden\/wp-content\/uploads\/2021\/06\/IMG_20200805_133239-45x45.jpg 45w\" sizes=\"auto, (max-width: 150px) 100vw, 150px\" \/><\/a>\n\t\t\t<\/div><figcaption class='wp-caption-text gallery-caption' id='gallery-5-22119'>\n\t\t\t\tFoto: Rica R\u00f6sner<br \/>\n\t\t\t\t<\/figcaption><\/figure>\n<figure class='gallery-item'>\n<div class='gallery-icon landscape'>\n\t\t\t\t<a href='https:\/\/www.vcp.de\/pfadfinden\/wp-content\/uploads\/2021\/06\/IMG_20200705_191403-scaled.jpg'><img width=\"150\" height=\"150\" src=\"https:\/\/www.vcp.de\/pfadfinden\/wp-content\/uploads\/2021\/06\/IMG_20200705_191403-150x150.jpg\" class=\"attachment-thumbnail size-thumbnail\" alt=\"\" decoding=\"async\" loading=\"lazy\" aria-describedby=\"gallery-5-22117\" srcset=\"https:\/\/www.vcp.de\/pfadfinden\/wp-content\/uploads\/2021\/06\/IMG_20200705_191403-150x150.jpg 150w, https:\/\/www.vcp.de\/pfadfinden\/wp-content\/uploads\/2021\/06\/IMG_20200705_191403-45x45.jpg 45w\" sizes=\"auto, (max-width: 150px) 100vw, 150px\" \/><\/a>\n\t\t\t<\/div><figcaption class='wp-caption-text gallery-caption' id='gallery-5-22117'>\n\t\t\t\tFoto: Rica R\u00f6sner<br \/>\n\t\t\t\t<\/figcaption><\/figure>\n<figure class='gallery-item'>\n<div class='gallery-icon landscape'>\n\t\t\t\t<a href='https:\/\/www.vcp.de\/pfadfinden\/wp-content\/uploads\/2021\/06\/P6300647-scaled.jpg'><img width=\"150\" height=\"150\" src=\"https:\/\/www.vcp.de\/pfadfinden\/wp-content\/uploads\/2021\/06\/P6300647-150x150.jpg\" class=\"attachment-thumbnail size-thumbnail\" alt=\"\" decoding=\"async\" loading=\"lazy\" aria-describedby=\"gallery-5-22120\" srcset=\"https:\/\/www.vcp.de\/pfadfinden\/wp-content\/uploads\/2021\/06\/P6300647-150x150.jpg 150w, https:\/\/www.vcp.de\/pfadfinden\/wp-content\/uploads\/2021\/06\/P6300647-45x45.jpg 45w\" sizes=\"auto, (max-width: 150px) 100vw, 150px\" \/><\/a>\n\t\t\t<\/div><figcaption class='wp-caption-text gallery-caption' id='gallery-5-22120'>\n\t\t\t\tFoto: Rica R\u00f6sner<br \/>\n\t\t\t\t<\/figcaption><\/figure>\n<\/p>\n<\/div>\n<blockquote class=\"wp-embedded-content\" data-secret=\"BJqe2wVBjw\"><p><a href=\"https:\/\/www.vcp.de\/pfadfinden\/allgemein\/sommer-auf-burg-rieneck-2-0\/\">Sommer auf Burg Rieneck 2.0<\/a><\/p><\/blockquote>\n<p><iframe loading=\"lazy\" class=\"wp-embedded-content\" sandbox=\"allow-scripts\" security=\"restricted\" style=\"position: absolute; visibility: hidden;\" title=\"&#8222;Sommer auf Burg Rieneck 2.0&#8220; &#8212; VCP-Blog\" src=\"https:\/\/www.vcp.de\/pfadfinden\/allgemein\/sommer-auf-burg-rieneck-2-0\/embed\/#?secret=v6w37SJhgE#?secret=BJqe2wVBjw\" data-secret=\"BJqe2wVBjw\" width=\"600\" height=\"338\" frameborder=\"0\" marginwidth=\"0\" marginheight=\"0\" scrolling=\"no\"><\/iframe><\/p>\n<blockquote class=\"wp-embedded-content\" data-secret=\"fEIrxE318j\">\n<p><a href=\"https:\/\/www.vcp.de\/pfadfinden\/leitung-aktuell\/sommer-auf-burg-rieneck\">Sommer auf Burg Rieneck<\/a><\/p>\n<\/blockquote>\n<p><iframe loading=\"lazy\" class=\"wp-embedded-content\" sandbox=\"allow-scripts\" security=\"restricted\" style=\"position: absolute; clip: rect(1px, 1px, 1px, 1px);\" title=\"&#8222;Sommer auf Burg Rieneck&#8220; &#8212; VCP-Blog\" src=\"https:\/\/www.vcp.de\/pfadfinden\/leitung-aktuell\/sommer-auf-burg-rieneck\/embed#?secret=9f0VScUV0w#?secret=fEIrxE318j\" data-secret=\"fEIrxE318j\" width=\"600\" height=\"338\" frameborder=\"0\" marginwidth=\"0\" marginheight=\"0\" scrolling=\"no\"><\/iframe><\/p>\n<\/p>\n<p>&nbsp;<\/p>\n","protected":false},"excerpt":{"rendered":"<p>Auch dieses Jahr habt ihr die M\u00f6glichkeit, mit Freunden*Freundinnen und\/ oder Familie ein paar sch\u00f6ne und spannende Tage in unserem Bundeszentrum zu verbringen. Auf der Burg k\u00f6nnt ihr das Mittelalter hautnah erleben, verwunschenen Pfaden folgen oder bei einer Radtour den Spessart kennenlernen. Im Rittersaal ein Kaminfeuer entfachen oder \u00fcber dem Lagerfeuer Stockbrot backen. Dem Burggeist [&hellip;]<\/p>\n","protected":false},"author":52,"featured_media":22116,"comment_status":"closed","ping_status":"open","sticky":false,"template":"","format":"standard","meta":{"_acf_changed":false,"inline_featured_image":false,"footnotes":""},"categories":[419],"tags":[457,245,281],"class_list":["post-22115","post","type-post","status-publish","format-standard","has-post-thumbnail","hentry","category-auf-neuem-pfad","tag-anp2102","tag-dies-und-das","tag-fahrtentipp"],"acf":[],"_links":{"self":[{"href":"https:\/\/vcp.de\/pfadfinden\/wp-json\/wp\/v2\/posts\/22115","targetHints":{"allow":["GET"]}}],"collection":[{"href":"https:\/\/vcp.de\/pfadfinden\/wp-json\/wp\/v2\/posts"}],"about":[{"href":"https:\/\/vcp.de\/pfadfinden\/wp-json\/wp\/v2\/types\/post"}],"author":[{"embeddable":true,"href":"https:\/\/vcp.de\/pfadfinden\/wp-json\/wp\/v2\/users\/52"}],"replies":[{"embeddable":true,"href":"https:\/\/vcp.de\/pfadfinden\/wp-json\/wp\/v2\/comments?post=22115"}],"version-history":[{"count":3,"href":"https:\/\/vcp.de\/pfadfinden\/wp-json\/wp\/v2\/posts\/22115\/revisions"}],"predecessor-version":[{"id":29496,"href":"https:\/\/vcp.de\/pfadfinden\/wp-json\/wp\/v2\/posts\/22115\/revisions\/29496"}],"wp:featuredmedia":[{"embeddable":true,"href":"https:\/\/vcp.de\/pfadfinden\/wp-json\/wp\/v2\/media\/22116"}],"wp:attachment":[{"href":"https:\/\/vcp.de\/pfadfinden\/wp-json\/wp\/v2\/media?parent=22115"}],"wp:term":[{"taxonomy":"category","embeddable":true,"href":"https:\/\/vcp.de\/pfadfinden\/wp-json\/wp\/v2\/categories?post=22115"},{"taxonomy":"post_tag","embeddable":true,"href":"https:\/\/vcp.de\/pfadfinden\/wp-json\/wp\/v2\/tags?post=22115"}],"curies":[{"name":"wp","href":"https:\/\/api.w.org\/{rel}","templated":true}]}}