{"id":21903,"date":"2021-06-07T12:29:52","date_gmt":"2021-06-07T10:29:52","guid":{"rendered":"https:\/\/www.vcp.de\/pfadfinden\/?p=21903"},"modified":"2023-02-09T15:45:37","modified_gmt":"2023-02-09T14:45:37","slug":"empfehlungen-zur-corona-pandemie-fuer-stammes-landes-und-bundesebene-4","status":"publish","type":"post","link":"https:\/\/vcp.de\/pfadfinden\/gegen-das-virus\/empfehlungen-zur-corona-pandemie-fuer-stammes-landes-und-bundesebene-4\/","title":{"rendered":"Empfehlungen zur Corona-Pandemie f\u00fcr Stammes-, Landes- und Bundesebene"},"content":{"rendered":"<blockquote>\n<p>Ihr sollt in Freuden ausziehen und in Frieden geleitet werden.<\/p>\n<p>(Jesaja 55,12)<\/p>\n<p>&nbsp;<\/p>\n<\/blockquote>\n<p>Liebe Pfadfinder*innen,<\/p>\n<p>die Zeit der harten Beschr\u00e4nkungen sind vor\u00fcber, die Inzidenzen sind gesunken und die Impfrate steigt. Durch die Politik wurden und werden immer mehr Lockerungen f\u00fcr das gesellschaftliche Leben vorgenommen. Das Leben au\u00dferhalb des Digitalen nimmt zu. Es f\u00fchlt sich an, als w\u00fcrde das \u201enormale\u201c Leben wieder mehr und mehr Einzug halten. So sehr haben wir uns danach gesehnt. Auch wenn derzeit nicht alles ist, wie vorher und es nach wie vor Maskenpflichten, Hygiene- und Abstandsregeln und weiteres einzuhalten gilt, so steht sie uns nun doch bevor: die Zeit der neuen M\u00f6glichkeiten.<\/p>\n<p>Mit unserem letzten Schreiben hatten wir unsere Entscheidung mitgeteilt, dass wir bis mindestens Ende Juni 2021 weiterhin auf alle nicht zwingend notwenigen Pr\u00e4senzveranstaltungen verzichten. Aufgrund der positiven Entwicklungen heben wir diese Entscheidung nun bereits vorab auf: <strong>Auch auf Bundesebene sind nun Treffen der Bundesleitung und ihrer Arbeits-, Projekt- und Fachgruppen wieder in Pr\u00e4senzform m\u00f6glich, nat\u00fcrlich unter Einhaltung der geltenden Regelungen.<\/strong><\/p>\n<p>Dar\u00fcber hinaus m\u00f6chten wir euch <strong>best\u00e4rken, <\/strong>wieder <strong>Pr\u00e4senz-Gruppenstunden aber auch kleine Lager und Fahrten durchzuf\u00fchren bzw. zu planen.<\/strong> Die Organisation eines solchen Lagers oder einer Fahrt ist sicher mit mehr Aufwand verbunden, als wir es bisher kennen: Es braucht Absprachen mit den Eltern und den zust\u00e4ndigen Beh\u00f6rden, um die geltenden Regularien einzuhalten. Vermutlich braucht es zus\u00e4tzliche Abl\u00e4ufe f\u00fcr Tests, neue Regeln f\u00fcr das Zubereiten von Mahlzeiten und die Nutzung und S\u00e4uberung der sanit\u00e4ren Einrichtungen. Aber es gibt bereits gute Beispiele von St\u00e4mmen, die diesen Weg gegangen sind und die f\u00fcr ihre Pfadis endlich wieder ein tolles Lager ausgerichtet haben. Dazu gab es eine Instagram-Story, die Ihr euch gerne noch <a href=\"https:\/\/www.instagram.com\/stories\/highlights\/17900971465995409\/\">hier<\/a> anschauen k\u00f6nnt.<\/p>\n<p>Habt Mut und Spa\u00df daran, euch ein tolles Pfadi-Abenteuer zu gestalten! Freut euch auf darauf, mit anderen zusammen zu sein und echten Lagergeruch zu riechen. Lasst uns gemeinsam den Pfadi-Alltag wieder in Bewegung bringen!<\/p>\n<p>Herzlich gut Pfad, euer Bundesvorstand!!!<\/p>\n<p>Natascha Sonnenberg\u00a0\u00a0\u00a0\u00a0\u00a0\u00a0\u00a0\u00a0\u00a0\u00a0 Oliver Mahn\u00a0\u00a0\u00a0\u00a0\u00a0\u00a0\u00a0\u00a0\u00a0\u00a0\u00a0 Neals Nowitzki<\/p>\n<p>&nbsp;<\/p>\n<blockquote class=\"wp-embedded-content\" data-secret=\"uoheRPvGd7\"><p><a href=\"https:\/\/www.vcp.de\/pfadfinden\/pfadisbleiben\/in-80-tagen-um-die-welt-jetzt-zur-bundesweiten-hajk-aktion-anmelden\/\">In 80 Tagen um die Welt: Jetzt zur bundesweiten Hajk-Aktion anmelden<\/a><\/p><\/blockquote>\n<p><iframe loading=\"lazy\" class=\"wp-embedded-content\" sandbox=\"allow-scripts\" security=\"restricted\" style=\"position: absolute; visibility: hidden;\" title=\"&#8222;In 80 Tagen um die Welt: Jetzt zur bundesweiten Hajk-Aktion anmelden&#8220; &#8212; VCP-Blog\" src=\"https:\/\/www.vcp.de\/pfadfinden\/pfadisbleiben\/in-80-tagen-um-die-welt-jetzt-zur-bundesweiten-hajk-aktion-anmelden\/embed\/#?secret=qw9OxqjCj4#?secret=uoheRPvGd7\" data-secret=\"uoheRPvGd7\" width=\"600\" height=\"338\" frameborder=\"0\" marginwidth=\"0\" marginheight=\"0\" scrolling=\"no\"><\/iframe><\/p>\n","protected":false},"excerpt":{"rendered":"<p>Ihr sollt in Freuden ausziehen und in Frieden geleitet werden. (Jesaja 55,12) &nbsp; Liebe Pfadfinder*innen, die Zeit der harten Beschr\u00e4nkungen sind vor\u00fcber, die Inzidenzen sind gesunken und die Impfrate steigt. Durch die Politik wurden und werden immer mehr Lockerungen f\u00fcr das gesellschaftliche Leben vorgenommen. Das Leben au\u00dferhalb des Digitalen nimmt zu. Es f\u00fchlt sich an, [&hellip;]<\/p>\n","protected":false},"author":52,"featured_media":17546,"comment_status":"closed","ping_status":"open","sticky":false,"template":"","format":"standard","meta":{"_acf_changed":false,"inline_featured_image":false,"footnotes":""},"categories":[383],"tags":[],"class_list":["post-21903","post","type-post","status-publish","format-standard","has-post-thumbnail","hentry","category-gegen-das-virus"],"acf":[],"_links":{"self":[{"href":"https:\/\/vcp.de\/pfadfinden\/wp-json\/wp\/v2\/posts\/21903","targetHints":{"allow":["GET"]}}],"collection":[{"href":"https:\/\/vcp.de\/pfadfinden\/wp-json\/wp\/v2\/posts"}],"about":[{"href":"https:\/\/vcp.de\/pfadfinden\/wp-json\/wp\/v2\/types\/post"}],"author":[{"embeddable":true,"href":"https:\/\/vcp.de\/pfadfinden\/wp-json\/wp\/v2\/users\/52"}],"replies":[{"embeddable":true,"href":"https:\/\/vcp.de\/pfadfinden\/wp-json\/wp\/v2\/comments?post=21903"}],"version-history":[{"count":1,"href":"https:\/\/vcp.de\/pfadfinden\/wp-json\/wp\/v2\/posts\/21903\/revisions"}],"predecessor-version":[{"id":29500,"href":"https:\/\/vcp.de\/pfadfinden\/wp-json\/wp\/v2\/posts\/21903\/revisions\/29500"}],"wp:featuredmedia":[{"embeddable":true,"href":"https:\/\/vcp.de\/pfadfinden\/wp-json\/wp\/v2\/media\/17546"}],"wp:attachment":[{"href":"https:\/\/vcp.de\/pfadfinden\/wp-json\/wp\/v2\/media?parent=21903"}],"wp:term":[{"taxonomy":"category","embeddable":true,"href":"https:\/\/vcp.de\/pfadfinden\/wp-json\/wp\/v2\/categories?post=21903"},{"taxonomy":"post_tag","embeddable":true,"href":"https:\/\/vcp.de\/pfadfinden\/wp-json\/wp\/v2\/tags?post=21903"}],"curies":[{"name":"wp","href":"https:\/\/api.w.org\/{rel}","templated":true}]}}