{"id":21589,"date":"2021-04-29T13:45:15","date_gmt":"2021-04-29T11:45:15","guid":{"rendered":"https:\/\/www.vcp.de\/pfadfinden\/?p=21589"},"modified":"2021-04-29T13:46:42","modified_gmt":"2021-04-29T11:46:42","slug":"ein-pfau-schluepft","status":"publish","type":"post","link":"https:\/\/vcp.de\/pfadfinden\/pfau\/ein-pfau-schluepft\/","title":{"rendered":"Ein PfAU schl\u00fcpft\u2026"},"content":{"rendered":"<p>Wusstet ihr, dass PfAUen gegen das Gift der Kobra immun sind und sie daher fressen k\u00f6nnen? Oder, dass PfAUen sich schon im Kindesalter im Radschlagen \u00fcben, in dem sie mit ihren Fl\u00fcgeln zittern und ihre winzigen Schwanzfedern aufstellen? Oder, dass \u00a0Baby-PfAUen Pfirsiche genannt werden?<\/p>\n<p>Zu PfAUen gibt es auf jeden Fall jede Menge interessant Fun-Facts! Aber der interessanteste Fakt ist, dass in unserem Verband gerade ein PfAU schl\u00fcpft!\u2026.<\/p>\n<p>Manche von euch haben vielleicht schon Wind davon bekommen.<\/p>\n<p><strong>\u201ePfAU\u201c steht f\u00fcr Pfadfinden in Ausbildung und an Universit\u00e4ten<\/strong>. Pfadis die nach der Schule aus ihren Orten wegziehen und ihren Stamm verlassen, sollen durch PfAU die M\u00f6glichkeit haben,Pfadis zu bleiben.<\/p>\n<p>In den letzten Monaten ist viel passiert. Das PfAU-Team hat sich ins Zeug gelegt und jede Menge vorbereitet. Am 22. und 27.04.21 \u00a0war es endlich soweit: Unsere Initiator*innen-Treffen haben stattgefunden. Knapp 40 Pfadfinder*innen aus\u00a0 verschiedensten Orten Deutschlands haben daran teilgenommen.<\/p>\n<figure id=\"attachment_21591\" aria-describedby=\"caption-attachment-21591\" style=\"width: 800px\" class=\"wp-caption alignnone\"><a href=\"https:\/\/www.vcp.de\/pfadfinden\/wp-content\/uploads\/2021\/04\/MicrosoftTeams-image-28.jpg\"><img loading=\"lazy\" decoding=\"async\" class=\"wp-image-21591 size-large\" src=\"https:\/\/www.vcp.de\/pfadfinden\/wp-content\/uploads\/2021\/04\/MicrosoftTeams-image-28-1024x599.jpg\" alt=\"\" width=\"800\" height=\"468\" srcset=\"https:\/\/vcp.de\/pfadfinden\/wp-content\/uploads\/2021\/04\/MicrosoftTeams-image-28-1024x599.jpg 1024w, https:\/\/vcp.de\/pfadfinden\/wp-content\/uploads\/2021\/04\/MicrosoftTeams-image-28-300x176.jpg 300w, https:\/\/vcp.de\/pfadfinden\/wp-content\/uploads\/2021\/04\/MicrosoftTeams-image-28-768x449.jpg 768w, https:\/\/vcp.de\/pfadfinden\/wp-content\/uploads\/2021\/04\/MicrosoftTeams-image-28-1536x899.jpg 1536w, https:\/\/vcp.de\/pfadfinden\/wp-content\/uploads\/2021\/04\/MicrosoftTeams-image-28-2048x1199.jpg 2048w\" sizes=\"auto, (max-width: 800px) 100vw, 800px\" \/><\/a><figcaption id=\"caption-attachment-21591\" class=\"wp-caption-text\">Begeisterte Pfadis &#8211; wir freuen uns auf viele PfAU-Gruppen \u00fcberall in Deutschland.<\/figcaption><\/figure>\n<p>&nbsp;<\/p>\n<p>Nach dem Kennenlernen und Vernetzen haben wir \u00fcber Erwartungen an das Treffen und an PfAU gesprochen. Danach konnten wir das Projekt genauer vorstellen. Wie soll das ganze organisiert sein? Wer soll teilnehmen k\u00f6nnen? Was sind die n\u00e4chsten Schritte zum Nestbau? All diese und noch viele weitere Fragen konnten wir dabei besprechen \u00a0und beantworten.<\/p>\n<p>Im Anschluss haben wir ein kleines PfAU-Quiz \u00fcber unser &#8222;spirit animal&#8220; den Pfau gespielt. Dabei fanden auch die Fun-Facts die wir euch am Anfang kurz vorgestellt haben Verwendung.<\/p>\n<p>Die Initiator*innen-Treffen ein gro\u00dfer Erfolg und alle Teilnehmenden konnten etwas f\u00fcr sich mitnehmen.<\/p>\n<p>Jetzt geht es an den Nestbau. Wo werden erste PfAUen schl\u00fcpfen und abheben? Das wird sich demn\u00e4chst auf der Karte auf unserer Website <a href=\"http:\/\/pfau.vcp.de\">pfau.vcp.de<\/a> zeigen. Dort findest du demn\u00e4chst die ersten PfAU Gruppen. Gibt es in deiner Stadt noch keine PfAU Gruppe kannst du dich dort auch in ein Formular eintragen und uns schreiben ob du eine Gruppe gr\u00fcnden m\u00f6chtest oder ob wir dir bescheid sagen sollen, wenn noch andere Pfadis in deiner N\u00e4he Lust auf PfAU haben.<\/p>\n<p>PfAU schl\u00fcpft grade und geht seine ersten Schritte. Zwei dieser ersten wichtigen Schritte waren die Initiator*innentreffen. Doch das war nur der Beginn des Weges den PfAU noch gehen wird.<\/p>\n<p>Also freut euch darauf von dem bunten Vogel zu h\u00f6ren.<\/p>\n<p><em>Euer PfAU Team<\/em><\/p>\n<p>&nbsp;<\/p>\n<p>&nbsp;<\/p>\n<p>&nbsp;<\/p>\n<p>&nbsp;<\/p>\n<p>Quellen:<\/p>\n<p><a href=\"https:\/\/www.kindernetz.de\/wissen\/tierlexikon\/steckbrief-pfau-100.html\">https:\/\/www.kindernetz.de\/wissen\/tierlexikon\/steckbrief-pfau-100.html<\/a><\/p>\n<p><a href=\"https:\/\/fusedlearning.com\/proud-peackcock-eight-fun-facts-indian-peacock\">https:\/\/fusedlearning.com\/proud-peackcock-eight-fun-facts-indian-peacock<\/a><\/p>\n<p><a href=\"https:\/\/www.helles-koepfchen.de\/artikel\/373.html\">https:\/\/www.helles-koepfchen.de\/artikel\/373.html<\/a><\/p>\n<p>&nbsp;<\/p>\n<p>&nbsp;<\/p>\n<p>&nbsp;<\/p>\n<p>&nbsp;<\/p>\n<p>Noch Qeulle Verlinken\u00a0[G[1]<\/p>\n","protected":false},"excerpt":{"rendered":"<p>Wusstet ihr, dass PfAUen gegen das Gift der Kobra immun sind und sie daher fressen k\u00f6nnen? Oder, dass PfAUen sich schon im Kindesalter im Radschlagen \u00fcben, in dem sie mit ihren Fl\u00fcgeln zittern und ihre winzigen Schwanzfedern aufstellen? Oder, dass \u00a0Baby-PfAUen Pfirsiche genannt werden? Zu PfAUen gibt es auf jeden Fall jede Menge interessant Fun-Facts! [&hellip;]<\/p>\n","protected":false},"author":52,"featured_media":21590,"comment_status":"closed","ping_status":"open","sticky":false,"template":"","format":"standard","meta":{"_acf_changed":false,"inline_featured_image":false,"footnotes":""},"categories":[421],"tags":[],"class_list":["post-21589","post","type-post","status-publish","format-standard","has-post-thumbnail","hentry","category-pfau"],"acf":[],"_links":{"self":[{"href":"https:\/\/vcp.de\/pfadfinden\/wp-json\/wp\/v2\/posts\/21589","targetHints":{"allow":["GET"]}}],"collection":[{"href":"https:\/\/vcp.de\/pfadfinden\/wp-json\/wp\/v2\/posts"}],"about":[{"href":"https:\/\/vcp.de\/pfadfinden\/wp-json\/wp\/v2\/types\/post"}],"author":[{"embeddable":true,"href":"https:\/\/vcp.de\/pfadfinden\/wp-json\/wp\/v2\/users\/52"}],"replies":[{"embeddable":true,"href":"https:\/\/vcp.de\/pfadfinden\/wp-json\/wp\/v2\/comments?post=21589"}],"version-history":[{"count":0,"href":"https:\/\/vcp.de\/pfadfinden\/wp-json\/wp\/v2\/posts\/21589\/revisions"}],"wp:featuredmedia":[{"embeddable":true,"href":"https:\/\/vcp.de\/pfadfinden\/wp-json\/wp\/v2\/media\/21590"}],"wp:attachment":[{"href":"https:\/\/vcp.de\/pfadfinden\/wp-json\/wp\/v2\/media?parent=21589"}],"wp:term":[{"taxonomy":"category","embeddable":true,"href":"https:\/\/vcp.de\/pfadfinden\/wp-json\/wp\/v2\/categories?post=21589"},{"taxonomy":"post_tag","embeddable":true,"href":"https:\/\/vcp.de\/pfadfinden\/wp-json\/wp\/v2\/tags?post=21589"}],"curies":[{"name":"wp","href":"https:\/\/api.w.org\/{rel}","templated":true}]}}