{"id":21236,"date":"2021-04-01T12:12:58","date_gmt":"2021-04-01T10:12:58","guid":{"rendered":"https:\/\/www.vcp.de\/pfadfinden\/?p=21236"},"modified":"2021-04-01T12:13:40","modified_gmt":"2021-04-01T10:13:40","slug":"mitreden-mitentscheiden-mittun-die-vorschlaege","status":"publish","type":"post","link":"https:\/\/vcp.de\/pfadfinden\/allgemein\/mitreden-mitentscheiden-mittun-die-vorschlaege\/","title":{"rendered":"Mitreden. Mitentscheiden. Mittun. &#8211; die Ideen"},"content":{"rendered":"<p>Bis zum 31. Dezember 2020 konnten Vorschl\u00e4ge f\u00fcr mehr Partizipationsm\u00f6glichkeiten bei uns im VCP im Rahmen des Partizipationswettbewerb Mitreden. Mitentscheiden. Mittun. eingereicht werden. Das ist nun schon wieder eine ganze Weile her &#8211; und wir haben drei gro\u00dfartige Einreichungen erhalten!<\/p>\n<p>Genau diese wollen wir euch hier kurz vorstellen:<\/p>\n<h3>Projekt Petitio<\/h3>\n<p><em>Von Lars Leckler (VCP RPS) &amp; Henrik Arlt (VCP Nordrhein)<\/em><\/p>\n<p>Wie der Name \u2013 Petitio, lat. F\u00fcr Petition \u2013 es schon vermuten l\u00e4sst, sollen mit diesem Projekt Petitionen bei uns im VCP m\u00f6glich gemacht werden. So k\u00f6nnen die Mitglieder auf Stammes-\/Siedlungs-\/Orts- und Bezirks-\/Gau-\/Regionsebene in die Bundesebene mit einbezogen werden.<\/p>\n<p>Daf\u00fcr soll es eine Petitionswebsite auf Bundesebene geben, auf der sich jedes Mitglied mit seiner*ihrer Mitgliedsnummer einloggen kann. Auf dieser Seite k\u00f6nnen dann sowohl Petitionen anderer unterschrieben als auch selbst welche gestartet werden. Daf\u00fcr soll es ein Formblatt geben, welches die Erstellung erleichtert. Die Petition wird dann redaktionell durch die Bundeszentrale und\/oder Bundesleitung gepr\u00fcft und freigegeben.<\/p>\n<p>Nach diesem ersten Konzept m\u00fcssen dann innerhalb von drei Monaten f\u00fcr ein Projekt 100 Unterschriften und f\u00fcr grundlegende Anliegen 300 Unterschriften gesammelt werden.<\/p>\n<p>Wurden gen\u00fcgend Unterschriften gesammelt, muss sich der Bundesrat mit der Petition auseinandersetzen. Bei der n\u00e4chsten Bundesversammlung muss der Bundesrat dann \u00fcber den Stand der Petition berichten oder er stellt mit dem Inhalt dieser einen Antrag.<\/p>\n<p>&nbsp;<\/p>\n<h3>Planungszelle<\/h3>\n<p><em>Von Frederike Maus (VCP RPS)<\/em><\/p>\n<p>Mit der Methode \u201ePlanungszelle\u201c k\u00f6nnen in bunt gemischten Gruppen L\u00f6sungsvorschl\u00e4ge erarbeitet werden. Konkreter Vorschlag zum Testen der Methode ist die Partizipative Findung eines Bundeslieds. Ein Thema, welches bei uns ja immer wieder aktuell ist.<\/p>\n<p>Wie funktioniert solch eine Planungszelle?<br \/>\nDie Planungszelle wird in Gruppen durchgef\u00fchrt. Dabei wird die Zusammensetzung ausgelost, also per Zufall bestimmt. So erh\u00e4lt man gut durchmischte Gruppen. Au\u00dferdem arbeiten mehrere Gruppen nach gleichem Verfahren parallel, um eine noch breitere Meinung abzudecken. Die Gruppen erhalten dann einen bestimmten Arbeitsauftrag, in dem oben genannten Beispiel w\u00e4re das ein Input zum Bundeslied. Also was es schon f\u00fcr Lieder und Vorschl\u00e4ge gab, die Bedeutung und so weiter.<\/p>\n<p>Die Gruppen erhalten bei ihrer Arbeit Unterst\u00fctzung von einem*einer Moderator*in, die zum Thema schon etwas Grundwissen hat. Da gibt es bei und im Verband ja viele gut geeignete Menschen.<\/p>\n<p>Die Ergebnisse der Gruppen werden dann gesammelt und zu einem \u201eGutachten\u201c zusammengestellt. F\u00fcr das Bundeslied w\u00e4re das zum Beispiel ein Ranking der m\u00f6glichen Lieder.<br \/>\nErfahrungsgem\u00e4\u00df kommen bei dieser Methode auch alle Gruppen auf \u00e4hnliche L\u00f6sungen.<\/p>\n<p>Anbieten w\u00fcrde sich ein Test diese Methode auf dem Bundeslager, da hier Pfadfinder*innen aller Altersgruppen und Funktionen aus dem VCP zusammenkommen.<\/p>\n<p>&nbsp;<\/p>\n<h3>Beteiligungstool Mitgliederversammlung<\/h3>\n<p><em>Von Benedikt Reusch (VCP Hessen)<\/em><\/p>\n<p>Die Idee hierbei ist es, dass Antr\u00e4ge f\u00fcr die verschiedenen Mitgliederversammlungen (also auf Bundes-, Landes- und vielleicht auch Gau-\/Regions-\/Bezirks- und Stammesebene) vorher schon f\u00fcr alle zur Verf\u00fcgung stehen. Der Fokus dieser Idee liegt darauf, dass die Antr\u00e4ge dann im Vorhinein schon diskutiert werden und andere Vorschl\u00e4ge gemacht werden k\u00f6nnen. Dabei wird nat\u00fcrlich nicht sofort ein \u00c4nderungsantrag gestellt, aber die Vorschl\u00e4ge k\u00f6nnen schnell in einen solchen umgewandelt werden. Zugriff sollen nicht nur die Delegierten, sondern alle Mitglieder haben. So kann vorab schon mit vielen verschiedenen Pfadis* diskutiert werden und ein Meinungsbild entstehen, welches dann die Delegierten bei ihrer Entscheidung unterst\u00fctzen kann. Diese M\u00f6glichkeit k\u00f6nnte also sowohl die Qualit\u00e4t der Diskussion als auch die der Entscheidung bei der Versammlung positiv beeinflussen.<\/p>\n<p>Vorgeschlagene Tools hierf\u00fcr sind Antragsgr\u00fcn, Adhocracy+ und OPIN.<\/p>\n<p>&nbsp;<\/p>\n<p><a href=\"https:\/\/www.vcp.de\/pfadfinden\/mitreden-mitentscheiden-mittun-3\/\">https:\/\/www.vcp.de\/pfadfinden\/mitreden-mitentscheiden-mittun-3\/<\/a><\/p>\n","protected":false},"excerpt":{"rendered":"<p>Bis zum 31. Dezember 2020 konnten Vorschl\u00e4ge f\u00fcr mehr Partizipationsm\u00f6glichkeiten bei uns im VCP im Rahmen des Partizipationswettbewerb Mitreden. Mitentscheiden. Mittun. eingereicht werden. Das ist nun schon wieder eine ganze Weile her &#8211; und wir haben drei gro\u00dfartige Einreichungen erhalten! Genau diese wollen wir euch hier kurz vorstellen: Projekt Petitio Von Lars Leckler (VCP RPS) [&hellip;]<\/p>\n","protected":false},"author":50,"featured_media":18498,"comment_status":"closed","ping_status":"open","sticky":false,"template":"","format":"standard","meta":{"_acf_changed":false,"inline_featured_image":false,"footnotes":""},"categories":[1],"tags":[],"class_list":["post-21236","post","type-post","status-publish","format-standard","has-post-thumbnail","hentry","category-allgemein"],"acf":[],"_links":{"self":[{"href":"https:\/\/vcp.de\/pfadfinden\/wp-json\/wp\/v2\/posts\/21236","targetHints":{"allow":["GET"]}}],"collection":[{"href":"https:\/\/vcp.de\/pfadfinden\/wp-json\/wp\/v2\/posts"}],"about":[{"href":"https:\/\/vcp.de\/pfadfinden\/wp-json\/wp\/v2\/types\/post"}],"author":[{"embeddable":true,"href":"https:\/\/vcp.de\/pfadfinden\/wp-json\/wp\/v2\/users\/50"}],"replies":[{"embeddable":true,"href":"https:\/\/vcp.de\/pfadfinden\/wp-json\/wp\/v2\/comments?post=21236"}],"version-history":[{"count":0,"href":"https:\/\/vcp.de\/pfadfinden\/wp-json\/wp\/v2\/posts\/21236\/revisions"}],"wp:featuredmedia":[{"embeddable":true,"href":"https:\/\/vcp.de\/pfadfinden\/wp-json\/wp\/v2\/media\/18498"}],"wp:attachment":[{"href":"https:\/\/vcp.de\/pfadfinden\/wp-json\/wp\/v2\/media?parent=21236"}],"wp:term":[{"taxonomy":"category","embeddable":true,"href":"https:\/\/vcp.de\/pfadfinden\/wp-json\/wp\/v2\/categories?post=21236"},{"taxonomy":"post_tag","embeddable":true,"href":"https:\/\/vcp.de\/pfadfinden\/wp-json\/wp\/v2\/tags?post=21236"}],"curies":[{"name":"wp","href":"https:\/\/api.w.org\/{rel}","templated":true}]}}