{"id":21066,"date":"2021-03-23T08:58:18","date_gmt":"2021-03-23T07:58:18","guid":{"rendered":"https:\/\/www.vcp.de\/pfadfinden\/?p=21066"},"modified":"2021-03-23T13:53:16","modified_gmt":"2021-03-23T12:53:16","slug":"1-infobrief-aktion-friedenslicht-2021","status":"publish","type":"post","link":"https:\/\/vcp.de\/pfadfinden\/allgemein\/1-infobrief-aktion-friedenslicht-2021\/","title":{"rendered":"1. Infobrief Aktion Friedenslicht 2021"},"content":{"rendered":"<p>Nat\u00fcrlich wird es auch in diesem Jahr die Aktion Friedenslicht aus Betlehem am dritten Adventswochenende geben. Dazu gibt es nun erste Informationen!<\/p>\n<p>Die Aussendungsfeier wird am Samstag vor dem 3. Advent, also am 11. Dezember 2021, in Salzburg stattfinden. Das diesj\u00e4hrige Motto lautet:<\/p>\n<h4>\u201eFriedensnetz \u2013 ein Licht das alle Verbindet\u201c<\/h4>\n<p>Noch ist dabei aber nicht klar, ob und wie die Delegationsfahrt dieses Jahr stattfinden kann, da der Verlauf der Corona-Pandemie nicht absch\u00e4tzbar ist. Wir hoffen selbstverst\u00e4ndlich auf das Beste!<\/p>\n<p>Sollte die Fahrt m\u00f6glich sein, liegt die maximale Gr\u00f6\u00dfe der Delegation auf Bitten der \u00f6sterreichischen Pfadfinder und Pfadfinderinnen (PP\u00d6) bei 150 Personen. Eine Anmeldung daf\u00fcr wird voraussichtlich ab September m\u00f6glich sein.<\/p>\n<p>Mehr Infos findet ihr im <a href=\"https:\/\/www.vcp.de\/pfadfinden\/wp-content\/uploads\/2021\/03\/1.-Infobrief-zur-Aktion-Friedenslicht-2021.pdf\">1. Infobrief zur Aktion Friedenslicht 2021<\/a>.<\/p>\n","protected":false},"excerpt":{"rendered":"<p>Nat\u00fcrlich wird es auch in diesem Jahr die Aktion Friedenslicht aus Betlehem am dritten Adventswochenende geben. Dazu gibt es nun erste Informationen! Die Aussendungsfeier wird am Samstag vor dem 3. Advent, also am 11. Dezember 2021, in Salzburg stattfinden. Das diesj\u00e4hrige Motto lautet: \u201eFriedensnetz \u2013 ein Licht das alle Verbindet\u201c Noch ist dabei aber nicht [&hellip;]<\/p>\n","protected":false},"author":50,"featured_media":6276,"comment_status":"closed","ping_status":"open","sticky":false,"template":"","format":"standard","meta":{"_acf_changed":false,"inline_featured_image":false,"footnotes":""},"categories":[1,94],"tags":[],"class_list":["post-21066","post","type-post","status-publish","format-standard","has-post-thumbnail","hentry","category-allgemein","category-friedenslicht"],"acf":[],"_links":{"self":[{"href":"https:\/\/vcp.de\/pfadfinden\/wp-json\/wp\/v2\/posts\/21066","targetHints":{"allow":["GET"]}}],"collection":[{"href":"https:\/\/vcp.de\/pfadfinden\/wp-json\/wp\/v2\/posts"}],"about":[{"href":"https:\/\/vcp.de\/pfadfinden\/wp-json\/wp\/v2\/types\/post"}],"author":[{"embeddable":true,"href":"https:\/\/vcp.de\/pfadfinden\/wp-json\/wp\/v2\/users\/50"}],"replies":[{"embeddable":true,"href":"https:\/\/vcp.de\/pfadfinden\/wp-json\/wp\/v2\/comments?post=21066"}],"version-history":[{"count":0,"href":"https:\/\/vcp.de\/pfadfinden\/wp-json\/wp\/v2\/posts\/21066\/revisions"}],"wp:featuredmedia":[{"embeddable":true,"href":"https:\/\/vcp.de\/pfadfinden\/wp-json\/wp\/v2\/media\/6276"}],"wp:attachment":[{"href":"https:\/\/vcp.de\/pfadfinden\/wp-json\/wp\/v2\/media?parent=21066"}],"wp:term":[{"taxonomy":"category","embeddable":true,"href":"https:\/\/vcp.de\/pfadfinden\/wp-json\/wp\/v2\/categories?post=21066"},{"taxonomy":"post_tag","embeddable":true,"href":"https:\/\/vcp.de\/pfadfinden\/wp-json\/wp\/v2\/tags?post=21066"}],"curies":[{"name":"wp","href":"https:\/\/api.w.org\/{rel}","templated":true}]}}