{"id":2096,"date":"2015-04-01T09:17:47","date_gmt":"2015-04-01T07:17:47","guid":{"rendered":"http:\/\/www.vcp.de\/pfadfinden\/?p=2096"},"modified":"2015-03-31T09:24:59","modified_gmt":"2015-03-31T07:24:59","slug":"fundstueck-bundeslager-weltweit","status":"publish","type":"post","link":"https:\/\/vcp.de\/pfadfinden\/vcp-bundesarchiv\/fundstueck-bundeslager-weltweit\/","title":{"rendered":"Fundst\u00fcck: Bundeslager weltweit"},"content":{"rendered":"<p>VCP-Bundeslager 2014: Auf einmal stand ein gro\u00dfgewachsener Pfadfinder in der Archivjurte und dr\u00fcckte mir freundlich dieses Abzeichen in die Hand \u2013 extra angefertigt f\u00fcr seine Reise von Australien zum Schachen! Man beachte auch die stilvolle R\u00fcckseiten-Gestaltung: Davon k\u00f6nnen wir uns auf der hiesigen Erdh\u00e4lfte noch was abgucken\u2026<\/p>\n<div id='gallery-1' class='gallery galleryid-2096 gallery-columns-2 gallery-size-thumbnail'><figure class='gallery-item'>\n\t\t\t<div class='gallery-icon portrait'>\n\t\t\t\t<a href='https:\/\/vcp.de\/pfadfinden\/wp-content\/uploads\/2015\/04\/53-Bundeslager-2014-Badge-aus-Australien-1_web.jpg'><img loading=\"lazy\" decoding=\"async\" width=\"150\" height=\"150\" src=\"https:\/\/vcp.de\/pfadfinden\/wp-content\/uploads\/2015\/04\/53-Bundeslager-2014-Badge-aus-Australien-1_web-150x150.jpg\" class=\"attachment-thumbnail size-thumbnail\" alt=\"\" \/><\/a>\n\t\t\t<\/div><\/figure><figure class='gallery-item'>\n\t\t\t<div class='gallery-icon landscape'>\n\t\t\t\t<a href='https:\/\/vcp.de\/pfadfinden\/wp-content\/uploads\/2015\/04\/53-Bundeslager-2014-Badge-aus-Australien-2.jpg'><img loading=\"lazy\" decoding=\"async\" width=\"150\" height=\"150\" src=\"https:\/\/vcp.de\/pfadfinden\/wp-content\/uploads\/2015\/04\/53-Bundeslager-2014-Badge-aus-Australien-2-150x150.jpg\" class=\"attachment-thumbnail size-thumbnail\" alt=\"\" srcset=\"https:\/\/vcp.de\/pfadfinden\/wp-content\/uploads\/2015\/04\/53-Bundeslager-2014-Badge-aus-Australien-2-150x150.jpg 150w, https:\/\/vcp.de\/pfadfinden\/wp-content\/uploads\/2015\/04\/53-Bundeslager-2014-Badge-aus-Australien-2-300x300.jpg 300w, https:\/\/vcp.de\/pfadfinden\/wp-content\/uploads\/2015\/04\/53-Bundeslager-2014-Badge-aus-Australien-2.jpg 939w\" sizes=\"auto, (max-width: 150px) 100vw, 150px\" \/><\/a>\n\t\t\t<\/div><\/figure>\n\t\t<\/div>\n\n","protected":false},"excerpt":{"rendered":"<p>VCP-Bundeslager 2014: Auf einmal stand ein gro\u00dfgewachsener Pfadfinder in der Archivjurte und dr\u00fcckte mir freundlich dieses Abzeichen in die Hand \u2013 extra angefertigt f\u00fcr seine Reise von Australien zum Schachen! Man beachte auch die stilvolle R\u00fcckseiten-Gestaltung: Davon k\u00f6nnen wir uns auf der hiesigen Erdh\u00e4lfte noch was abgucken\u2026<\/p>\n","protected":false},"author":52,"featured_media":2097,"comment_status":"closed","ping_status":"open","sticky":false,"template":"","format":"standard","meta":{"_acf_changed":false,"inline_featured_image":false,"footnotes":""},"categories":[23],"tags":[],"class_list":["post-2096","post","type-post","status-publish","format-standard","has-post-thumbnail","hentry","category-vcp-bundesarchiv"],"acf":[],"_links":{"self":[{"href":"https:\/\/vcp.de\/pfadfinden\/wp-json\/wp\/v2\/posts\/2096","targetHints":{"allow":["GET"]}}],"collection":[{"href":"https:\/\/vcp.de\/pfadfinden\/wp-json\/wp\/v2\/posts"}],"about":[{"href":"https:\/\/vcp.de\/pfadfinden\/wp-json\/wp\/v2\/types\/post"}],"author":[{"embeddable":true,"href":"https:\/\/vcp.de\/pfadfinden\/wp-json\/wp\/v2\/users\/52"}],"replies":[{"embeddable":true,"href":"https:\/\/vcp.de\/pfadfinden\/wp-json\/wp\/v2\/comments?post=2096"}],"version-history":[{"count":0,"href":"https:\/\/vcp.de\/pfadfinden\/wp-json\/wp\/v2\/posts\/2096\/revisions"}],"wp:featuredmedia":[{"embeddable":true,"href":"https:\/\/vcp.de\/pfadfinden\/wp-json\/wp\/v2\/media\/2097"}],"wp:attachment":[{"href":"https:\/\/vcp.de\/pfadfinden\/wp-json\/wp\/v2\/media?parent=2096"}],"wp:term":[{"taxonomy":"category","embeddable":true,"href":"https:\/\/vcp.de\/pfadfinden\/wp-json\/wp\/v2\/categories?post=2096"},{"taxonomy":"post_tag","embeddable":true,"href":"https:\/\/vcp.de\/pfadfinden\/wp-json\/wp\/v2\/tags?post=2096"}],"curies":[{"name":"wp","href":"https:\/\/api.w.org\/{rel}","templated":true}]}}