{"id":20930,"date":"2021-03-22T08:46:59","date_gmt":"2021-03-22T07:46:59","guid":{"rendered":"https:\/\/www.vcp.de\/pfadfinden\/?p=20930"},"modified":"2023-01-13T10:29:35","modified_gmt":"2023-01-13T09:29:35","slug":"die-pfadfinderschaft-aukrug-stellt-sich-vor","status":"publish","type":"post","link":"https:\/\/vcp.de\/pfadfinden\/auf-neuem-pfad\/die-pfadfinderschaft-aukrug-stellt-sich-vor\/","title":{"rendered":"Die Pfadfinderschaft Aukrug stellt sich vor"},"content":{"rendered":"<p><em>von Emanuel Behrens<\/em><\/p>\n<p>Unser <a href=\"https:\/\/www.pfadfinderschaftaukrug.de\/\" target=\"_blank\" rel=\"noopener\">Stamm die Pfadfinderschaft Aukrug<\/a> existiert seit 2004 und war bis Fr\u00fchjahr 2020 Mitglied beim REGP (Ring evangelischer Gemeindepfadfinder). Dann sind wir dem VCP beigetreten. Wir sind als christliche Pfadfinder*innen den Kirchengemeinden in Aukrug und Hohenwestedt angegliedert.<\/p>\n<p>Aktuell umfasst unser Stamm 50 Pfadfinder*innen von zweieinhalb bis 32 Jahren. Wir haben sechs Sippen, die sich montags, freitags und samstags (momentan leider nur online \u00fcber Zoom) zu den Gruppenstunden treffen. Wenn wir uns wieder pers\u00f6nlich treffen d\u00fcrfen, dann im Gemeindehaus in Aukrug oder im Schrebergarten in Hohenwestedt. Auf unserem Gel\u00e4nde k\u00f6nnen sich unsere Pfadis im Anpflanzen von Obst und Gem\u00fcse und dessen Verarbeitung verwirklichen. Die Erzeugnisse verkaufen wir auf dem Weihnachtsmarkt. Aktuell haben wir sogar ein Bienenvolk dort und hoffen, dass wir sie gut \u00fcber den Winter bekommen.<\/p>\n<p>Neben unseren normalen Gruppenstunden versuchen wir den Kindern mit kleinen Lagern m\u00f6glichst viel Abwechslung und Freude zu bieten. Zudem sind wir auch \u00fcberb\u00fcndisch unterwegs und pflegen Kontakte und Austausch mit diversen anderen B\u00fcnden und St\u00e4mmen. So wird uns zum Beispiel die Waldjugend aus M\u00f6rel auf unserem Sommerlager 2021 f\u00fcr ein paar Tage besuchen. Au\u00dferdem haben wir vor zwei Wochen einen Spieleabend \u00fcber Zoom durchgef\u00fchrt, bei dem auch Pfadfinder*innen aus der DPSG teilgenommen haben. Das werden wir bald wiederholen.<\/p>\n<p>Da wir auch viele aktive Personen \u00fcber 16 im Stamm haben, die den Jugendgruppenleiterschein besitzen, haben wir eine eigene Gruppe f\u00fcr Pfadfinder*innen \u00dc16: die Hexen. Die Gruppe trifft sich einmal im Monat zu einem Spieleabend oder \u00c4hnlichem, um einfach eine sch\u00f6ne Zeit zu verbringen, aber auch um sich austauschen zu k\u00f6nnen. Einmal im Jahr, \u00fcber Silvester fahren wir mit den Hexen auf Fahrt und feiern zusammen den Jahreswechsel. Diese Fahrt haben wir Eishexe genannt. Leider hat uns dieses Mal Corona einen Strich durch unsere Eishexe gemacht, wir hoffen aber, dass wir 2021\/2022 wieder zusammen feiern k\u00f6nnen \u2026<\/p>\n<figure id=\"attachment_20932\" aria-describedby=\"caption-attachment-20932\" style=\"width: 300px\" class=\"wp-caption aligncenter\"><a href=\"https:\/\/www.vcp.de\/pfadfinden\/wp-content\/uploads\/2021\/03\/IMG_20190704_115148.jpg\"><img loading=\"lazy\" decoding=\"async\" class=\"wp-image-20932 size-medium\" src=\"https:\/\/www.vcp.de\/pfadfinden\/wp-content\/uploads\/2021\/03\/IMG_20190704_115148-300x225.jpg\" alt=\"Pfadfinderschaft Aukrug Gruppenbild\" width=\"300\" height=\"225\" srcset=\"https:\/\/vcp.de\/pfadfinden\/wp-content\/uploads\/2021\/03\/IMG_20190704_115148-300x225.jpg 300w, https:\/\/vcp.de\/pfadfinden\/wp-content\/uploads\/2021\/03\/IMG_20190704_115148-1024x768.jpg 1024w, https:\/\/vcp.de\/pfadfinden\/wp-content\/uploads\/2021\/03\/IMG_20190704_115148-768x576.jpg 768w, https:\/\/vcp.de\/pfadfinden\/wp-content\/uploads\/2021\/03\/IMG_20190704_115148.jpg 1067w\" sizes=\"auto, (max-width: 300px) 100vw, 300px\" \/><\/a><figcaption id=\"caption-attachment-20932\" class=\"wp-caption-text\">Foto: Privat<\/figcaption><\/figure>\n","protected":false},"excerpt":{"rendered":"<p>von Emanuel Behrens Unser Stamm die Pfadfinderschaft Aukrug existiert seit 2004 und war bis Fr\u00fchjahr 2020 Mitglied beim REGP (Ring evangelischer Gemeindepfadfinder). Dann sind wir dem VCP beigetreten. Wir sind als christliche Pfadfinder*innen den Kirchengemeinden in Aukrug und Hohenwestedt angegliedert. Aktuell umfasst unser Stamm 50 Pfadfinder*innen von zweieinhalb bis 32 Jahren. Wir haben sechs Sippen, [&hellip;]<\/p>\n","protected":false},"author":52,"featured_media":20931,"comment_status":"closed","ping_status":"open","sticky":false,"template":"","format":"standard","meta":{"_acf_changed":false,"inline_featured_image":false,"footnotes":""},"categories":[419],"tags":[229,435],"class_list":["post-20930","post","type-post","status-publish","format-standard","has-post-thumbnail","hentry","category-auf-neuem-pfad","tag-ankommen","tag-anp2101"],"acf":[],"_links":{"self":[{"href":"https:\/\/vcp.de\/pfadfinden\/wp-json\/wp\/v2\/posts\/20930","targetHints":{"allow":["GET"]}}],"collection":[{"href":"https:\/\/vcp.de\/pfadfinden\/wp-json\/wp\/v2\/posts"}],"about":[{"href":"https:\/\/vcp.de\/pfadfinden\/wp-json\/wp\/v2\/types\/post"}],"author":[{"embeddable":true,"href":"https:\/\/vcp.de\/pfadfinden\/wp-json\/wp\/v2\/users\/52"}],"replies":[{"embeddable":true,"href":"https:\/\/vcp.de\/pfadfinden\/wp-json\/wp\/v2\/comments?post=20930"}],"version-history":[{"count":1,"href":"https:\/\/vcp.de\/pfadfinden\/wp-json\/wp\/v2\/posts\/20930\/revisions"}],"predecessor-version":[{"id":28381,"href":"https:\/\/vcp.de\/pfadfinden\/wp-json\/wp\/v2\/posts\/20930\/revisions\/28381"}],"wp:featuredmedia":[{"embeddable":true,"href":"https:\/\/vcp.de\/pfadfinden\/wp-json\/wp\/v2\/media\/20931"}],"wp:attachment":[{"href":"https:\/\/vcp.de\/pfadfinden\/wp-json\/wp\/v2\/media?parent=20930"}],"wp:term":[{"taxonomy":"category","embeddable":true,"href":"https:\/\/vcp.de\/pfadfinden\/wp-json\/wp\/v2\/categories?post=20930"},{"taxonomy":"post_tag","embeddable":true,"href":"https:\/\/vcp.de\/pfadfinden\/wp-json\/wp\/v2\/tags?post=20930"}],"curies":[{"name":"wp","href":"https:\/\/api.w.org\/{rel}","templated":true}]}}