{"id":20869,"date":"2021-03-16T11:05:24","date_gmt":"2021-03-16T10:05:24","guid":{"rendered":"https:\/\/www.vcp.de\/pfadfinden\/?p=20869"},"modified":"2024-11-28T15:05:38","modified_gmt":"2024-11-28T14:05:38","slug":"altes-eingangsschild-in-neuer-bundeszentrale","status":"publish","type":"post","link":"https:\/\/vcp.de\/pfadfinden\/vcp-bundesarchiv\/altes-eingangsschild-in-neuer-bundeszentrale\/","title":{"rendered":"Altes Eingangsschild in neuer Bundeszentrale"},"content":{"rendered":"\n<p><em>von Bernd Eichhorn<\/em><\/p>\n\n\n\n<p>Ein altes, sch\u00f6n geschnitztes Eingangsschild aus Holz h\u00e4ngt nun wieder in der Bundeszentrale. Es war in den 1980er Jahren an der Fassade befestigt. F\u00fcr wie lange, wei\u00df ich allerdings nicht, auch nicht, wer der*die Urheber*in des Schildes ist. Vielleicht wei\u00df von euch jemand mehr?<br>Ich fand es jedenfalls zu schade, dass es im Archiv \u201eversauert\u201c, habe es einge\u00f6lt und nun h\u00e4ngt es im Eingangsbereich der Bundeszentrale.<\/p>\n\n\n\n<figure class=\"wp-block-gallery has-nested-images columns-2 is-cropped wp-block-gallery-1 is-layout-flex wp-block-gallery-is-layout-flex\"><!-- TEST -->\n<figure data-wp-context=\"{&quot;imageId&quot;:&quot;69edc4838f796&quot;}\" data-wp-interactive=\"core\/image\" data-wp-key=\"69edc4838f796\" class=\"wp-block-image size-large wp-lightbox-container\"><img loading=\"lazy\" decoding=\"async\" width=\"1024\" height=\"768\" data-wp-class--hide=\"state.isContentHidden\" data-wp-class--show=\"state.isContentVisible\" data-wp-init=\"callbacks.setButtonStyles\" data-wp-on--click=\"actions.showLightbox\" data-wp-on--load=\"callbacks.setButtonStyles\" data-wp-on-window--resize=\"callbacks.setButtonStyles\" data-id=\"20870\" src=\"https:\/\/www.vcp.de\/pfadfinden\/wp-content\/uploads\/2021\/03\/IMG_0071-1024x768.jpg\" alt=\"\" class=\"wp-image-20870\" srcset=\"https:\/\/vcp.de\/pfadfinden\/wp-content\/uploads\/2021\/03\/IMG_0071-1024x768.jpg 1024w, https:\/\/vcp.de\/pfadfinden\/wp-content\/uploads\/2021\/03\/IMG_0071-300x225.jpg 300w, https:\/\/vcp.de\/pfadfinden\/wp-content\/uploads\/2021\/03\/IMG_0071-768x576.jpg 768w, https:\/\/vcp.de\/pfadfinden\/wp-content\/uploads\/2021\/03\/IMG_0071-1536x1152.jpg 1536w, https:\/\/vcp.de\/pfadfinden\/wp-content\/uploads\/2021\/03\/IMG_0071-2048x1536.jpg 2048w\" sizes=\"auto, (max-width: 1024px) 100vw, 1024px\" \/><button\n\t\t\tclass=\"lightbox-trigger\"\n\t\t\ttype=\"button\"\n\t\t\taria-haspopup=\"dialog\"\n\t\t\taria-label=\"Vergr\u00f6\u00dfern\"\n\t\t\tdata-wp-init=\"callbacks.initTriggerButton\"\n\t\t\tdata-wp-on--click=\"actions.showLightbox\"\n\t\t\tdata-wp-style--right=\"state.imageButtonRight\"\n\t\t\tdata-wp-style--top=\"state.imageButtonTop\"\n\t\t>\n\t\t\t<svg xmlns=\"http:\/\/www.w3.org\/2000\/svg\" width=\"12\" height=\"12\" fill=\"none\" viewBox=\"0 0 12 12\">\n\t\t\t\t<path fill=\"#fff\" d=\"M2 0a2 2 0 0 0-2 2v2h1.5V2a.5.5 0 0 1 .5-.5h2V0H2Zm2 10.5H2a.5.5 0 0 1-.5-.5V8H0v2a2 2 0 0 0 2 2h2v-1.5ZM8 12v-1.5h2a.5.5 0 0 0 .5-.5V8H12v2a2 2 0 0 1-2 2H8Zm2-12a2 2 0 0 1 2 2v2h-1.5V2a.5.5 0 0 0-.5-.5H8V0h2Z\" \/>\n\t\t\t<\/svg>\n\t\t<\/button><figcaption class=\"wp-element-caption\">Foto: Bernd Eichhorn<\/figcaption><\/figure>\n\n\n<!-- TEST -->\n<figure data-wp-context=\"{&quot;imageId&quot;:&quot;69edc4838fcf1&quot;}\" data-wp-interactive=\"core\/image\" data-wp-key=\"69edc4838fcf1\" class=\"wp-block-image size-large wp-lightbox-container\"><img loading=\"lazy\" decoding=\"async\" width=\"768\" height=\"1024\" data-wp-class--hide=\"state.isContentHidden\" data-wp-class--show=\"state.isContentVisible\" data-wp-init=\"callbacks.setButtonStyles\" data-wp-on--click=\"actions.showLightbox\" data-wp-on--load=\"callbacks.setButtonStyles\" data-wp-on-window--resize=\"callbacks.setButtonStyles\" data-id=\"20871\" src=\"https:\/\/www.vcp.de\/pfadfinden\/wp-content\/uploads\/2021\/03\/IMG_0070-768x1024.jpg\" alt=\"\" class=\"wp-image-20871\" srcset=\"https:\/\/vcp.de\/pfadfinden\/wp-content\/uploads\/2021\/03\/IMG_0070-768x1024.jpg 768w, https:\/\/vcp.de\/pfadfinden\/wp-content\/uploads\/2021\/03\/IMG_0070-225x300.jpg 225w, https:\/\/vcp.de\/pfadfinden\/wp-content\/uploads\/2021\/03\/IMG_0070-1152x1536.jpg 1152w, https:\/\/vcp.de\/pfadfinden\/wp-content\/uploads\/2021\/03\/IMG_0070-1536x2048.jpg 1536w, https:\/\/vcp.de\/pfadfinden\/wp-content\/uploads\/2021\/03\/IMG_0070-scaled.jpg 1920w\" sizes=\"auto, (max-width: 768px) 100vw, 768px\" \/><button\n\t\t\tclass=\"lightbox-trigger\"\n\t\t\ttype=\"button\"\n\t\t\taria-haspopup=\"dialog\"\n\t\t\taria-label=\"Vergr\u00f6\u00dfern\"\n\t\t\tdata-wp-init=\"callbacks.initTriggerButton\"\n\t\t\tdata-wp-on--click=\"actions.showLightbox\"\n\t\t\tdata-wp-style--right=\"state.imageButtonRight\"\n\t\t\tdata-wp-style--top=\"state.imageButtonTop\"\n\t\t>\n\t\t\t<svg xmlns=\"http:\/\/www.w3.org\/2000\/svg\" width=\"12\" height=\"12\" fill=\"none\" viewBox=\"0 0 12 12\">\n\t\t\t\t<path fill=\"#fff\" d=\"M2 0a2 2 0 0 0-2 2v2h1.5V2a.5.5 0 0 1 .5-.5h2V0H2Zm2 10.5H2a.5.5 0 0 1-.5-.5V8H0v2a2 2 0 0 0 2 2h2v-1.5ZM8 12v-1.5h2a.5.5 0 0 0 .5-.5V8H12v2a2 2 0 0 1-2 2H8Zm2-12a2 2 0 0 1 2 2v2h-1.5V2a.5.5 0 0 0-.5-.5H8V0h2Z\" \/>\n\t\t\t<\/svg>\n\t\t<\/button><figcaption class=\"wp-element-caption\">Foto: Bernd Eichhorn<\/figcaption><\/figure>\n<\/figure>\n","protected":false},"excerpt":{"rendered":"<p>von Bernd Eichhorn Ein altes, sch\u00f6n geschnitztes Eingangsschild aus Holz h\u00e4ngt nun wieder in der Bundeszentrale. Es war in den 1980er Jahren an der Fassade befestigt. F\u00fcr wie lange, wei\u00df ich allerdings nicht, auch nicht, wer der*die Urheber*in des Schildes ist. Vielleicht wei\u00df von euch jemand mehr?Ich fand es jedenfalls zu schade, dass es im [&hellip;]<\/p>\n","protected":false},"author":50,"featured_media":20870,"comment_status":"closed","ping_status":"open","sticky":false,"template":"","format":"standard","meta":{"_acf_changed":false,"inline_featured_image":false,"footnotes":""},"categories":[23],"tags":[576,577],"class_list":["post-20869","post","type-post","status-publish","format-standard","has-post-thumbnail","hentry","category-vcp-bundesarchiv","tag-bundesarchiv","tag-vcp-bundesarchiv"],"acf":[],"_links":{"self":[{"href":"https:\/\/vcp.de\/pfadfinden\/wp-json\/wp\/v2\/posts\/20869","targetHints":{"allow":["GET"]}}],"collection":[{"href":"https:\/\/vcp.de\/pfadfinden\/wp-json\/wp\/v2\/posts"}],"about":[{"href":"https:\/\/vcp.de\/pfadfinden\/wp-json\/wp\/v2\/types\/post"}],"author":[{"embeddable":true,"href":"https:\/\/vcp.de\/pfadfinden\/wp-json\/wp\/v2\/users\/50"}],"replies":[{"embeddable":true,"href":"https:\/\/vcp.de\/pfadfinden\/wp-json\/wp\/v2\/comments?post=20869"}],"version-history":[{"count":1,"href":"https:\/\/vcp.de\/pfadfinden\/wp-json\/wp\/v2\/posts\/20869\/revisions"}],"predecessor-version":[{"id":37657,"href":"https:\/\/vcp.de\/pfadfinden\/wp-json\/wp\/v2\/posts\/20869\/revisions\/37657"}],"wp:featuredmedia":[{"embeddable":true,"href":"https:\/\/vcp.de\/pfadfinden\/wp-json\/wp\/v2\/media\/20870"}],"wp:attachment":[{"href":"https:\/\/vcp.de\/pfadfinden\/wp-json\/wp\/v2\/media?parent=20869"}],"wp:term":[{"taxonomy":"category","embeddable":true,"href":"https:\/\/vcp.de\/pfadfinden\/wp-json\/wp\/v2\/categories?post=20869"},{"taxonomy":"post_tag","embeddable":true,"href":"https:\/\/vcp.de\/pfadfinden\/wp-json\/wp\/v2\/tags?post=20869"}],"curies":[{"name":"wp","href":"https:\/\/api.w.org\/{rel}","templated":true}]}}