{"id":20800,"date":"2021-03-22T08:09:55","date_gmt":"2021-03-22T07:09:55","guid":{"rendered":"https:\/\/www.vcp.de\/pfadfinden\/?p=20800"},"modified":"2023-02-01T15:57:27","modified_gmt":"2023-02-01T14:57:27","slug":"verwenden-statt-verschwenden","status":"publish","type":"post","link":"https:\/\/vcp.de\/pfadfinden\/auf-neuem-pfad\/verwenden-statt-verschwenden\/","title":{"rendered":"Verwenden statt verschwenden"},"content":{"rendered":"<h2>Wie irrsinnig ist Lebensmittelverschwendung?<\/h2>\n<p><em>von Lena Radmer<\/em><\/p>\n<p>Allein in Deutschland landen j\u00e4hrlich etwa zw\u00f6lf Millionen Tonnen Lebensmittel in der Tonne<sup><a id=\"anker1\" title=\"zur Erl\u00e4uterung\" href=\"#fn1\">[1]<\/a><\/sup>. Abgelaufenes Mindesthaltbarkeitsdatum, hier ein Ditscher, da eine braune Stelle \u2013 was die Lebensmittelverwendung angeht, sind wir kr\u00fcsch (norddeutsch f\u00fcr w\u00e4hlerisch) geworden. Denn mehrere Millionen Tonnen der weggeschmissenen Lebensmittel w\u00e4re noch genie\u00dfbar gewesen.<\/p>\n<p>Auf unseren Bundeslagern, Kirchentagen und anderen Veranstaltungen versuchen wir durch Tauschcaf\u00e9s und Oasen \u201ezur weiteren Verwendung\u201c gegen die Lebensmittelverschwendung an zu k\u00e4mpfen.<\/p>\n<p>Im Interview erz\u00e4hlt Moritz von seiner Idee, bei der weiteren Lebensmittelverwendung mit anzupacken.<\/p>\n<h3>Hej Moritz, wer bist und was machst du im VCP?<\/h3>\n<p>Moin, ich bin Moritz Dietzsch, 25 Jahre jung, komme aus Kiel und bin Gr\u00fcnder der <a href=\"https:\/\/resteritter.de\/\" target=\"_blank\" rel=\"noopener noreferrer\">ResteRitter<\/a>. Im VCP komme ich aus dem <a href=\"https:\/\/vcp.sh\/index.php\/ueber-uns\/staemme-im-land\/swentana\" target=\"_blank\" rel=\"noopener noreferrer\">Stamm Swentana<\/a> aus Sch\u00f6nwalde in <a href=\"https:\/\/vcp.sh\/\" target=\"_blank\" rel=\"noopener noreferrer\">Schleswig-Holstein (SH)<\/a>. Bis vor zwei Jahren war ich dort auch Teil der Landesleitung. Aktuell bin ich stellvertretender Vorsitzender des Landesjugendrings und vertrete dort die Interessen der Pfadis und aller Jugendverb\u00e4nde in SH.<\/p>\n<h3>Was genau sind die ResteRitter?<\/h3>\n<p>Wir ResteRitter k\u00e4mpfen seit drei Jahren in Kiel und SH gegen die Lebensmittelverschwendung und den Kinderhunger. Wir retten Obst und Gem\u00fcse, welches sonst im M\u00fcll gelandet w\u00e4re, vom Gro\u00dfh\u00e4ndler und aus G\u00e4rten und kochen daraus Fruchtaufstriche, Chutneys und machen S\u00e4fte. Mit jedem verkauften Produkt spenden wir f\u00fcr Mittagessen f\u00fcr Schulkinder an die Stiftung Mittagskinder. Gleichzeitig setzen wir uns auch f\u00fcr ein Umdenken in der Gesellschaft ein und veranstalten Schnibbelpartys mit geretteten Lebensmitteln und bieten Schulprojekte zum Thema Lebensmittelretten an.<\/p>\n<h3>Inwieweit haben deine Pfadi-erlebnisse und Pfadi-erfahrungen zur Gr\u00fcndung beigetragen?<\/h3>\n<p>Die Dimensionen der Lebensmittelverschwendung habe ich das erste Mal wirklich erlebt, als wir mit drei Ranger*Rover die Klimapilger*innen zwei Wochen mit geretteten Lebensmitteln aus den Superm\u00e4rkten auf dem Weg versorgt haben. Aus dieser Erfahrung haben wir in SH das Projekt \u201eVerschwenden-beenden\u201c entwickelt und auf unterschiedlichsten Veranstaltungen unglaubliche Mengen Lebensmittel gerettet. Dies war f\u00fcr mich ein wirkliches Schl\u00fcsselerlebnis und der Ansporn, im Rahmen eines Studienprojekts die Idee der Reste Ritter zu entwickeln. Meine Erfahrungen als Pfadi haben so unheimlich dazu beigetragen, mich \u00fcberhaupt auf das Abenteuer Gr\u00fcndung einzulassen. Sei es die vielf\u00e4ltige Erfahrung f\u00fcr gro\u00dfe Gruppen zu kochen oder einfach den Mut und die Zuversicht zu haben, eine ungewisse und ganz neue Herausforderung anzugehen.<\/p>\n<p>&nbsp;<\/p>\n<h3>Was w\u00fcrdest du anderen mitgeben und empfehlen, die Ideen &#8211; wie du die Resteritter- im Kopf haben?<\/h3>\n<p>Ich kann jeder*jedem nur empfehlen, sucht euch Mitstreiter*innen und Unterst\u00fctzer*innen und fangt einfach an. Mehr als Scheitern und dabei wertvolle Erfahrungen sammeln, kann euch nicht passieren. Wenn ihr etwas wirklich wollt, braucht ihr am Anfang keine gro\u00dfen Mittel oder viel Geld. Viele Menschen und Unternehmen sind total offen gute Projekte zu unterst\u00fctzen, ihr m\u00fcsst sie einfach nur fragen.<\/p>\n<ul>\n<li id=\"fn1\"><a href=\"#anker1\">[1]<\/a> Bundesministerium f\u00fcr Ern\u00e4hrung und Landwirtschaft <a href=\"https:\/\/www.bmel.de\/DE\/themen\/ernaehrung\/lebensmittelverschwendung\/lebensmittelverschwendung_node.html\" target=\"_blank\" rel=\"noopener noreferrer\">https:\/\/www.bmel.de\/DE\/themen\/ernaehrung\/lebensmittelverschwendung\/lebensmittelverschwendung_node.html<\/a> (07.02.2021)<\/li>\n<\/ul>\n<p>&nbsp;<\/p>\n<p>&nbsp;<\/p>\n<figure id=\"attachment_20798\" aria-describedby=\"caption-attachment-20798\" style=\"width: 200px\" class=\"wp-caption aligncenter\"><a href=\"https:\/\/www.vcp.de\/pfadfinden\/wp-content\/uploads\/2021\/03\/Moritz-Dietzsch-_-ResteRitter-2.jpg\"><img decoding=\"async\" loading=\"lazy\" class=\"wp-image-20798 size-medium\" src=\"https:\/\/www.vcp.de\/pfadfinden\/wp-content\/uploads\/2021\/03\/Moritz-Dietzsch-_-ResteRitter-2-200x300.jpg\" alt=\"Moritz Dietzsch von den ResteRitter\" width=\"200\" height=\"300\" srcset=\"https:\/\/www.vcp.de\/pfadfinden\/wp-content\/uploads\/2021\/03\/Moritz-Dietzsch-_-ResteRitter-2-200x300.jpg 200w, https:\/\/www.vcp.de\/pfadfinden\/wp-content\/uploads\/2021\/03\/Moritz-Dietzsch-_-ResteRitter-2.jpg 534w\" sizes=\"auto, (max-width: 200px) 100vw, 200px\" \/><\/a><figcaption id=\"caption-attachment-20798\" class=\"wp-caption-text\">Foto: Moritz Dietzsch<\/figcaption><\/figure>\n<blockquote class=\"wp-embedded-content\" data-secret=\"RDO3VfyDn0\">\n<p><a href=\"https:\/\/www.vcp.de\/pfadfinden\/podcast\/resteritter-abenteuer-von-cheevuap-und-gendern-im-vcp\">Resteritter, Abenteuer von Cheevuap und Gendern im VCP<\/a><\/p>\n<\/blockquote>\n<p><iframe loading=\"lazy\" class=\"wp-embedded-content\" sandbox=\"allow-scripts\" security=\"restricted\" style=\"position: absolute; clip: rect(1px, 1px, 1px, 1px);\" title=\"&#8222;Resteritter, Abenteuer von Cheevuap und Gendern im VCP&#8220; &#8212; vcp.de\/pfadfinden\" src=\"https:\/\/www.vcp.de\/pfadfinden\/podcast\/resteritter-abenteuer-von-cheevuap-und-gendern-im-vcp\/embed#?secret=mnqo72xDHY#?secret=RDO3VfyDn0\" data-secret=\"RDO3VfyDn0\" width=\"600\" height=\"338\" frameborder=\"0\" marginwidth=\"0\" marginheight=\"0\" scrolling=\"no\"><\/iframe><\/p>\n<p>https:\/\/www.vcp.de\/pfadfinden\/%ef%bb%bfverschwenden-beenden-klima-schonend-kochen-und-essen\/<\/p>\n<blockquote class=\"wp-embedded-content\" data-secret=\"o4qbV5IZN6\"><p><a href=\"https:\/\/www.vcp.de\/pfadfinden\/aus-dem-verband\/geht-doch-abenteuer-klimapilgern\/\">Geht doch\u2026 Abenteuer Klimapilgern<\/a><\/p><\/blockquote>\n<p><iframe loading=\"lazy\" class=\"wp-embedded-content\" sandbox=\"allow-scripts\" security=\"restricted\" style=\"position: absolute; visibility: hidden;\" title=\"&#8222;Geht doch\u2026 Abenteuer Klimapilgern&#8220; &#8212; VCP-Blog\" src=\"https:\/\/www.vcp.de\/pfadfinden\/aus-dem-verband\/geht-doch-abenteuer-klimapilgern\/embed\/#?secret=Im2BJKEJMU#?secret=o4qbV5IZN6\" data-secret=\"o4qbV5IZN6\" width=\"600\" height=\"338\" frameborder=\"0\" marginwidth=\"0\" marginheight=\"0\" scrolling=\"no\"><\/iframe><\/p>\n","protected":false},"excerpt":{"rendered":"<p>Wie irrsinnig ist Lebensmittelverschwendung? von Lena Radmer Allein in Deutschland landen j\u00e4hrlich etwa zw\u00f6lf Millionen Tonnen Lebensmittel in der Tonne[1]. Abgelaufenes Mindesthaltbarkeitsdatum, hier ein Ditscher, da eine braune Stelle \u2013 was die Lebensmittelverwendung angeht, sind wir kr\u00fcsch (norddeutsch f\u00fcr w\u00e4hlerisch) geworden. Denn mehrere Millionen Tonnen der weggeschmissenen Lebensmittel w\u00e4re noch genie\u00dfbar gewesen. Auf unseren Bundeslagern, [&hellip;]<\/p>\n","protected":false},"author":52,"featured_media":20799,"comment_status":"closed","ping_status":"open","sticky":false,"template":"","format":"standard","meta":{"_acf_changed":false,"inline_featured_image":false,"footnotes":""},"categories":[419],"tags":[391,228],"class_list":["post-20800","post","type-post","status-publish","format-standard","has-post-thumbnail","hentry","category-auf-neuem-pfad","tag-anp2001","tag-entdecken"],"acf":[],"_links":{"self":[{"href":"https:\/\/vcp.de\/pfadfinden\/wp-json\/wp\/v2\/posts\/20800","targetHints":{"allow":["GET"]}}],"collection":[{"href":"https:\/\/vcp.de\/pfadfinden\/wp-json\/wp\/v2\/posts"}],"about":[{"href":"https:\/\/vcp.de\/pfadfinden\/wp-json\/wp\/v2\/types\/post"}],"author":[{"embeddable":true,"href":"https:\/\/vcp.de\/pfadfinden\/wp-json\/wp\/v2\/users\/52"}],"replies":[{"embeddable":true,"href":"https:\/\/vcp.de\/pfadfinden\/wp-json\/wp\/v2\/comments?post=20800"}],"version-history":[{"count":1,"href":"https:\/\/vcp.de\/pfadfinden\/wp-json\/wp\/v2\/posts\/20800\/revisions"}],"predecessor-version":[{"id":29207,"href":"https:\/\/vcp.de\/pfadfinden\/wp-json\/wp\/v2\/posts\/20800\/revisions\/29207"}],"wp:featuredmedia":[{"embeddable":true,"href":"https:\/\/vcp.de\/pfadfinden\/wp-json\/wp\/v2\/media\/20799"}],"wp:attachment":[{"href":"https:\/\/vcp.de\/pfadfinden\/wp-json\/wp\/v2\/media?parent=20800"}],"wp:term":[{"taxonomy":"category","embeddable":true,"href":"https:\/\/vcp.de\/pfadfinden\/wp-json\/wp\/v2\/categories?post=20800"},{"taxonomy":"post_tag","embeddable":true,"href":"https:\/\/vcp.de\/pfadfinden\/wp-json\/wp\/v2\/tags?post=20800"}],"curies":[{"name":"wp","href":"https:\/\/api.w.org\/{rel}","templated":true}]}}