{"id":20641,"date":"2021-03-04T11:10:33","date_gmt":"2021-03-04T10:10:33","guid":{"rendered":"https:\/\/www.vcp.de\/pfadfinden\/?p=20641"},"modified":"2021-06-14T15:01:00","modified_gmt":"2021-06-14T13:01:00","slug":"nur-mutfahr-aufs-moot-vom-16-bis-28-07-2022","status":"publish","type":"post","link":"https:\/\/vcp.de\/pfadfinden\/internationales\/nur-mutfahr-aufs-moot-vom-16-bis-28-07-2022\/","title":{"rendered":"Nur Mut, fahr\u2018 aufs Moot! Vom 16. bis 28.07.2022"},"content":{"rendered":"<p>Das Moot ist eine internationale Gro\u00dfveranstaltung, die von dem Weltverband WOSM organisiert wird. Pfadfinder*innen bekommen die M\u00f6glichkeit in kulturell bunt gemischten Gruppen von bis zu zehn Personen (Patrols) das Land zu erkunden, in dem das Moot stattfindet. Eine perfekte Mischung aus Kultur, Lagerleben und Naturerlebnis!<\/p>\n<p>Das Lagermotto des 16. Moots lautet: \u201eLe Cheile\u201c (leh kay-la), \u201cN\u00ed neart go cur le ch\u00e9ile.\u201d \u201cEs gibt keine St\u00e4rke ohne Zusammenhalt.\u201d<\/p>\n<p>weiter Infos unter <a href=\"http:\/\/www.moot.rover.de\" target=\"_blank\" rel=\"noopener noreferrer\">www.moot.rover.de<\/a><\/p>\n<p>Anmeldung unter: <a href=\"https:\/\/moot-anmeldung.rover.de\/rdp\/moot\/\">https:\/\/moot-anmeldung.rover.de\/rdp\/moot\/<\/a><\/p>\n<p>Weiter Infoseiten: <a href=\"http:\/\/www.worldscoutmoot.ie\" target=\"_blank\" rel=\"noopener noreferrer\">www.worldscoutmoot.ie<\/a><br \/>\nBei Fragen sendet uns eine Mail an: <a href=\"mailto:moot@pfadfinden-in-deutschland.de\">moot@pfadfinden-in-deutschland.de<\/a><br \/>\nWir freuen uns auf eine gemeinsame Zeit mit euch!<\/p>\n<p>Eure Kontigentsleitung:<br \/>\nChristoph Rechsteiner (DPSG), Franziska Weidenhagen (VCP) und Tabea Weeke (BdP)<\/p>\n<h3>Was dich erwartet:<\/h3>\n<p>Als deutsches Kontigent wollen wir uns vor dem Moot zu einem Vorlager in der N\u00e4he von Dublin treffen. Gemeinsam fahren wir zur Er\u00f6ffnungsveranstaltung, die voraussichtlich in Dublin stattfinden wird. Von dort geht es in alle Himmelsrichtungen. In den \u201einternational Patrols\u201c erkundet man 6 Tage lang die wundersch\u00f6ne Insel. Zum Abschluss treffen sich alle f\u00fcr weitere 4 Tage zu einem Gro\u00dflager vor den Toren des Malahide Castles bei Dublin.<\/p>\n<p>Wer Zeit und Lust hat kann im Vorfeld oder im Anschluss auf eigene Faust noch weitere Erkundungstouren durch Irland machen.<\/p>\n<p>Wir bringen alle Interessierten zusammen und stellen gerne Tourenvorschl\u00e4ge zur Verf\u00fcgung.<\/p>\n<p><strong>Im Allgemeinen&#8230;<\/strong><\/p>\n<p>&#8230;k\u00f6nnen teilnehmen: alle beim rdp gemeldeten Pfadfinder*innen zwischen 18 und 26 Jahren. Wer \u00c4lter ist kann als Teil des International Service Teams (IST) mitfahren.<\/p>\n<p><a href=\"https:\/\/www.vcp.de\/pfadfinden\/wp-content\/uploads\/2021\/03\/Moot-2022_Infoblatt.pdf\" target=\"_blank\" rel=\"noopener noreferrer\">Moot 2022_Infoblatt<\/a><\/p>\n","protected":false},"excerpt":{"rendered":"<p>Das Moot ist eine internationale Gro\u00dfveranstaltung, die von dem Weltverband WOSM organisiert wird. Pfadfinder*innen bekommen die M\u00f6glichkeit in kulturell bunt gemischten Gruppen von bis zu zehn Personen (Patrols) das Land zu erkunden, in dem das Moot stattfindet. Eine perfekte Mischung aus Kultur, Lagerleben und Naturerlebnis! Das Lagermotto des 16. Moots lautet: \u201eLe Cheile\u201c (leh kay-la), [&hellip;]<\/p>\n","protected":false},"author":3,"featured_media":20643,"comment_status":"closed","ping_status":"open","sticky":false,"template":"","format":"standard","meta":{"_acf_changed":false,"inline_featured_image":false,"footnotes":""},"categories":[419,14,103],"tags":[435,245],"class_list":["post-20641","post","type-post","status-publish","format-standard","has-post-thumbnail","hentry","category-auf-neuem-pfad","category-internationales","category-moot","tag-anp2101","tag-dies-und-das"],"acf":[],"_links":{"self":[{"href":"https:\/\/vcp.de\/pfadfinden\/wp-json\/wp\/v2\/posts\/20641","targetHints":{"allow":["GET"]}}],"collection":[{"href":"https:\/\/vcp.de\/pfadfinden\/wp-json\/wp\/v2\/posts"}],"about":[{"href":"https:\/\/vcp.de\/pfadfinden\/wp-json\/wp\/v2\/types\/post"}],"author":[{"embeddable":true,"href":"https:\/\/vcp.de\/pfadfinden\/wp-json\/wp\/v2\/users\/3"}],"replies":[{"embeddable":true,"href":"https:\/\/vcp.de\/pfadfinden\/wp-json\/wp\/v2\/comments?post=20641"}],"version-history":[{"count":0,"href":"https:\/\/vcp.de\/pfadfinden\/wp-json\/wp\/v2\/posts\/20641\/revisions"}],"wp:featuredmedia":[{"embeddable":true,"href":"https:\/\/vcp.de\/pfadfinden\/wp-json\/wp\/v2\/media\/20643"}],"wp:attachment":[{"href":"https:\/\/vcp.de\/pfadfinden\/wp-json\/wp\/v2\/media?parent=20641"}],"wp:term":[{"taxonomy":"category","embeddable":true,"href":"https:\/\/vcp.de\/pfadfinden\/wp-json\/wp\/v2\/categories?post=20641"},{"taxonomy":"post_tag","embeddable":true,"href":"https:\/\/vcp.de\/pfadfinden\/wp-json\/wp\/v2\/tags?post=20641"}],"curies":[{"name":"wp","href":"https:\/\/api.w.org\/{rel}","templated":true}]}}