{"id":20545,"date":"2021-03-22T08:08:47","date_gmt":"2021-03-22T07:08:47","guid":{"rendered":"https:\/\/www.vcp.de\/pfadfinden\/?p=20545"},"modified":"2022-03-08T11:36:20","modified_gmt":"2022-03-08T10:36:20","slug":"neue-lieder-von-pfadis-fuer-pfadis-lass-dich-nicht-treiben","status":"publish","type":"post","link":"https:\/\/vcp.de\/pfadfinden\/neue-lieder-lernen\/neue-lieder-von-pfadis-fuer-pfadis-lass-dich-nicht-treiben\/","title":{"rendered":"Neue Lieder \u2013 von Pfadis f\u00fcr Pfadis: Lass dich nicht treiben!"},"content":{"rendered":"<p><em>Text &amp; Melodie: Steffen, Gau Burgund<\/em><\/p>\n<p>Steffen schreibt zu seinem Lied: \u201eDie Entstehungsgeschichte ist recht unspektakul\u00e4r. Ich bin auf dem Rad von der Arbeit nach Hause durch die L\u00fcneburger Heide gefahren. Der Wind war stark und ich war jung und dann war das Lied da.\u201c<\/p>\n<p>Auch ohne besondere Entstehungsgeschichte kann man die Gef\u00fchle des jungen Gem\u00fcts nachempfinden, die der aufbrausende, kraftvolle Wind ausl\u00f6st.<\/p>\n<audio class=\"wp-audio-shortcode\" id=\"audio-20545-1\" preload=\"none\" style=\"width: 100%;\" controls=\"controls\"><source type=\"audio\/mpeg\" src=\"https:\/\/www.vcp.de\/pfadfinden\/wp-content\/uploads\/2021\/02\/WindWindWind.mp3?_=1\" \/><a href=\"https:\/\/www.vcp.de\/pfadfinden\/wp-content\/uploads\/2021\/02\/WindWindWind.mp3\">https:\/\/www.vcp.de\/pfadfinden\/wp-content\/uploads\/2021\/02\/WindWindWind.mp3<\/a><\/audio>\n<p>&nbsp;<\/p>\n<p><a href=\"https:\/\/www.vcp.de\/pfadfinden\/wp-content\/uploads\/2021\/02\/Liedblatt-WindWindWind.pdf\" target=\"_blank\" rel=\"noopener noreferrer\">Liedblatt<\/a><\/p>\n<p><a href=\"https:\/\/www.vcp.de\/pfadfinden\/wp-content\/uploads\/2021\/02\/WindWindWind.mp3\" target=\"_blank\" rel=\"noopener noreferrer\">MP3<\/a><\/p>\n","protected":false},"excerpt":{"rendered":"<p>Text &amp; Melodie: Steffen, Gau Burgund Steffen schreibt zu seinem Lied: \u201eDie Entstehungsgeschichte ist recht unspektakul\u00e4r. Ich bin auf dem Rad von der Arbeit nach Hause durch die L\u00fcneburger Heide gefahren. Der Wind war stark und ich war jung und dann war das Lied da.\u201c Auch ohne besondere Entstehungsgeschichte kann man die Gef\u00fchle des jungen [&hellip;]<\/p>\n","protected":false},"author":52,"featured_media":20544,"comment_status":"closed","ping_status":"open","sticky":false,"template":"","format":"standard","meta":{"_acf_changed":false,"inline_featured_image":false,"footnotes":""},"categories":[419,384],"tags":[435,245,295],"class_list":["post-20545","post","type-post","status-publish","format-standard","has-post-thumbnail","hentry","category-auf-neuem-pfad","category-neue-lieder-lernen","tag-anp2101","tag-dies-und-das","tag-lieder"],"acf":[],"_links":{"self":[{"href":"https:\/\/vcp.de\/pfadfinden\/wp-json\/wp\/v2\/posts\/20545","targetHints":{"allow":["GET"]}}],"collection":[{"href":"https:\/\/vcp.de\/pfadfinden\/wp-json\/wp\/v2\/posts"}],"about":[{"href":"https:\/\/vcp.de\/pfadfinden\/wp-json\/wp\/v2\/types\/post"}],"author":[{"embeddable":true,"href":"https:\/\/vcp.de\/pfadfinden\/wp-json\/wp\/v2\/users\/52"}],"replies":[{"embeddable":true,"href":"https:\/\/vcp.de\/pfadfinden\/wp-json\/wp\/v2\/comments?post=20545"}],"version-history":[{"count":0,"href":"https:\/\/vcp.de\/pfadfinden\/wp-json\/wp\/v2\/posts\/20545\/revisions"}],"wp:featuredmedia":[{"embeddable":true,"href":"https:\/\/vcp.de\/pfadfinden\/wp-json\/wp\/v2\/media\/20544"}],"wp:attachment":[{"href":"https:\/\/vcp.de\/pfadfinden\/wp-json\/wp\/v2\/media?parent=20545"}],"wp:term":[{"taxonomy":"category","embeddable":true,"href":"https:\/\/vcp.de\/pfadfinden\/wp-json\/wp\/v2\/categories?post=20545"},{"taxonomy":"post_tag","embeddable":true,"href":"https:\/\/vcp.de\/pfadfinden\/wp-json\/wp\/v2\/tags?post=20545"}],"curies":[{"name":"wp","href":"https:\/\/api.w.org\/{rel}","templated":true}]}}