{"id":19996,"date":"2020-12-21T09:32:34","date_gmt":"2020-12-21T08:32:34","guid":{"rendered":"https:\/\/www.vcp.de\/pfadfinden\/?p=19996"},"modified":"2020-12-21T11:17:40","modified_gmt":"2020-12-21T10:17:40","slug":"chats-mit-der-bundesleitung-3","status":"publish","type":"post","link":"https:\/\/vcp.de\/pfadfinden\/auf-neuem-pfad\/chats-mit-der-bundesleitung-3\/","title":{"rendered":"Chats mit der Bundesleitung"},"content":{"rendered":"<p><em> <span class=\"fontstyle0\">von Lilli Burlafinger<br \/>\n<\/span><\/em><\/p>\n<p><img loading=\"lazy\" decoding=\"async\" class=\"aligncenter size-full wp-image-19999\" src=\"https:\/\/www.vcp.de\/pfadfinden\/wp-content\/uploads\/2020\/12\/bl-chat-internationales.png\" alt=\"\" width=\"363\" height=\"75\" srcset=\"https:\/\/vcp.de\/pfadfinden\/wp-content\/uploads\/2020\/12\/bl-chat-internationales.png 363w, https:\/\/vcp.de\/pfadfinden\/wp-content\/uploads\/2020\/12\/bl-chat-internationales-300x62.png 300w\" sizes=\"auto, (max-width: 363px) 100vw, 363px\" \/><\/p>\n<h4><strong>Hey Ilka und Leah \ud83d\ude42 Vor kurzem habt ihr das Referat Internationales \u00fcbernommen. Wie kamt ihr zwei zum Pfadfinden?<\/strong><\/h4>\n<p style=\"padding-left: 40px;\"><strong>Ilka und Leah:<\/strong> Wir sind beide fr\u00fch zum Pfadfinden gekommen und haben uns auf verschiedensten Ebenen in unterschiedlichsten Funktionen engagiert. Uns beide verbindet die Liebe zum internationalen Pfadfinden. Den internationalen Spirit m\u00f6chten wir in den Verband tragen, sodass sich alle VCPer*innen als Teil dieser wahnsinnig gro\u00dfen Jugendbewegung sehen k\u00f6nnen.<\/p>\n<h4><strong>Aktuell arbeitet ihr ja an der IMWe. Was genau versteckt sich dahinter?<\/strong><\/h4>\n<p style=\"padding-left: 40px;\"><strong>Ilka und Leah:<\/strong> Das ist die Internationale Musische Werkstatt, die jedes Jahr \u00fcber Ostern auf Burg Rieneck stattfindet. Hier treffen sich Pfadfinder*innen aus der ganzen Welt, um f\u00fcr eine Woche gemeinsam musisch-kreativ zu werden.<\/p>\n<h4><strong>Oh das klingt ja spannend! Arbeitet ihr noch an weiteren internationalen Veranstaltungen?<\/strong><\/h4>\n<p style=\"padding-left: 40px;\"><strong>Ilka und Leah:<\/strong> Ja klar! Auf internationaler Ebene gibt es viele Veranstaltungen zu den oft auch VCPer*innen fahren. Zum Beispiel World Scout Jamboree, Roverway oder Europa- und Weltkonferenzen von WAGGS\/WOSM.<\/p>\n<h4><strong>Danke f\u00fcr den kurzen Einblick.<\/strong><\/h4>\n<p style=\"padding-left: 40px;\">Bei Fragen oder Interesse an einer Mitarbeit im Referat meldet euch unter <a href=\"mailto:internationalteam@vcp.de\">internationalteam@vcp.de<\/a><\/p>\n<hr \/>\n<p><img loading=\"lazy\" decoding=\"async\" class=\"aligncenter size-full wp-image-20000\" src=\"https:\/\/www.vcp.de\/pfadfinden\/wp-content\/uploads\/2020\/12\/bl-chat-kommunikation-und-partizipation.png\" alt=\"\" width=\"373\" height=\"77\" srcset=\"https:\/\/vcp.de\/pfadfinden\/wp-content\/uploads\/2020\/12\/bl-chat-kommunikation-und-partizipation.png 373w, https:\/\/vcp.de\/pfadfinden\/wp-content\/uploads\/2020\/12\/bl-chat-kommunikation-und-partizipation-300x62.png 300w\" sizes=\"auto, (max-width: 373px) 100vw, 373px\" \/><\/p>\n<h4><strong>Hey S\u00f6ren!<\/strong><\/h4>\n<h4><strong>Seit mittlerweile rund 2 Jahren leitest du das Referat Kommunikation und Partizipation. Gib uns doch bitte einen kleinen Einblick, was seitdem passiert ist.<\/strong><\/h4>\n<p style=\"padding-left: 40px;\"><strong>S\u00f6ren:<\/strong> Wow, zwei Jahre \u2013 da ist schon einiges passiert. Wir haben die redaktionelle Arbeit auf ganz neue F\u00fc\u00dfe gestellt. Mittlerweile arbeiten wir in einer gro\u00dfen VCP-Redaktion mit f\u00fcnf Unterredaktionen. Im Bereich Kommunikationstechnik ist die FG Pfadisystems neu, die unsere digitale Infrastruktur wartet und entwickelt. Hinzu kommt, dass wir mit dem Scoutlab-Jota\/Joti ganz neue, tolle Bildungsangebote im Bereich digitaler Bildung &amp; Elektronik etabliert haben. Besonders stolz bin ich auf den neu geschaffenen Bereich Partizipation, der gerade an sehr spannenden Projekten f\u00fcr unseren VCP arbeitet.<\/p>\n<h4><strong>Wow, das scheint ganz sch\u00f6n umfangreich zu sein. K\u00f6nntest du kurz ein aktuelles Projekt aus deinem Referat vorstellen?<\/strong><\/h4>\n<p style=\"padding-left: 40px;\"><strong>S\u00f6ren:<\/strong> Besonders freue ich mich auf die Kampagne #PfadisWirken, die von den #partipeople (Partizipationsleute) gerade ausgearbeitet wird. Diese soll im Fr\u00fchjahr 2021 starten. Mit ihr wollen wir Pfadis aktiv an der gesellschaftlichen Entwicklung teilhaben lassen, indem sie Projekte kreieren, die einen Mehrwert f\u00fcr die Gesellschaft haben. (Social Entrepreneurship)<\/p>\n<h4><strong>Danke dir! Ich bin gespannt, was Kommunikation und Partizipation noch so aus dem Hut zaubern wird.<\/strong><\/h4>\n<p style=\"padding-left: 40px;\"><strong>S\u00f6ren:<\/strong> Ohja, da kommt noch mehr. Danke f\u00fcr das Gespr\u00e4ch \ud83d\ude42<\/p>\n","protected":false},"excerpt":{"rendered":"<p>von Lilli Burlafinger Hey Ilka und Leah \ud83d\ude42 Vor kurzem habt ihr das Referat Internationales \u00fcbernommen. Wie kamt ihr zwei zum Pfadfinden? Ilka und Leah: Wir sind beide fr\u00fch zum Pfadfinden gekommen und haben uns auf verschiedensten Ebenen in unterschiedlichsten Funktionen engagiert. Uns beide verbindet die Liebe zum internationalen Pfadfinden. Den internationalen Spirit m\u00f6chten wir [&hellip;]<\/p>\n","protected":false},"author":52,"featured_media":19842,"comment_status":"closed","ping_status":"open","sticky":false,"template":"","format":"standard","meta":{"_acf_changed":false,"inline_featured_image":false,"footnotes":""},"categories":[419],"tags":[229,415],"class_list":["post-19996","post","type-post","status-publish","format-standard","has-post-thumbnail","hentry","category-auf-neuem-pfad","tag-ankommen","tag-anp2004"],"acf":[],"_links":{"self":[{"href":"https:\/\/vcp.de\/pfadfinden\/wp-json\/wp\/v2\/posts\/19996","targetHints":{"allow":["GET"]}}],"collection":[{"href":"https:\/\/vcp.de\/pfadfinden\/wp-json\/wp\/v2\/posts"}],"about":[{"href":"https:\/\/vcp.de\/pfadfinden\/wp-json\/wp\/v2\/types\/post"}],"author":[{"embeddable":true,"href":"https:\/\/vcp.de\/pfadfinden\/wp-json\/wp\/v2\/users\/52"}],"replies":[{"embeddable":true,"href":"https:\/\/vcp.de\/pfadfinden\/wp-json\/wp\/v2\/comments?post=19996"}],"version-history":[{"count":0,"href":"https:\/\/vcp.de\/pfadfinden\/wp-json\/wp\/v2\/posts\/19996\/revisions"}],"wp:featuredmedia":[{"embeddable":true,"href":"https:\/\/vcp.de\/pfadfinden\/wp-json\/wp\/v2\/media\/19842"}],"wp:attachment":[{"href":"https:\/\/vcp.de\/pfadfinden\/wp-json\/wp\/v2\/media?parent=19996"}],"wp:term":[{"taxonomy":"category","embeddable":true,"href":"https:\/\/vcp.de\/pfadfinden\/wp-json\/wp\/v2\/categories?post=19996"},{"taxonomy":"post_tag","embeddable":true,"href":"https:\/\/vcp.de\/pfadfinden\/wp-json\/wp\/v2\/tags?post=19996"}],"curies":[{"name":"wp","href":"https:\/\/api.w.org\/{rel}","templated":true}]}}