{"id":19955,"date":"2020-12-21T10:26:41","date_gmt":"2020-12-21T09:26:41","guid":{"rendered":"https:\/\/www.vcp.de\/pfadfinden\/?p=19955"},"modified":"2020-12-27T19:08:56","modified_gmt":"2020-12-27T18:08:56","slug":"camphome-statt-winterfahrt-einfach-mal-mit-freundinnen-machen","status":"publish","type":"post","link":"https:\/\/vcp.de\/pfadfinden\/auf-neuem-pfad\/camphome-statt-winterfahrt-einfach-mal-mit-freundinnen-machen\/","title":{"rendered":"camp@home statt Winterfahrt \u2013 einfach mal mit Freund*innen machen!"},"content":{"rendered":"<p><em>von Johanna Mixsa<\/em><\/p>\n<p>Du hast richtig Bock auf Lager-Feeling, aber es ist eigentlich zu kalt zum Zelten und es gibt Kontaktbeschr\u00e4nkungen? Da gibt es eine einfache L\u00f6sung \u2013 camp@home!<\/p>\n<p>Alles was du daf\u00fcr brauchst, ist dein Schlafsack und deine Isomatte, vielleicht ein Zelt, dein Koschi und nat\u00fcrlich die Liederb\u00fccher! Dann kannst du dich mit deinen Freund*innen \u00fcber (Video-)Telefonie treffen und ihr k\u00f6nnt gemeinsam singen und kochen (es empfiehlt sich dabei aber, auf das echte Lagerfeuer zu verzichten). F\u00fcr das volle Pfadi-Erlebnis fehlt aber noch eins: der Geruch! Daf\u00fcr ganz einfach in den Grillrauch des Nachbarn stellen, bei dem die Grill-Season nie endet, oder mit der dicken Jacke ein paar Mal die Treppe hoch und runter rennen und danach nicht duschen.<\/p>\n<p>Und so einfach hat man LagerAtmosph\u00e4re in den eigenen vier W\u00e4nden geschaffen. Zwar kommt die Gemeinschaft beim camp@home nicht ganz an die auf dem Lager ran, aber es macht trotzdem jede Menge Spa\u00df. Und es gibt auch ein paar Vorteile: es wird nicht zu kalt, im Nachbarschlafsack schnarcht niemand und du hast eine richtige Toilette in deiner N\u00e4he!<\/p>\n<h3>Also: probiere es doch mal aus!<\/h3>\n<figure id=\"attachment_17106\" aria-describedby=\"caption-attachment-17106\" style=\"width: 300px\" class=\"wp-caption aligncenter\"><a href=\"https:\/\/www.vcp.de\/pfadfinden\/wp-content\/uploads\/2020\/05\/20200520_212423-scaled.jpg\"><img loading=\"lazy\" decoding=\"async\" class=\"size-medium wp-image-17106\" src=\"https:\/\/www.vcp.de\/pfadfinden\/wp-content\/uploads\/2020\/05\/20200520_212423-300x169.jpg\" alt=\"camp@home\" width=\"300\" height=\"169\" srcset=\"https:\/\/vcp.de\/pfadfinden\/wp-content\/uploads\/2020\/05\/20200520_212423-300x169.jpg 300w, https:\/\/vcp.de\/pfadfinden\/wp-content\/uploads\/2020\/05\/20200520_212423-1024x576.jpg 1024w, https:\/\/vcp.de\/pfadfinden\/wp-content\/uploads\/2020\/05\/20200520_212423-768x432.jpg 768w, https:\/\/vcp.de\/pfadfinden\/wp-content\/uploads\/2020\/05\/20200520_212423-1536x864.jpg 1536w, https:\/\/vcp.de\/pfadfinden\/wp-content\/uploads\/2020\/05\/20200520_212423-2048x1152.jpg 2048w\" sizes=\"auto, (max-width: 300px) 100vw, 300px\" \/><\/a><figcaption id=\"caption-attachment-17106\" class=\"wp-caption-text\">Foto: Andreas Kl\u00e4ger<\/figcaption><\/figure>\n","protected":false},"excerpt":{"rendered":"<p>von Johanna Mixsa Du hast richtig Bock auf Lager-Feeling, aber es ist eigentlich zu kalt zum Zelten und es gibt Kontaktbeschr\u00e4nkungen? Da gibt es eine einfache L\u00f6sung \u2013 camp@home! Alles was du daf\u00fcr brauchst, ist dein Schlafsack und deine Isomatte, vielleicht ein Zelt, dein Koschi und nat\u00fcrlich die Liederb\u00fccher! Dann kannst du dich mit deinen [&hellip;]<\/p>\n","protected":false},"author":52,"featured_media":19844,"comment_status":"closed","ping_status":"open","sticky":false,"template":"","format":"standard","meta":{"_acf_changed":false,"inline_featured_image":false,"footnotes":""},"categories":[419],"tags":[415,245,281],"class_list":["post-19955","post","type-post","status-publish","format-standard","has-post-thumbnail","hentry","category-auf-neuem-pfad","tag-anp2004","tag-dies-und-das","tag-fahrtentipp"],"acf":[],"_links":{"self":[{"href":"https:\/\/vcp.de\/pfadfinden\/wp-json\/wp\/v2\/posts\/19955","targetHints":{"allow":["GET"]}}],"collection":[{"href":"https:\/\/vcp.de\/pfadfinden\/wp-json\/wp\/v2\/posts"}],"about":[{"href":"https:\/\/vcp.de\/pfadfinden\/wp-json\/wp\/v2\/types\/post"}],"author":[{"embeddable":true,"href":"https:\/\/vcp.de\/pfadfinden\/wp-json\/wp\/v2\/users\/52"}],"replies":[{"embeddable":true,"href":"https:\/\/vcp.de\/pfadfinden\/wp-json\/wp\/v2\/comments?post=19955"}],"version-history":[{"count":0,"href":"https:\/\/vcp.de\/pfadfinden\/wp-json\/wp\/v2\/posts\/19955\/revisions"}],"wp:featuredmedia":[{"embeddable":true,"href":"https:\/\/vcp.de\/pfadfinden\/wp-json\/wp\/v2\/media\/19844"}],"wp:attachment":[{"href":"https:\/\/vcp.de\/pfadfinden\/wp-json\/wp\/v2\/media?parent=19955"}],"wp:term":[{"taxonomy":"category","embeddable":true,"href":"https:\/\/vcp.de\/pfadfinden\/wp-json\/wp\/v2\/categories?post=19955"},{"taxonomy":"post_tag","embeddable":true,"href":"https:\/\/vcp.de\/pfadfinden\/wp-json\/wp\/v2\/tags?post=19955"}],"curies":[{"name":"wp","href":"https:\/\/api.w.org\/{rel}","templated":true}]}}