{"id":19895,"date":"2020-12-21T07:18:16","date_gmt":"2020-12-21T06:18:16","guid":{"rendered":"https:\/\/www.vcp.de\/pfadfinden\/?p=19895"},"modified":"2020-12-21T11:14:25","modified_gmt":"2020-12-21T10:14:25","slug":"heimweh-woanders-ist-es-auch-schoen","status":"publish","type":"post","link":"https:\/\/vcp.de\/pfadfinden\/auf-neuem-pfad\/heimweh-woanders-ist-es-auch-schoen\/","title":{"rendered":"Heimweh &#8211; Woanders ist es auch sch\u00f6n!"},"content":{"rendered":"<p><em>von Johannes Malinowski<\/em><\/p>\n<p>Du wachst nachts im Schlafsack auf. Rechts und links von dir schnarcht es, der Boden ist hart, die F\u00fc\u00dfe kalt. Du sehnst dich nach deinem Bett. Nach einem ruhigen Schlafzimmer, am Morgen nach einer hei\u00dfen Dusche mit lautem Radio und einem gekochten Ei mit deinen Eltern am Fr\u00fchst\u00fcckstisch. Klar, wir lieben unsere Abenteuer. Aber manchmal \u00fcberkommt dich das Heimweh. Der Endgegner einer jeden Weltenbummlerin*eines jeden Weltenbummlers. Aber einer, mit dem du fertig wirst.<\/p>\n<p>Heimweh ist nicht unbedingt etwas, das sich nach einem festen Ort richtet. Heimat ist dort, wo die Familie ist. Wo man sich geborgen f\u00fchlt. Oder wie der Toten\u00ad-Hosen-\u00adS\u00e4nger Campino gesagt hat: \u201eHeimat ist dort, wo meine Plattensammlung ist.\u201c<\/p>\n<p>Und was hei\u00dft dann Heimweh? Der Duden definiert das etwas altbackene Wort als \u201egro\u00dfe Sehnsucht nach der fernen Heimat oder einem dort wohnenden geliebten Menschen, bei dem man sich geborgen f\u00fchlt.\u201c Die Playstation, das Haustier, die neue Flamme \u2026 Ganz sch\u00f6n kitschig, oder?<\/p>\n<p>Umgekehrt k\u00f6nnte man Heimweh als etwas definieren, das man gerade nicht haben kann. Im Alltag zuhause sehnst du dich nach Abenteuern, nach dem Gef\u00fchl von Freiheit auf Fahrt und Lager. Und wenn du dann mit seiner Gruppe unterwegs bist, ist es genau umgekehrt. Ein menschliches Dilemma. Fern-\u00ad und Heimweh sind sich da sehr \u00e4hnlich.<\/p>\n<p>Wir reden immer davon, dass Pfadfinden kein Hobby, sondern eine Lebenseinstellung ist. Das, was wir tun und wof\u00fcr wir oft genug als bekloppt abgestempelt werden, tun wir aus \u00dcberzeugung. Die Gruppe ist unsere Ersatz-\u00adFamilie, f\u00fcr uns kann es nicht lange und weit weg genug gehen. Klingt, als w\u00e4re Heimweh f\u00fcr Pfadis etwas L\u00e4cherliches.<\/p>\n<p>Das Gegenteil ist der Fall: Wer sich nicht nach etwas sehnt, kann das Besondere nicht genie\u00dfen. Egal ob Fern- oder Heimweh. Das n\u00e4chste Abenteuer zeigt dir: woanders ist es auch sch\u00f6n und nach Hause geht es noch fr\u00fch genug.<\/p>\n<div id='gallery-1' class='gallery galleryid-19895 gallery-columns-2 gallery-size-medium'><figure class='gallery-item'>\n\t\t\t<div class='gallery-icon landscape'>\n\t\t\t\t<a href='https:\/\/vcp.de\/pfadfinden\/wp-content\/uploads\/2020\/12\/Benedikt-Bahl.jpg'><img loading=\"lazy\" decoding=\"async\" width=\"300\" height=\"200\" src=\"https:\/\/vcp.de\/pfadfinden\/wp-content\/uploads\/2020\/12\/Benedikt-Bahl-300x200.jpg\" class=\"attachment-medium size-medium\" alt=\"da hinten hin - Foto Benedikt Bahl\" aria-describedby=\"gallery-1-19898\" srcset=\"https:\/\/vcp.de\/pfadfinden\/wp-content\/uploads\/2020\/12\/Benedikt-Bahl-300x200.jpg 300w, https:\/\/vcp.de\/pfadfinden\/wp-content\/uploads\/2020\/12\/Benedikt-Bahl-768x512.jpg 768w, https:\/\/vcp.de\/pfadfinden\/wp-content\/uploads\/2020\/12\/Benedikt-Bahl.jpg 800w\" sizes=\"auto, (max-width: 300px) 100vw, 300px\" \/><\/a>\n\t\t\t<\/div>\n\t\t\t\t<figcaption class='wp-caption-text gallery-caption' id='gallery-1-19898'>\n\t\t\t\tFoto: Benedikt Bahl\n\t\t\t\t<\/figcaption><\/figure><figure class='gallery-item'>\n\t\t\t<div class='gallery-icon portrait'>\n\t\t\t\t<a href='https:\/\/vcp.de\/pfadfinden\/wp-content\/uploads\/2020\/12\/Simon-Lach.jpg'><img loading=\"lazy\" decoding=\"async\" width=\"200\" height=\"300\" src=\"https:\/\/vcp.de\/pfadfinden\/wp-content\/uploads\/2020\/12\/Simon-Lach-200x300.jpg\" class=\"attachment-medium size-medium\" alt=\"Ausruhen auf dem Lager - Foto Simon Lach\" aria-describedby=\"gallery-1-19899\" srcset=\"https:\/\/vcp.de\/pfadfinden\/wp-content\/uploads\/2020\/12\/Simon-Lach-200x300.jpg 200w, https:\/\/vcp.de\/pfadfinden\/wp-content\/uploads\/2020\/12\/Simon-Lach.jpg 534w\" sizes=\"auto, (max-width: 200px) 100vw, 200px\" \/><\/a>\n\t\t\t<\/div>\n\t\t\t\t<figcaption class='wp-caption-text gallery-caption' id='gallery-1-19899'>\n\t\t\t\tFoto: Simon Lach\n\t\t\t\t<\/figcaption><\/figure>\n\t\t<\/div>\n\n<p><a href=\"https:\/\/www.vcp.de\/pfadfinden\/camphome-statt-winterfahrt-einfach-mal-mit-freundinnen-machen\/\" target=\"_blank\" rel=\"noopener noreferrer\">https:\/\/www.vcp.de\/pfadfinden\/camphome-statt-winterfahrt-einfach-mal-mit-freundinnen-machen\/<\/a><\/p>\n<blockquote class=\"wp-embedded-content\" data-secret=\"vbpJ8FFjrR\"><p><a href=\"https:\/\/www.vcp.de\/pfadfinden\/bundesfahrt\/\">Bundesfahrt<\/a><\/p><\/blockquote>\n<p><iframe loading=\"lazy\" class=\"wp-embedded-content\" sandbox=\"allow-scripts\" security=\"restricted\" style=\"position: absolute; visibility: hidden;\" title=\"&#8222;Bundesfahrt&#8220; &#8212; VCP-Blog\" src=\"https:\/\/www.vcp.de\/pfadfinden\/bundesfahrt\/embed\/#?secret=P4WwP9qavp#?secret=vbpJ8FFjrR\" data-secret=\"vbpJ8FFjrR\" width=\"600\" height=\"338\" frameborder=\"0\" marginwidth=\"0\" marginheight=\"0\" scrolling=\"no\"><\/iframe><\/p>\n<p><a href=\"https:\/\/www.vcp.de\/pfadfinden\/rubrik\/bundesfahrt\/\" target=\"_blank\" rel=\"noopener noreferrer\">https:\/\/www.vcp.de\/pfadfinden\/rubrik\/bundesfahrt\/<\/a><\/p>\n","protected":false},"excerpt":{"rendered":"<p>von Johannes Malinowski Du wachst nachts im Schlafsack auf. Rechts und links von dir schnarcht es, der Boden ist hart, die F\u00fc\u00dfe kalt. Du sehnst dich nach deinem Bett. Nach einem ruhigen Schlafzimmer, am Morgen nach einer hei\u00dfen Dusche mit lautem Radio und einem gekochten Ei mit deinen Eltern am Fr\u00fchst\u00fcckstisch. Klar, wir lieben unsere [&hellip;]<\/p>\n","protected":false},"author":52,"featured_media":19835,"comment_status":"closed","ping_status":"open","sticky":false,"template":"","format":"standard","meta":{"_acf_changed":false,"inline_featured_image":false,"footnotes":""},"categories":[419],"tags":[415,228],"class_list":["post-19895","post","type-post","status-publish","format-standard","has-post-thumbnail","hentry","category-auf-neuem-pfad","tag-anp2004","tag-entdecken"],"acf":[],"_links":{"self":[{"href":"https:\/\/vcp.de\/pfadfinden\/wp-json\/wp\/v2\/posts\/19895","targetHints":{"allow":["GET"]}}],"collection":[{"href":"https:\/\/vcp.de\/pfadfinden\/wp-json\/wp\/v2\/posts"}],"about":[{"href":"https:\/\/vcp.de\/pfadfinden\/wp-json\/wp\/v2\/types\/post"}],"author":[{"embeddable":true,"href":"https:\/\/vcp.de\/pfadfinden\/wp-json\/wp\/v2\/users\/52"}],"replies":[{"embeddable":true,"href":"https:\/\/vcp.de\/pfadfinden\/wp-json\/wp\/v2\/comments?post=19895"}],"version-history":[{"count":0,"href":"https:\/\/vcp.de\/pfadfinden\/wp-json\/wp\/v2\/posts\/19895\/revisions"}],"wp:featuredmedia":[{"embeddable":true,"href":"https:\/\/vcp.de\/pfadfinden\/wp-json\/wp\/v2\/media\/19835"}],"wp:attachment":[{"href":"https:\/\/vcp.de\/pfadfinden\/wp-json\/wp\/v2\/media?parent=19895"}],"wp:term":[{"taxonomy":"category","embeddable":true,"href":"https:\/\/vcp.de\/pfadfinden\/wp-json\/wp\/v2\/categories?post=19895"},{"taxonomy":"post_tag","embeddable":true,"href":"https:\/\/vcp.de\/pfadfinden\/wp-json\/wp\/v2\/tags?post=19895"}],"curies":[{"name":"wp","href":"https:\/\/api.w.org\/{rel}","templated":true}]}}