{"id":19315,"date":"2020-11-23T09:30:36","date_gmt":"2020-11-23T08:30:36","guid":{"rendered":"https:\/\/www.vcp.de\/pfadfinden\/?p=19315"},"modified":"2020-11-23T09:35:23","modified_gmt":"2020-11-23T08:35:23","slug":"evangelische-jugend-in-deutschland-hat-einen-neuen-vorstand-gewaehlt","status":"publish","type":"post","link":"https:\/\/vcp.de\/pfadfinden\/allgemein\/evangelische-jugend-in-deutschland-hat-einen-neuen-vorstand-gewaehlt\/","title":{"rendered":"Evangelische Jugend in Deutschland hat einen neuen Vorstand gew\u00e4hlt"},"content":{"rendered":"<p>Im Rahmen ihrer digitalen 131. Mitgliederversammlung, vom 20. bis 21. November 2020, hat die Arbeitsgemeinschaft der Evangelischen Jugend in Deutschland e. V. (aej) einen neuen Vorstand gew\u00e4hlt. Neuer Vorsitzender der aej ist Hansj\u00f6rg Kopp, Generalsekret\u00e4r des CVJM Deutschland.<\/p>\n<p>Stellvertretende Vorsitzende sind Anna Heinrich, Ehrenamtliche aus der Evangelischen Jugend in Bayern, Tobias K\u00f6pke, Referent f\u00fcr Freiwilligendienst im Gemeindejugendwerk Berlin-Brandenburg und Cornelia Dassler, Landesjugendpastorin der Evangelisch-lutherischen Landeskirche Hannovers. Als Schatzmeister wurde Gernot Quasebarth, Gesch\u00e4ftsf\u00fchrer der Evangelischen Jugend in Mitteldeutschland, in seinem Amt best\u00e4tigt.<\/p>\n<p>Als Beisitzerinnen und Beisitzer gew\u00e4hlt wurden Gernot Bach-Leucht (Landesjugendpfarrer der Evangelischen Kirche in Hessen und Nassau), Martin Bemmann (Ehrenamtlicher aus der Evangelischen Jugend Sachsen), Johannes Bleck (Generalsekret\u00e4r des Verbands Christlicher Pfadfinderinnen und Pfadfinder), Aaron Kleinz (Ehrenamtlicher aus der Evangelischen Jugend der Pfalz), Nora Onnen (Ehrenamtliche aus dem Jugendwerk der Zentralkonferenz der Evangelisch-methodistischen Kirche) und Johanna Warter (Ehrenamtliche aus der Evangelischen Jugend in der Nordkirche).<\/p>\n<p>Hansj\u00f6rg Kopp, geboren 1972 in Heidenheim an der Brenz, ist seit 2004 Pfarrer der evangelischen Landeskirche in W\u00fcrttemberg und seit 2017 Generalsekret\u00e4r des CVJM Deutschland. Er bezeichnet sich selbst als Kind der Evangelischen Jugend. Mit seinem Engagement f\u00fcr junge Menschen und f\u00fcr die christliche Kinder- und Jugendarbeit will er auch den Herausforderungen seiner zuk\u00fcnftigen Aufgabe als aej-Vorsitzender begegnen. Dazu z\u00e4hlt Kopp ganz aktuell die Auswirkungen der COVID-19 Pandemie: \u201eCorona transformiert die Gesellschaft, die Wahrnehmung von Kirche und ganz massiv auch die Kinder- und Jugendarbeit. Wir profitieren auf vielen Ebenen von einem Digitalisierungsschub und stellen gleichzeitig fest, dass sich Kinder- und Jugendarbeit massiv ver\u00e4ndern wird. Wir werden immer agiler handeln m\u00fcssen, um auch zuk\u00fcnftig aktiv Zukunftsr\u00e4ume f\u00fcr ein gelingendes Aufwachsen von Kindern- und Jugendlichen zu schaffen.\u201c \u201eDenn\u201c, so sind die neuen aej-Vorst\u00e4nde \u00fcberzeugt, \u201eKinder- und Jugendarbeit ist gelebte Kirche der Gegenwart und sie will gerne die Zukunft von Kirche mitgestalten. Kinder- und Jugendarbeit will jedoch nicht f\u00fcr die Zukunft \u201averzweckt\u2018 werden.\u201c<\/p>\n<p>Dar\u00fcber hinaus will der neue aej-Vorstand das Miteinander der aej-Mitglieder st\u00e4rken und somit die Kraft der Evangelischen Jugend b\u00fcndeln, ohne dabei die Eigenst\u00e4ndigkeit und Einzigartigkeit ihrer Mitglieder nivellieren zu wollen: \u201eEine St\u00e4rke der evangelischen Kinder- und Jugendarbeit liegt gerade in der Verschiedenheit ihrer Beteiligten begr\u00fcndet.\u201c<\/p>\n<p>Eine gemeinsame Herausforderung sieht der neue Vorstand der Arbeitsgemeinschaft auch in der finanziellen Konsolidierung des Verbands, denn die Finanzmittel der Kirche und damit auch die der aej werden knapper: \u201eEs gilt, Organisationsstrukturen zukunftsf\u00e4hig zu machen, etwa durch die Verschlankung von Gremien und Organen, ohne dadurch Beteiligungs- und Mitgestaltungsm\u00f6glichkeiten f\u00fcr junge Menschen zu gef\u00e4hrden.\u201c<\/p>\n<p>Am Samstag, den 21. November 2020, wird der neu gew\u00e4hlte aej-Vorstand im digitalen Schlussgottesdienst der 131. aej-Mitgliederversammlung, der aus dem Kasseler Event- und Tagungszentrum live f\u00fcr all Delegierten \u00fcbertragen wird, in sein Amt eingef\u00fchrt. Ebenfalls in ihr neues Amt eingef\u00fchrt werden aej-Generalsekret\u00e4r Michael Peters und Susanne Fick, die Leiterin F\u00f6rderung und Finanzen in der aej\/ESG-Gesch\u00e4ftsstelle.<\/p>\n<p><a href=\"https:\/\/www.vcp.de\/pfadfinden\/wp-content\/uploads\/2020\/11\/aej-Vorstand-2020.png\"><img loading=\"lazy\" decoding=\"async\" class=\"aligncenter size-medium wp-image-19317\" src=\"https:\/\/www.vcp.de\/pfadfinden\/wp-content\/uploads\/2020\/11\/aej-Vorstand-2020-300x136.png\" alt=\"\" width=\"300\" height=\"136\" srcset=\"https:\/\/vcp.de\/pfadfinden\/wp-content\/uploads\/2020\/11\/aej-Vorstand-2020-300x136.png 300w, https:\/\/vcp.de\/pfadfinden\/wp-content\/uploads\/2020\/11\/aej-Vorstand-2020-1024x464.png 1024w, https:\/\/vcp.de\/pfadfinden\/wp-content\/uploads\/2020\/11\/aej-Vorstand-2020-768x348.png 768w, https:\/\/vcp.de\/pfadfinden\/wp-content\/uploads\/2020\/11\/aej-Vorstand-2020-1536x695.png 1536w, https:\/\/vcp.de\/pfadfinden\/wp-content\/uploads\/2020\/11\/aej-Vorstand-2020-2048x927.png 2048w\" sizes=\"auto, (max-width: 300px) 100vw, 300px\" \/><\/a><\/p>\n<p>Pressefotos finden Sie in der aejCloud: <a href=\"https:\/\/www.aejcloud.de\/index.php\/s\/fHW2n3oHSf54Fwe\" target=\"_blank\" rel=\"noopener noreferrer\">https:\/\/www.aejcloud.de\/index.php\/s\/fHW2n3oHSf54Fwe<\/a><\/p>\n<p>&nbsp;<\/p>\n<p>Kassel\/Hannover, 21. November 2020<\/p>\n<p>Martin Weber<br \/>\nZeichen: 3.669<\/p>\n<p>Die Arbeitsgemeinschaft der Evangelischen Jugend in Deutschland e. V. (aej) ist der Zusammenschluss der Evangelischen Jugend in Deutschland. Als Dachorganisation vertritt die aej die Interessen der Evangelischen Jugend auf Bundesebene gegen\u00fcber Bundesministerien, gesamtkirchlichen Zusammenschl\u00fcssen, Fachorganisationen und internationalen Partnern. Ihre derzeit 33 Mitglieder sind bundeszentrale evangelische Jugendverb\u00e4nde und Jugendwerke, Jugendwerke evangelischer Freikirchen und die Kinder- und Jugendarbeit der Mitgliedskirchen der Evangelischen Kirche in Deutschland (EKD). Acht evangelische oder \u00f6kumenische Verb\u00e4nde, Einrichtungen und Fachorganisationen sind als au\u00dferordentliche Mitglieder angeschlossen. Die aej vertritt die Interessen von ca. 1,35 Millionen jungen Menschen.<\/p>\n<p>Arbeitsgemeinschaft der Evangelischen Jugend in Deutschland e. V. (aej)<br \/>\nPresse- und \u00d6ffentlichkeitsarbeit<br \/>\nMartin Weber<br \/>\nOtto-Brenner-Stra\u00dfe 9, 30159 Hannover<br \/>\nTelefon: 0511 1215-132, Fax: 0511 1215-299<\/p>\n<p>E-Mail: <a href=\"mailto:martin.weber@evangelische-jugend.de\">martin.weber@evangelische-jugend.de<\/a><br \/>\nInternet: <a href=\"http:\/\/www.evangelisches-infoportal.de\" target=\"_blank\" rel=\"noopener noreferrer\">www.evangelisches-infoportal.de<\/a><br \/>\nFan werden: <a href=\"http:\/\/www.facebook.de\/aejev\" target=\"_blank\" rel=\"noopener noreferrer\">Die aej-Facebookseite<\/a><\/p>\n","protected":false},"excerpt":{"rendered":"<p>Im Rahmen ihrer digitalen 131. Mitgliederversammlung, vom 20. bis 21. November 2020, hat die Arbeitsgemeinschaft der Evangelischen Jugend in Deutschland e. V. (aej) einen neuen Vorstand gew\u00e4hlt. Neuer Vorsitzender der aej ist Hansj\u00f6rg Kopp, Generalsekret\u00e4r des CVJM Deutschland. Stellvertretende Vorsitzende sind Anna Heinrich, Ehrenamtliche aus der Evangelischen Jugend in Bayern, Tobias K\u00f6pke, Referent f\u00fcr Freiwilligendienst [&hellip;]<\/p>\n","protected":false},"author":3,"featured_media":8139,"comment_status":"closed","ping_status":"open","sticky":false,"template":"","format":"standard","meta":{"_acf_changed":false,"inline_featured_image":false,"footnotes":""},"categories":[1],"tags":[],"class_list":["post-19315","post","type-post","status-publish","format-standard","has-post-thumbnail","hentry","category-allgemein"],"acf":[],"_links":{"self":[{"href":"https:\/\/vcp.de\/pfadfinden\/wp-json\/wp\/v2\/posts\/19315","targetHints":{"allow":["GET"]}}],"collection":[{"href":"https:\/\/vcp.de\/pfadfinden\/wp-json\/wp\/v2\/posts"}],"about":[{"href":"https:\/\/vcp.de\/pfadfinden\/wp-json\/wp\/v2\/types\/post"}],"author":[{"embeddable":true,"href":"https:\/\/vcp.de\/pfadfinden\/wp-json\/wp\/v2\/users\/3"}],"replies":[{"embeddable":true,"href":"https:\/\/vcp.de\/pfadfinden\/wp-json\/wp\/v2\/comments?post=19315"}],"version-history":[{"count":0,"href":"https:\/\/vcp.de\/pfadfinden\/wp-json\/wp\/v2\/posts\/19315\/revisions"}],"wp:featuredmedia":[{"embeddable":true,"href":"https:\/\/vcp.de\/pfadfinden\/wp-json\/wp\/v2\/media\/8139"}],"wp:attachment":[{"href":"https:\/\/vcp.de\/pfadfinden\/wp-json\/wp\/v2\/media?parent=19315"}],"wp:term":[{"taxonomy":"category","embeddable":true,"href":"https:\/\/vcp.de\/pfadfinden\/wp-json\/wp\/v2\/categories?post=19315"},{"taxonomy":"post_tag","embeddable":true,"href":"https:\/\/vcp.de\/pfadfinden\/wp-json\/wp\/v2\/tags?post=19315"}],"curies":[{"name":"wp","href":"https:\/\/api.w.org\/{rel}","templated":true}]}}