{"id":19269,"date":"2020-11-18T18:16:46","date_gmt":"2020-11-18T17:16:46","guid":{"rendered":"https:\/\/www.vcp.de\/pfadfinden\/?p=19269"},"modified":"2020-11-19T16:02:58","modified_gmt":"2020-11-19T15:02:58","slug":"fach-und-jubilaumstagung-sowie-festakt-zu-30-jahre-ida","status":"publish","type":"post","link":"https:\/\/vcp.de\/pfadfinden\/allgemein\/fach-und-jubilaumstagung-sowie-festakt-zu-30-jahre-ida\/","title":{"rendered":"Fach- und Jubil\u00e4umstagung sowie Festakt zu 30 Jahre IDA"},"content":{"rendered":"<p>Am vergangenen Freitag und Samstag, dem 13. und 14. November, fand eine digitale Fach- und Jubil\u00e4umstagung mit Festakt anl\u00e4sslich des 30-j\u00e4hrigen Bestehens des Informations- und Dokumentationszentrums f\u00fcr Antirassismusarbeit e.V. (IDA), in dem auch der rdp Mitglied ist, statt.<\/p>\n<p>Dabei wurde sich durch verschiedene Beitr\u00e4ge zur Kontinuit\u00e4t und der Entwicklung von Rassismus und Rechtsextremismus in Deutschland in den letzten 30 Jahren ausgetauscht.<br \/>\nDanach wurde sich der aktuellen Corona-Pandemie zugewandt. Themen dabei waren anti-asiatischer Rassismus, Verschw\u00f6rungstheorien im Zusammenhang mit der Pandemie und deren Auswirkung auf die Gesellschaft sowie Flucht und Asyl in Zeiten von Corona.<\/p>\n<p>Beim Festakt am Freitagabend gab es Gru\u00dfworte des Bundesministeriums f\u00fcr Familie, Senioren, Frauen und Jugend, der Deutschen Sportjugend und des Deutschen Bundesjugendrings. Zudem fand ein Gespr\u00e4ch zwischen dem IDA-Gesch\u00e4ftsf\u00fchrer Ansgar Dr\u00fccker und der Journalistin Ferda Atman von den Neuen deutschen Medienmacher*innen zum Thema rassismuskritischer Sprachgebrauch und seine Durchsetzung in den Medien sowie den Heimatbegriff in der Politik statt. Abgeschlossen wurde der Abend mit einem interaktiven Forumtheater-St\u00fcck des Berliner Ensembles des Kuringa e.V.<\/p>\n<p>Bei der an die Tagung anschlie\u00dfenden 31. Delegiertenversammlung des IDA e.V. am 14. November wurde die BUNDjugend als 32. Mitgliedsverband des IDA aufgenommen. Au\u00dferdem wurde der Vorstand neu gew\u00e4hlt. Dabei ist Janina Bauke aus dem Ring Deutscher Pfadfinderinnen (RDP), ebenso wie Stefan Brauneis (Jusos), als Vorsitzende wiedergew\u00e4hlt wurden. Auch die stellvertretenden Vorsitzenden Lisa-Marie Davies (SJD \u2013 Die Falken), Yvonne Everhartz (BDKJ), Christin Siebel (DGB-Jugend) und Alexander Strohmayer (Deutsche Sportjugend) sowie die Beisitzerin Sarah Hanke (djo \u2013 Deutsche Jugend in Europa) wurden erneut gew\u00e4hlt. Neu dabei sind die Beisitzer*innen \u00d6zge Erdo\u011fan (BDAJ), Simon Metzger (Gr\u00fcne Jugend) und Roylan Tolay (DIDF-Jugend).<\/p>\n<figure id=\"attachment_19272\" aria-describedby=\"caption-attachment-19272\" style=\"width: 435px\" class=\"wp-caption alignnone\"><a href=\"https:\/\/www.vcp.de\/pfadfinden\/wp-content\/uploads\/2020\/11\/Vorstand-IDA.png\"><img loading=\"lazy\" decoding=\"async\" class=\" wp-image-19272\" src=\"https:\/\/www.vcp.de\/pfadfinden\/wp-content\/uploads\/2020\/11\/Vorstand-IDA-300x173.png\" alt=\"\" width=\"435\" height=\"251\" srcset=\"https:\/\/vcp.de\/pfadfinden\/wp-content\/uploads\/2020\/11\/Vorstand-IDA-300x173.png 300w, https:\/\/vcp.de\/pfadfinden\/wp-content\/uploads\/2020\/11\/Vorstand-IDA-768x443.png 768w, https:\/\/vcp.de\/pfadfinden\/wp-content\/uploads\/2020\/11\/Vorstand-IDA.png 855w\" sizes=\"auto, (max-width: 435px) 100vw, 435px\" \/><\/a><figcaption id=\"caption-attachment-19272\" class=\"wp-caption-text\">Der neue Vorstand (Yvonne Everhartz fehlt auf dem Bild)<br \/>Foto: IDA e.V.<\/figcaption><\/figure>\n<p>&nbsp;<\/p>\n<p>\u00dcber die Ringe Deutscher Pfadfinderinnen- und Pfadfinderverb\u00e4nde (rdp) ist der VCP indirekt auch Teil des IDA e.V.<\/p>\n<div class=\"brlbs-cmpnt-container brlbs-cmpnt-content-blocker brlbs-cmpnt-with-individual-styles\" data-borlabs-cookie-content-blocker-id=\"default\" data-borlabs-cookie-content=\"PGJsb2NrcXVvdGUgY2xhc3M9IndwLWVtYmVkZGVkLWNvbnRlbnQiIGRhdGEtc2VjcmV0PSJBNllKcWo5NnVQIj48YSBocmVmPSJodHRwczovL3d3dy5wZmFkZmluZGVuLWluLWRldXRzY2hsYW5kLmRlL3VlYmVyLXVucy8iPsOcYmVyIHVuczwvYT48L2Jsb2NrcXVvdGU+PGlmcmFtZSBjbGFzcz0id3AtZW1iZWRkZWQtY29udGVudCIgc2FuZGJveD0iYWxsb3ctc2NyaXB0cyIgc2VjdXJpdHk9InJlc3RyaWN0ZWQiIHN0eWxlPSJwb3NpdGlvbjogYWJzb2x1dGU7IHZpc2liaWxpdHk6IGhpZGRlbjsiIHRpdGxlPSImIzgyMjI7w5xiZXIgdW5zJiM4MjIwOyAmIzgyMTI7IFBmYWRmaW5kZW4gaW4gRGV1dHNjaGxhbmQiIHNyYz0iaHR0cHM6Ly93d3cucGZhZGZpbmRlbi1pbi1kZXV0c2NobGFuZC5kZS91ZWJlci11bnMvZW1iZWQvIz9zZWNyZXQ9Z2tieEJVNjFndCM\/c2VjcmV0PUE2WUpxajk2dVAiIGRhdGEtc2VjcmV0PSJBNllKcWo5NnVQIiB3aWR0aD0iNjAwIiBoZWlnaHQ9IjMzOCIgZnJhbWVib3JkZXI9IjAiIG1hcmdpbndpZHRoPSIwIiBtYXJnaW5oZWlnaHQ9IjAiIHNjcm9sbGluZz0ibm8iPjwvaWZyYW1lPg==\">\n<div class=\"brlbs-cmpnt-cb-preset-a\">\n<p class=\"brlbs-cmpnt-cb-description\">Sie sehen gerade einen Platzhalterinhalt von <strong>Standard<\/strong>. Um auf den eigentlichen Inhalt zuzugreifen, klicken Sie auf den Button unten. Bitte beachten Sie, dass dabei Daten an Drittanbieter weitergegeben werden.<\/p>\n<div class=\"brlbs-cmpnt-cb-buttons\"> <a class=\"brlbs-cmpnt-cb-btn\" href=\"#\" data-borlabs-cookie-unblock role=\"button\">Inhalt entsperren<\/a> <a class=\"brlbs-cmpnt-cb-btn\" href=\"#\" data-borlabs-cookie-accept-service role=\"button\" style=\"display: none\">Erforderlichen Service akzeptieren und Inhalte entsperren<\/a> <\/div>\n<p> <a class=\"brlbs-cmpnt-cb-provider-toggle\" href=\"#\" data-borlabs-cookie-show-provider-information role=\"button\">Weitere Informationen<\/a> <\/div>\n<\/div>\n<p>&nbsp;<\/p>\n","protected":false},"excerpt":{"rendered":"<p>Am vergangenen Freitag und Samstag, dem 13. und 14. November, fand eine digitale Fach- und Jubil\u00e4umstagung mit Festakt anl\u00e4sslich des 30-j\u00e4hrigen Bestehens des Informations- und Dokumentationszentrums f\u00fcr Antirassismusarbeit e.V. (IDA), in dem auch der rdp Mitglied ist, statt. Dabei wurde sich durch verschiedene Beitr\u00e4ge zur Kontinuit\u00e4t und der Entwicklung von Rassismus und Rechtsextremismus in Deutschland [&hellip;]<\/p>\n","protected":false},"author":50,"featured_media":19273,"comment_status":"closed","ping_status":"open","sticky":false,"template":"","format":"standard","meta":{"_acf_changed":false,"inline_featured_image":false,"footnotes":""},"categories":[1,180],"tags":[],"class_list":["post-19269","post","type-post","status-publish","format-standard","has-post-thumbnail","hentry","category-allgemein","category-auf-die-plaetze-gegen-hetze"],"acf":[],"_links":{"self":[{"href":"https:\/\/vcp.de\/pfadfinden\/wp-json\/wp\/v2\/posts\/19269","targetHints":{"allow":["GET"]}}],"collection":[{"href":"https:\/\/vcp.de\/pfadfinden\/wp-json\/wp\/v2\/posts"}],"about":[{"href":"https:\/\/vcp.de\/pfadfinden\/wp-json\/wp\/v2\/types\/post"}],"author":[{"embeddable":true,"href":"https:\/\/vcp.de\/pfadfinden\/wp-json\/wp\/v2\/users\/50"}],"replies":[{"embeddable":true,"href":"https:\/\/vcp.de\/pfadfinden\/wp-json\/wp\/v2\/comments?post=19269"}],"version-history":[{"count":0,"href":"https:\/\/vcp.de\/pfadfinden\/wp-json\/wp\/v2\/posts\/19269\/revisions"}],"wp:featuredmedia":[{"embeddable":true,"href":"https:\/\/vcp.de\/pfadfinden\/wp-json\/wp\/v2\/media\/19273"}],"wp:attachment":[{"href":"https:\/\/vcp.de\/pfadfinden\/wp-json\/wp\/v2\/media?parent=19269"}],"wp:term":[{"taxonomy":"category","embeddable":true,"href":"https:\/\/vcp.de\/pfadfinden\/wp-json\/wp\/v2\/categories?post=19269"},{"taxonomy":"post_tag","embeddable":true,"href":"https:\/\/vcp.de\/pfadfinden\/wp-json\/wp\/v2\/tags?post=19269"}],"curies":[{"name":"wp","href":"https:\/\/api.w.org\/{rel}","templated":true}]}}