{"id":18803,"date":"2020-10-26T10:54:08","date_gmt":"2020-10-26T09:54:08","guid":{"rendered":"https:\/\/www.vcp.de\/pfadfinden\/?p=18803"},"modified":"2020-11-26T08:22:13","modified_gmt":"2020-11-26T07:22:13","slug":"schwarze-wale","status":"publish","type":"post","link":"https:\/\/vcp.de\/pfadfinden\/buchecke\/schwarze-wale\/","title":{"rendered":"Schwarze Wale"},"content":{"rendered":"<p><strong>Autorin:<\/strong> Carolina Claus<br \/>\n<strong>Verlag:<\/strong> Matabooks<\/p>\n<p>Schwarze Wale\u201c ist der Deb\u00fctroman von Carolina Claus, die \u00fcbrigens 2019 Jugenddelegierte zu den G20 in Japan war. Sie engagiert sich auch jetzt noch ehrenamtlich viel in ihrem Sportverein und ist damit mit ihrer Arbeit gar nicht so weit von uns Pfadfinder*innen entfernt. In ihrem Buch geht es um einen jungen Mann, der bereits zum zweiten Mal mit einer lebensbedrohlichen Krankheit ringen muss. Er entscheidet sich dazu, seine Familie und Freunde nicht erneut damit belasten zu wollen und seine Erkrankung zu verheimlichen. So isoliert er sich vollkommen und verzehrt sich gleichzeitig nach N\u00e4he und Zuneigung, versucht irgendwo dazwischen seinen Frieden und den Sinn des Lebens zu finden. Das ist aber nat\u00fcrlich gar nicht so einfach \u2026<\/p>\n<p>Auch wenn die Geschichte ziemlich d\u00fcster ist, fand ich es sehr sch\u00f6n, diesen Roman zu lesen. Carolina Claus beschreibt gleichzeitig mit entwaffnender Ehrlichkeit und H\u00e4rte den schlimmen Schicksalsschlag, den eine schwere Erkrankung mit sich bringt, und schafft es w\u00e4hrenddessen, die Leser*innen ganz behutsam mit auf diese emotionale Reise zu nehmen. So l\u00e4sst die Lekt\u00fcre einen am Ende gleichzeitig traurig aber irgendwie auch hoffnungsvoll zur\u00fcck. Wenn ein Buch das schafft, hat es auf jeden Fall meine Empfehlung und 5 Eselsohren verdient!<\/p>\n<p><img loading=\"lazy\" decoding=\"async\" class=\"alignleft wp-image-1966 size-full\" src=\"https:\/\/www.vcp.de\/pfadfinden\/wp-content\/uploads\/2015\/03\/5eselohren.png\" alt=\"\" width=\"82\" height=\"20\" \/>5 von 5 Eselsohren vergibt Rebecca Haugwitz<\/p>\n","protected":false},"excerpt":{"rendered":"<p>Autorin: Carolina Claus Verlag: Matabooks Schwarze Wale\u201c ist der Deb\u00fctroman von Carolina Claus, die \u00fcbrigens 2019 Jugenddelegierte zu den G20 in Japan war. Sie engagiert sich auch jetzt noch ehrenamtlich viel in ihrem Sportverein und ist damit mit ihrer Arbeit gar nicht so weit von uns Pfadfinder*innen entfernt. In ihrem Buch geht es um einen [&hellip;]<\/p>\n","protected":false},"author":52,"featured_media":18800,"comment_status":"closed","ping_status":"open","sticky":false,"template":"","format":"standard","meta":{"_acf_changed":false,"inline_featured_image":false,"footnotes":""},"categories":[419,48],"tags":[407,245],"class_list":["post-18803","post","type-post","status-publish","format-standard","has-post-thumbnail","hentry","category-auf-neuem-pfad","category-buchecke","tag-anp2003","tag-dies-und-das"],"acf":[],"_links":{"self":[{"href":"https:\/\/vcp.de\/pfadfinden\/wp-json\/wp\/v2\/posts\/18803","targetHints":{"allow":["GET"]}}],"collection":[{"href":"https:\/\/vcp.de\/pfadfinden\/wp-json\/wp\/v2\/posts"}],"about":[{"href":"https:\/\/vcp.de\/pfadfinden\/wp-json\/wp\/v2\/types\/post"}],"author":[{"embeddable":true,"href":"https:\/\/vcp.de\/pfadfinden\/wp-json\/wp\/v2\/users\/52"}],"replies":[{"embeddable":true,"href":"https:\/\/vcp.de\/pfadfinden\/wp-json\/wp\/v2\/comments?post=18803"}],"version-history":[{"count":0,"href":"https:\/\/vcp.de\/pfadfinden\/wp-json\/wp\/v2\/posts\/18803\/revisions"}],"wp:featuredmedia":[{"embeddable":true,"href":"https:\/\/vcp.de\/pfadfinden\/wp-json\/wp\/v2\/media\/18800"}],"wp:attachment":[{"href":"https:\/\/vcp.de\/pfadfinden\/wp-json\/wp\/v2\/media?parent=18803"}],"wp:term":[{"taxonomy":"category","embeddable":true,"href":"https:\/\/vcp.de\/pfadfinden\/wp-json\/wp\/v2\/categories?post=18803"},{"taxonomy":"post_tag","embeddable":true,"href":"https:\/\/vcp.de\/pfadfinden\/wp-json\/wp\/v2\/tags?post=18803"}],"curies":[{"name":"wp","href":"https:\/\/api.w.org\/{rel}","templated":true}]}}