{"id":18753,"date":"2020-10-26T10:51:14","date_gmt":"2020-10-26T09:51:14","guid":{"rendered":"https:\/\/www.vcp.de\/pfadfinden\/?p=18753"},"modified":"2020-12-03T10:41:13","modified_gmt":"2020-12-03T09:41:13","slug":"mitreden-mitentscheiden-mittun-2","status":"publish","type":"post","link":"https:\/\/vcp.de\/pfadfinden\/auf-neuem-pfad\/mitreden-mitentscheiden-mittun-2\/","title":{"rendered":"Mitreden! Mitentscheiden! Mittun!"},"content":{"rendered":"<p><em>von Esther Koch<\/em><\/p>\n<p>Wir leben in einer demokratischen Gesellschaft. Das hei\u00dft, \u00ad politische Entscheidungen werden mit dem Willen der Mehrheit der Bev\u00f6lkerung beschlossen. Doch ist es in Deutschland nun so, dass nicht die B\u00fcrger*innen selbst diese Entscheidungen treffen, sondern die von ihnen gew\u00e4hlten Volksvertreter*innen. Hierbei spricht man von einer repr\u00e4sentativen Demokratie. Eine andere m\u00f6gliche Form ist eine direkte Demokratie. Dort werden mit Hilfe von Volksentscheidungen und Referenden politische Entscheidungen direkt vom Volk getroffen. Dies passiert in der Schweiz zum Beispiel ziemlich h\u00e4ufig. In anderen L\u00e4ndern passiert es manchmal. In Irland stimmten die Menschen zum Beispiel 2015 dar\u00fcber ab, ob die Ehe f\u00fcr gleichgeschlechtliche Paare ge\u00f6ffnet wird und 2016 stimmten die B\u00fcrger*innen im Vereinigtem K\u00f6nigreich \u00fcber den sogenannten Brexit ab.<\/p>\n<p>Ein Referendum ist in Deutschland bisher nicht auf Bundesebene m\u00f6glich.<br \/>\nDas hei\u00dft jedoch nicht, dass es hierzulande gar keine Volksbefragungen<br \/>\ngibt. Im Jahre 2017 wurden zum Beispiel die Berliner*innen befragt, ob der<br \/>\nFlughafen Tegel geschlossen werden soll oder nicht.<\/p>\n<h3>Doch was hat alles das mit uns als Pfadfinder*innen im VCP zu tun?<\/h3>\n<p>Bisher werden Entscheidungen in unserem Verband \u00fcber das Delegationsprinzip gef\u00e4llt \u2013 also \u00e4hnlich wie im politischen System Deutschlands. Dazu werden auf Stammesversammlung Delegierte f\u00fcr die Landesversammlung gew\u00e4hlt und auf der Landesversammlung die Delegierten f\u00fcr die Bundesversammlung. Die Bundesversammlung ist das h\u00f6chste beschlussfassende Gremium im VCP. Hier werden Beschl\u00fcsse, die den gesamten Verband betreffen, gefasst. Ein gro\u00dfartiges Prinzip! Es ist praktikabel und effizient. An Entscheidungen kann sich trotzdem jede*r beteiligen, indem sie*er mit den Delegierten spricht und ihre*seine Meinung mitgibt.<\/p>\n<p>Wir wollen nun die Bundesebene noch n\u00e4her an alle Mitglieder des Verbandes bringen. Alle, die es wollen, sollen an Entscheidungsprozessen beteiligt werden k\u00f6nnen. Wie seht ihr das? Wollt ihr mehr Mitbestimmungsm\u00f6glichkeiten auf Bundesebene und wenn ja, welche? Wie? Schreibt uns!<\/p>\n<ul>\n<li>An welchen Themen m\u00f6chtet ihr mitreden?<\/li>\n<li>Bei welchen Entscheidungen wollt ihr beteiligt sein?<\/li>\n<li>Wie stellt ihr euch vor, kann es organisiert werden, dass alle Pfadfinder*innen beteiligt werden?<\/li>\n<\/ul>\n<p>Euren Vorschlag schickt bitte an das Referat Demokratief\u00f6rderung: <a href=\"mailto:wettbewerb@vcp.de\">wettbewerb@vcp.de<\/a>.<\/p>\n<p>Der beste Vorschlag gewinnt einen Besuch in einem Escape\u00adRoom in eurer N\u00e4he. (Bis max. 15 Personen.)<\/p>\n<p><strong>Einsendeschluss ist der 31.12.2020<\/strong><\/p>\n<figure id=\"attachment_18752\" aria-describedby=\"caption-attachment-18752\" style=\"width: 300px\" class=\"wp-caption aligncenter\"><a href=\"https:\/\/www.vcp.de\/pfadfinden\/wp-content\/uploads\/2020\/10\/Partizipationswettbewerb_Foto_Moritz_Dilger.jpg\"><img loading=\"lazy\" decoding=\"async\" class=\"size-medium wp-image-18752\" src=\"https:\/\/www.vcp.de\/pfadfinden\/wp-content\/uploads\/2020\/10\/Partizipationswettbewerb_Foto_Moritz_Dilger-300x214.jpg\" alt=\"Partizipationswettbewerb\" width=\"300\" height=\"214\" srcset=\"https:\/\/vcp.de\/pfadfinden\/wp-content\/uploads\/2020\/10\/Partizipationswettbewerb_Foto_Moritz_Dilger-300x214.jpg 300w, https:\/\/vcp.de\/pfadfinden\/wp-content\/uploads\/2020\/10\/Partizipationswettbewerb_Foto_Moritz_Dilger-1024x730.jpg 1024w, https:\/\/vcp.de\/pfadfinden\/wp-content\/uploads\/2020\/10\/Partizipationswettbewerb_Foto_Moritz_Dilger-768x547.jpg 768w, https:\/\/vcp.de\/pfadfinden\/wp-content\/uploads\/2020\/10\/Partizipationswettbewerb_Foto_Moritz_Dilger.jpg 1183w\" sizes=\"auto, (max-width: 300px) 100vw, 300px\" \/><\/a><figcaption id=\"caption-attachment-18752\" class=\"wp-caption-text\">Foto: Moritz Dilger<\/figcaption><\/figure>\n","protected":false},"excerpt":{"rendered":"<p>von Esther Koch Wir leben in einer demokratischen Gesellschaft. Das hei\u00dft, \u00ad politische Entscheidungen werden mit dem Willen der Mehrheit der Bev\u00f6lkerung beschlossen. Doch ist es in Deutschland nun so, dass nicht die B\u00fcrger*innen selbst diese Entscheidungen treffen, sondern die von ihnen gew\u00e4hlten Volksvertreter*innen. Hierbei spricht man von einer repr\u00e4sentativen Demokratie. Eine andere m\u00f6gliche Form [&hellip;]<\/p>\n","protected":false},"author":52,"featured_media":18752,"comment_status":"closed","ping_status":"open","sticky":false,"template":"","format":"standard","meta":{"_acf_changed":false,"inline_featured_image":false,"footnotes":""},"categories":[419],"tags":[229,407],"class_list":["post-18753","post","type-post","status-publish","format-standard","has-post-thumbnail","hentry","category-auf-neuem-pfad","tag-ankommen","tag-anp2003"],"acf":[],"_links":{"self":[{"href":"https:\/\/vcp.de\/pfadfinden\/wp-json\/wp\/v2\/posts\/18753","targetHints":{"allow":["GET"]}}],"collection":[{"href":"https:\/\/vcp.de\/pfadfinden\/wp-json\/wp\/v2\/posts"}],"about":[{"href":"https:\/\/vcp.de\/pfadfinden\/wp-json\/wp\/v2\/types\/post"}],"author":[{"embeddable":true,"href":"https:\/\/vcp.de\/pfadfinden\/wp-json\/wp\/v2\/users\/52"}],"replies":[{"embeddable":true,"href":"https:\/\/vcp.de\/pfadfinden\/wp-json\/wp\/v2\/comments?post=18753"}],"version-history":[{"count":0,"href":"https:\/\/vcp.de\/pfadfinden\/wp-json\/wp\/v2\/posts\/18753\/revisions"}],"wp:featuredmedia":[{"embeddable":true,"href":"https:\/\/vcp.de\/pfadfinden\/wp-json\/wp\/v2\/media\/18752"}],"wp:attachment":[{"href":"https:\/\/vcp.de\/pfadfinden\/wp-json\/wp\/v2\/media?parent=18753"}],"wp:term":[{"taxonomy":"category","embeddable":true,"href":"https:\/\/vcp.de\/pfadfinden\/wp-json\/wp\/v2\/categories?post=18753"},{"taxonomy":"post_tag","embeddable":true,"href":"https:\/\/vcp.de\/pfadfinden\/wp-json\/wp\/v2\/tags?post=18753"}],"curies":[{"name":"wp","href":"https:\/\/api.w.org\/{rel}","templated":true}]}}