{"id":18643,"date":"2020-10-06T13:01:52","date_gmt":"2020-10-06T11:01:52","guid":{"rendered":"https:\/\/www.vcp.de\/pfadfinden\/?p=18643"},"modified":"2020-10-06T13:01:52","modified_gmt":"2020-10-06T11:01:52","slug":"vcp-natuerlich-nachhaltig","status":"publish","type":"post","link":"https:\/\/vcp.de\/pfadfinden\/allgemein\/vcp-natuerlich-nachhaltig\/","title":{"rendered":"VCP- Nat\u00fcrlich Nachhaltig!\u00a0"},"content":{"rendered":"<p>Viele Pfadfinder*innen gehen regelm\u00e4\u00dfig f\u00fcr den Klimaschutz auf die Stra\u00dfe und setzen sich gegen den stetigen Raubbau an unserem Planeten ein. Klimawandel betrifft uns alle und Klimaschutz beginnt bei uns allen. Doch wie nachhaltig sind eigentlich unsere eigenen VCP-Veranstaltungen? Landeslager, Gremiensitzung, Arbeitstreffen- welche M\u00f6glichkeiten haben wir, unsere Veranstaltungen noch klimagerechter zu gestalten? Und k\u00f6nnen wir gemeinsam ein Zeichen f\u00fcr mehr Nachhaltigkeit setzen?<br \/>\nDiese und weitere Fragestellungen m\u00f6chten wir in unserem neuen Projekt \u201eNat\u00fcrlich Nachhaltig!\u201c diskutieren, eine Umfrage\u00a0im VCP\u00a0starten und\u00a0darauf basierend\u00a0eine Selbstverpflichtung f\u00fcr den Verband\u00a0entwickeln.<br \/>\nWenn\u00a0\u2026.<\/p>\n<ul>\n<li>\u2026 du Interesse an der Gestaltung des VCP hast<\/li>\n<li>\u2026 Nachhaltigkeit genau dein Ding ist<\/li>\n<li>\u2026 du kreativ und zuverl\u00e4ssig bist<\/li>\n<li>\u2026 du zwischen September 2020 und Dezember 2021 noch Luft hast<\/li>\n<li>\u2026dann bist du richtig bei uns!<\/li>\n<\/ul>\n<h3>Wir bieten\u2026.<\/h3>\n<ul>\n<li>Viel Gestaltungsfreiraum<\/li>\n<li>Die M\u00f6glichkeit Erfahrungen im Bereich Klima- und Jugendpolitik zu sammeln<\/li>\n<li>Ein Zeichen f\u00fcr Nachhaltigkeit zu setzen<\/li>\n<li>Kostenlose Unterkunft und Verpflegung f\u00fcr alle Arbeitstreffen<\/li>\n<\/ul>\n<p>Haben wir dein Interesse geweckt?<br \/>\nDann klicke jetzt auf den Link und melde dich!<\/p>\n<p><a href=\"https:\/\/forms.office.com\/Pages\/ResponsePage.aspx?id=e2bgd-v6j0OaqqtnAu-AFKp_uoOuyiVGujZ-gJ2UT4JUMldKTUROTjFLV0lYM1NUV1YyUDZaU0JCOS4u\" target=\"_blank\" rel=\"noopener noreferrer\">https:\/\/forms.office.com\/Pages\/ResponsePage.aspx?id=e2bgd-v6j0OaqqtnAu-AFKp_uoOuyiVGujZ-gJ2UT4JUMldKTUROTjFLV0lYM1NUV1YyUDZaU0JCOS4u<\/a><\/p>\n<p>&nbsp;<\/p>\n","protected":false},"excerpt":{"rendered":"<p>Viele Pfadfinder*innen gehen regelm\u00e4\u00dfig f\u00fcr den Klimaschutz auf die Stra\u00dfe und setzen sich gegen den stetigen Raubbau an unserem Planeten ein. Klimawandel betrifft uns alle und Klimaschutz beginnt bei uns allen. Doch wie nachhaltig sind eigentlich unsere eigenen VCP-Veranstaltungen? Landeslager, Gremiensitzung, Arbeitstreffen- welche M\u00f6glichkeiten haben wir, unsere Veranstaltungen noch klimagerechter zu gestalten? Und k\u00f6nnen wir [&hellip;]<\/p>\n","protected":false},"author":3,"featured_media":18646,"comment_status":"closed","ping_status":"open","sticky":false,"template":"","format":"standard","meta":{"_acf_changed":false,"inline_featured_image":false,"footnotes":""},"categories":[1],"tags":[],"class_list":["post-18643","post","type-post","status-publish","format-standard","has-post-thumbnail","hentry","category-allgemein"],"acf":[],"_links":{"self":[{"href":"https:\/\/vcp.de\/pfadfinden\/wp-json\/wp\/v2\/posts\/18643","targetHints":{"allow":["GET"]}}],"collection":[{"href":"https:\/\/vcp.de\/pfadfinden\/wp-json\/wp\/v2\/posts"}],"about":[{"href":"https:\/\/vcp.de\/pfadfinden\/wp-json\/wp\/v2\/types\/post"}],"author":[{"embeddable":true,"href":"https:\/\/vcp.de\/pfadfinden\/wp-json\/wp\/v2\/users\/3"}],"replies":[{"embeddable":true,"href":"https:\/\/vcp.de\/pfadfinden\/wp-json\/wp\/v2\/comments?post=18643"}],"version-history":[{"count":0,"href":"https:\/\/vcp.de\/pfadfinden\/wp-json\/wp\/v2\/posts\/18643\/revisions"}],"wp:featuredmedia":[{"embeddable":true,"href":"https:\/\/vcp.de\/pfadfinden\/wp-json\/wp\/v2\/media\/18646"}],"wp:attachment":[{"href":"https:\/\/vcp.de\/pfadfinden\/wp-json\/wp\/v2\/media?parent=18643"}],"wp:term":[{"taxonomy":"category","embeddable":true,"href":"https:\/\/vcp.de\/pfadfinden\/wp-json\/wp\/v2\/categories?post=18643"},{"taxonomy":"post_tag","embeddable":true,"href":"https:\/\/vcp.de\/pfadfinden\/wp-json\/wp\/v2\/tags?post=18643"}],"curies":[{"name":"wp","href":"https:\/\/api.w.org\/{rel}","templated":true}]}}