{"id":18507,"date":"2020-09-17T11:27:00","date_gmt":"2020-09-17T09:27:00","guid":{"rendered":"https:\/\/www.vcp.de\/pfadfinden\/?p=18507"},"modified":"2023-02-01T15:57:41","modified_gmt":"2023-02-01T14:57:41","slug":"wir-sind-zukunftsrelevant-schon-in-der-gegenwart","status":"publish","type":"post","link":"https:\/\/vcp.de\/pfadfinden\/allgemein\/wir-sind-zukunftsrelevant-schon-in-der-gegenwart\/","title":{"rendered":"Wir sind #zukunftsrelevant \u2013 schon in der Gegenwart"},"content":{"rendered":"<h2>aej und BAG EJSA res\u00fcmieren die Sommerkampagne zur Bedeutung der evangelischen Kinder- und Jugendarbeit und Jugendsozialarbeit<\/h2>\n<p>Die gemeinsame Kampagne \u201eWir sind #zukunftsrelevant\u201c der Arbeitsgemeinschaft der Evangelischen Jugend in Deutschland e.V. (aej) und der Bundesarbeitsgemeinschaft Evangelische Jugendsozialarbeit e.V. (BAG EJSA) hat in den zw\u00f6lf bundesweiten Sommerferienwochen gezeigt: Der Sommer war voller gro\u00dfartiger Angebote f\u00fcr Kinder, Jugendliche und junge Erwachsene. Die evangelische Kinder- und Jugendarbeit und die evangelische Jugendsozialarbeit waren flexibel, einfallsreich und verantwortungsvoll aktiv &#8211; unter den schwierigen Bedingungen der Corona-Krise. Hunderte ehrenamtliche und hauptberufliche Mitarbeiter*innen erm\u00f6glichten Kindern, Jugendlichen und jungen Erwachsenen trotz oft unklarer Rahmenbedingungen und unsicherer finanzieller Ausstattung aktive, fr\u00f6hliche, und unvergessliche Sommerferien.<\/p>\n<p>Auf der Social Wall der Kampagne (<a href=\"https:\/\/walls.io\/zukunftsrelevant\" target=\"_blank\" rel=\"noopener noreferrer\">www.walls.io\/zukunftsrelevant<\/a>) zeigen mehr als 3.000 Posts unter dem Hashtag #zukunftsrelevant, wie vielf\u00e4ltig und lebendig evangelische Kinder- und Jugendarbeit und evangelische Jugendsozialarbeit sind.<\/p>\n<p>F\u00fcr dieses Engagement haben wir viel Anerkennung und Zuspruch bekommen. Auch von Expert*innen aus Kirche, Wissenschaft, Politik und Gesellschaft. In 13 Video-Statements auf Facebook und Instagram best\u00e4tigen sie, wie gegenwartsrelevant Kinder-, Jugend- und Jugendsozialarbeit ist. Denn diese Arbeit ist f\u00fcr viele junge Menschen wie ein zweites Zuhause. Fern ab von heimischer Enge und manchem Stress mit Eltern und Lehrer*innen finden sie hier R\u00e4ume, in denen sie zusammen mit Gleichaltrigen Verantwortung \u00fcbernehmen k\u00f6nnen, sich ausprobieren und erleben k\u00f6nnen: \u201eIch kann etwas bewirken\u201c. Und nicht zuletzt erfahren Kinder und Jugendliche hier wie der Glaube an Gott Orientierung, Halt und Hoffnung im Leben geben kann.<\/p>\n<p>Jan Behrendt aus dem aej Vorstand begeistert sich: \u201eSuper, was ihr Ehrenamtlichen und Hauptberuflichen in dieser schwierigen Zeit f\u00fcr junge Menschen auf die Beine gestellt habt. Ihr habt nicht die H\u00e4nde in den Scho\u00df gelegt, ihr habt lange geschmiedete Pl\u00e4ne und Vorbereitungen f\u00fcr Freizeiten ver\u00e4ndert oder ganz verworfen und Neues geplant und organisiert. Ihr wart einsatzbereit, habt Hygiene- und Schutzkonzepte aufgestellt und das Wichtigste: Ihr war da, f\u00fcr Kinder und Jugendliche.\u201c<\/p>\n<p>In seinem Res\u00fcmee zur Kampagne weist Ingo Grastorf, Vorstandsmitglied der BAG EJSA darauf hin, dass wir alle eine riesengro\u00dfe Verantwortung f\u00fcr ein gutes und gesundes Aufwachsen von Kindern und Jugendlichen tragen: \u201eSich daf\u00fcr einzusetzen, dass Kinder und Jugendliche nicht ohne Begleitung bleiben, dass sie Halt und Orientierung f\u00fcr ihr Leben finden, ist f\u00fcr Kinder und Jugendliche elementar wichtig &#8211; und f\u00fcr uns als demokratische Gesellschaft ebenso. Die Aktivit\u00e4ten und die Kampagne haben sehr deutlich gezeigt, wie wichtig dabei die Angebote der Evangelischen Kinder- und Jugendarbeit und der Evangelische Jugendsozialarbeit sind und welchen relevanten Beitrag sie dabei aktuell und auch in Zukunft leisten\u201c.<\/p>\n<p>Evangelische Kinder- und Jugendarbeit und evangelische Jugendsozialarbeit lassen junge Menschen nicht allein. Das gilt gerade und vor allem auch in schwierigen Zeiten. Daf\u00fcr sind auch zuk\u00fcnftig sichere Rahmenbedingungen, eine angemessene finanzielle Ausstattung und die politische Beteiligung junger Menschen unerl\u00e4sslich. Daf\u00fcr werden sich aej und BAG EJSA in den kommenden Wochen in Politik, Kirche und Verwaltung stark machen.<\/p>\n<p>Denn die Entwicklung von Kindern und Jugendlichen darf nicht auf der Strecke bleiben!<\/p>\n<p>Weitere Informationen finden Sie unter <a href=\"http:\/\/www.zukunftsrelevant.de\" target=\"_blank\" rel=\"noopener noreferrer\">www.zukunftsrelevant.de<\/a>.<\/p>\n<p>Hannover, 17. September 2020<\/p>\n<p>Martin Weber<\/p>\n<blockquote class=\"wp-embedded-content\" data-secret=\"bdG7AS0bzR\"><p><a href=\"https:\/\/www.vcp.de\/pfadfinden\/allgemein\/sommerkampagne-der-aej-und-der-bag-ejsa\/\">Sommerkampagne der aej und der BAG EJSA<\/a><\/p><\/blockquote>\n<p><iframe loading=\"lazy\" class=\"wp-embedded-content\" sandbox=\"allow-scripts\" security=\"restricted\" style=\"position: absolute; visibility: hidden;\" title=\"&#8222;Sommerkampagne der aej und der BAG EJSA&#8220; &#8212; VCP-Blog\" src=\"https:\/\/www.vcp.de\/pfadfinden\/allgemein\/sommerkampagne-der-aej-und-der-bag-ejsa\/embed\/#?secret=QWc7LqDaih#?secret=bdG7AS0bzR\" data-secret=\"bdG7AS0bzR\" width=\"600\" height=\"338\" frameborder=\"0\" marginwidth=\"0\" marginheight=\"0\" scrolling=\"no\"><\/iframe><\/p>\n","protected":false},"excerpt":{"rendered":"<p>aej und BAG EJSA res\u00fcmieren die Sommerkampagne zur Bedeutung der evangelischen Kinder- und Jugendarbeit und Jugendsozialarbeit Die gemeinsame Kampagne \u201eWir sind #zukunftsrelevant\u201c der Arbeitsgemeinschaft der Evangelischen Jugend in Deutschland e.V. (aej) und der Bundesarbeitsgemeinschaft Evangelische Jugendsozialarbeit e.V. (BAG EJSA) hat in den zw\u00f6lf bundesweiten Sommerferienwochen gezeigt: Der Sommer war voller gro\u00dfartiger Angebote f\u00fcr Kinder, Jugendliche [&hellip;]<\/p>\n","protected":false},"author":3,"featured_media":17452,"comment_status":"closed","ping_status":"open","sticky":false,"template":"","format":"standard","meta":{"_acf_changed":false,"inline_featured_image":false,"footnotes":""},"categories":[1],"tags":[],"class_list":["post-18507","post","type-post","status-publish","format-standard","has-post-thumbnail","hentry","category-allgemein"],"acf":[],"_links":{"self":[{"href":"https:\/\/vcp.de\/pfadfinden\/wp-json\/wp\/v2\/posts\/18507","targetHints":{"allow":["GET"]}}],"collection":[{"href":"https:\/\/vcp.de\/pfadfinden\/wp-json\/wp\/v2\/posts"}],"about":[{"href":"https:\/\/vcp.de\/pfadfinden\/wp-json\/wp\/v2\/types\/post"}],"author":[{"embeddable":true,"href":"https:\/\/vcp.de\/pfadfinden\/wp-json\/wp\/v2\/users\/3"}],"replies":[{"embeddable":true,"href":"https:\/\/vcp.de\/pfadfinden\/wp-json\/wp\/v2\/comments?post=18507"}],"version-history":[{"count":1,"href":"https:\/\/vcp.de\/pfadfinden\/wp-json\/wp\/v2\/posts\/18507\/revisions"}],"predecessor-version":[{"id":29270,"href":"https:\/\/vcp.de\/pfadfinden\/wp-json\/wp\/v2\/posts\/18507\/revisions\/29270"}],"wp:featuredmedia":[{"embeddable":true,"href":"https:\/\/vcp.de\/pfadfinden\/wp-json\/wp\/v2\/media\/17452"}],"wp:attachment":[{"href":"https:\/\/vcp.de\/pfadfinden\/wp-json\/wp\/v2\/media?parent=18507"}],"wp:term":[{"taxonomy":"category","embeddable":true,"href":"https:\/\/vcp.de\/pfadfinden\/wp-json\/wp\/v2\/categories?post=18507"},{"taxonomy":"post_tag","embeddable":true,"href":"https:\/\/vcp.de\/pfadfinden\/wp-json\/wp\/v2\/tags?post=18507"}],"curies":[{"name":"wp","href":"https:\/\/api.w.org\/{rel}","templated":true}]}}