{"id":17770,"date":"2020-07-03T10:11:19","date_gmt":"2020-07-03T08:11:19","guid":{"rendered":"https:\/\/www.vcp.de\/pfadfinden\/?p=17770"},"modified":"2020-09-04T14:24:49","modified_gmt":"2020-09-04T12:24:49","slug":"mitwirkung-die-pfadfindungswerkstatt-fuer-vcp-laender","status":"publish","type":"post","link":"https:\/\/vcp.de\/pfadfinden\/allgemein\/mitwirkung-die-pfadfindungswerkstatt-fuer-vcp-laender\/","title":{"rendered":"MITWirkung- Die Pfadfindungswerkstatt f\u00fcr VCP-L\u00e4nder"},"content":{"rendered":"<h3>Die Pfadfindung &#8211; unser Verbandsentwicklungsprozess &#8211; lebt von der MITWirkung aller VCPer*innen und Ebenen. Nur gemeinsam k\u00f6nnen wir unsere Ziele erreichen.<\/h3>\n<p>Deswegen findet am<strong> 12. und 13. September 2020<\/strong> eine digitale Pfadfindungswerkstatt f\u00fcr alle VCP-L\u00e4nder statt.<\/p>\n<p>Dabei wollen wir mit euch die drei<em> Ws<\/em> st\u00e4rken:<\/p>\n<p><em>Weitsicht:<\/em> Gemeinsam die Zukunft des VCP gestalten.<br \/>\n<em>Werkzeuge:<\/em> Instrumente zur Weiterentwicklung eures Landes erarbeiten.<br \/>\n<em>Weitergabe:<\/em> Wissen vermitteln und Menschen begeistern.<\/p>\n<p><strong>Die Daten:<\/strong><\/p>\n<p><em>Wann?<\/em><br \/>\n12. und 13. September 2020<br \/>\n<em>Wer?<\/em><br \/>\nVerantwortliche der L\u00e4nder und weitere interessierte VCPer*innen<br \/>\n<em>Wie?<\/em><br \/>\nDigitale Werkstatt<\/p>\n<p>Anmelden k\u00f6nnt ihr euch unter: <a href=\"https:\/\/teilnehmen.vcp.de\/mitwirkung\/\">https:\/\/teilnehmen.vcp.de\/mitwirkung\/<\/a><\/p>\n<p><a href=\"https:\/\/www.vcp.de\/pfadfinden\/wp-content\/uploads\/2020\/07\/Foto_Multiplikatorinnen.jpg\"><img loading=\"lazy\" decoding=\"async\" class=\"alignnone size-full wp-image-17772\" src=\"https:\/\/www.vcp.de\/pfadfinden\/wp-content\/uploads\/2020\/07\/Foto_Multiplikatorinnen.jpg\" alt=\"\" width=\"1798\" height=\"890\" srcset=\"https:\/\/vcp.de\/pfadfinden\/wp-content\/uploads\/2020\/07\/Foto_Multiplikatorinnen.jpg 1798w, https:\/\/vcp.de\/pfadfinden\/wp-content\/uploads\/2020\/07\/Foto_Multiplikatorinnen-300x148.jpg 300w, https:\/\/vcp.de\/pfadfinden\/wp-content\/uploads\/2020\/07\/Foto_Multiplikatorinnen-1024x507.jpg 1024w, https:\/\/vcp.de\/pfadfinden\/wp-content\/uploads\/2020\/07\/Foto_Multiplikatorinnen-768x380.jpg 768w, https:\/\/vcp.de\/pfadfinden\/wp-content\/uploads\/2020\/07\/Foto_Multiplikatorinnen-1536x760.jpg 1536w\" sizes=\"auto, (max-width: 1798px) 100vw, 1798px\" \/><\/a><\/p>\n<p>&nbsp;<\/p>\n","protected":false},"excerpt":{"rendered":"<p>Die Pfadfindung &#8211; unser Verbandsentwicklungsprozess &#8211; lebt von der MITWirkung aller VCPer*innen und Ebenen. Nur gemeinsam k\u00f6nnen wir unsere Ziele erreichen. Deswegen findet am 12. und 13. September 2020 eine digitale Pfadfindungswerkstatt f\u00fcr alle VCP-L\u00e4nder statt. Dabei wollen wir mit euch die drei Ws st\u00e4rken: Weitsicht: Gemeinsam die Zukunft des VCP gestalten. Werkzeuge: Instrumente zur [&hellip;]<\/p>\n","protected":false},"author":52,"featured_media":17772,"comment_status":"closed","ping_status":"open","sticky":false,"template":"","format":"standard","meta":{"_acf_changed":false,"inline_featured_image":false,"footnotes":""},"categories":[1],"tags":[165,290,166],"class_list":["post-17770","post","type-post","status-publish","format-standard","has-post-thumbnail","hentry","category-allgemein","tag-pfadfindung","tag-veranstaltung","tag-verbandsentwicklung"],"acf":[],"_links":{"self":[{"href":"https:\/\/vcp.de\/pfadfinden\/wp-json\/wp\/v2\/posts\/17770","targetHints":{"allow":["GET"]}}],"collection":[{"href":"https:\/\/vcp.de\/pfadfinden\/wp-json\/wp\/v2\/posts"}],"about":[{"href":"https:\/\/vcp.de\/pfadfinden\/wp-json\/wp\/v2\/types\/post"}],"author":[{"embeddable":true,"href":"https:\/\/vcp.de\/pfadfinden\/wp-json\/wp\/v2\/users\/52"}],"replies":[{"embeddable":true,"href":"https:\/\/vcp.de\/pfadfinden\/wp-json\/wp\/v2\/comments?post=17770"}],"version-history":[{"count":0,"href":"https:\/\/vcp.de\/pfadfinden\/wp-json\/wp\/v2\/posts\/17770\/revisions"}],"wp:featuredmedia":[{"embeddable":true,"href":"https:\/\/vcp.de\/pfadfinden\/wp-json\/wp\/v2\/media\/17772"}],"wp:attachment":[{"href":"https:\/\/vcp.de\/pfadfinden\/wp-json\/wp\/v2\/media?parent=17770"}],"wp:term":[{"taxonomy":"category","embeddable":true,"href":"https:\/\/vcp.de\/pfadfinden\/wp-json\/wp\/v2\/categories?post=17770"},{"taxonomy":"post_tag","embeddable":true,"href":"https:\/\/vcp.de\/pfadfinden\/wp-json\/wp\/v2\/tags?post=17770"}],"curies":[{"name":"wp","href":"https:\/\/api.w.org\/{rel}","templated":true}]}}