{"id":17736,"date":"2020-07-02T16:09:39","date_gmt":"2020-07-02T14:09:39","guid":{"rendered":"https:\/\/www.vcp.de\/pfadfinden\/?p=17736"},"modified":"2020-07-06T12:36:39","modified_gmt":"2020-07-06T10:36:39","slug":"friedenslicht-in-corona-zeiten","status":"publish","type":"post","link":"https:\/\/vcp.de\/pfadfinden\/allgemein\/friedenslicht-in-corona-zeiten\/","title":{"rendered":"Friedenslicht in Corona Zeiten"},"content":{"rendered":"<p>Dieses Jahr ist vieles anders. Auch unsere Aktion Friedenslicht zu Weihnachten.<\/p>\n<p>Aufgrund der aktuellen Situation wird es keine Delegationsfahrt nach \u00d6sterreich geben. Stattdessen holt die Arbeitsgruppe des rdp das Licht am Samstag, dem 12.12.2020 nach Deutschland, sodass ihr die Flamme am 3. Adventssonntag,13.12.2020, in Empfang nehmen k\u00f6nnt.<\/p>\n<p>Eine Nutzung \u00f6ffentlicher Verkehrsmittel ist wegen des Einsatzes von Desinfektionsmitteln, die eine h\u00f6here Brandlast bedeuten, nicht m\u00f6glich. Deshalb f\u00e4hrt die Friedenslicht AG mit wenigen Autos, um das Licht zu holen und zu uns zu bringen. Die Verteilroute wird auf \u00a0www.friedenslicht.de ver\u00f6ffentlicht. An den Verteilpunkten seid ihr gebeten, mit nur wenigen Personen das Licht abzuholen und als Staffellauf in eure Regionen zu tragen. Bitte sprecht euch gut ab und denkt an die Corona-Sicherheitsregeln.<\/p>\n<p>Um enge Kontakte bei der Licht\u00fcbergabe zu vermeiden, werden bereits angez\u00fcndete Kerzen heraus- bzw. weitergegeben. Dies ist eine M\u00f6glichkeit, wie auch ihr kontaktarm das Licht weitergeben k\u00f6nnt. Denn auch bei der Verteilung vor Ort empfehlen wir eher Abholl\u00f6sungen statt gro\u00dfer Zusammenk\u00fcnfte, wie Aussendungsfeiern. Bitte verzichtet auf eigene Fahrten zur Abholung des Friedenslichtes in \u00d6sterreich.<\/p>\n<h2><strong>Handelt besonnen und verantwortungsbewusst, aber trotzdem kreativ!<\/strong><\/h2>\n<p>Unser gemeinsames Ziel dieses Jahr ist, an so vielen Orten wie m\u00f6glich eine Abholung des Lichtes f\u00fcr alle \u201eMenschen guten Willens\u201c zu erm\u00f6glichen. Die kleine empfindliche Flamme aus Betlehem verbindet uns trotz des Abstands und verbindet uns schon immer mit allen Menschen in den verschiedenen L\u00e4ndern, bei denen das Friedenslicht brennt.<\/p>\n<h2><strong>Abholorte ver\u00f6ffentlichen<\/strong><\/h2>\n<p>Abholorte, die ihr selbst anbietet, k\u00f6nnt ihr ab dem 01.11.2020 online eintragen. Bitte habt Verst\u00e4ndnis daf\u00fcr, dass in diesem Jahr keine gro\u00dfen Aussendungsfeiern ver\u00f6ffentlicht werden. Die AG Friedenslicht kann nicht entscheiden, ob eine Gro\u00dfveranstaltung in eurer Region zu verantworten ist.<\/p>\n<p>Weitere Informationen \u2013 auch zum aktuellen Planungsstand &#8211; findet ihr auf <a href=\"http:\/\/www.friedenslicht.de\">www.friedenslicht.de<\/a> oder unter dem Hashtag #friedenslicht in den sozialen Medien Facebook, Twitter, Instagram und YouTube. Infos zur Presse und \u00d6ffentlichkeitsarbeit und spirituelle Texte werden ab Herbst 2020 ver\u00f6ffentlicht.<\/p>\n<p><a href=\"https:\/\/www.friedenslicht.de\/wp-content\/uploads\/2020\/06\/2020_2ter-Infobrief_Friedenslicht_final.pdf\" target=\"_blank\" rel=\"noopener noreferrer\"><img loading=\"lazy\" decoding=\"async\" class=\"alignleft wp-image-12318\" src=\"https:\/\/www.vcp.de\/pfadfinden\/wp-content\/uploads\/2019\/01\/pdf_vcp-1-e1547549005999.png\" alt=\"\" width=\"25\" height=\"32\" \/><\/a><\/p>\n<p>&nbsp;<\/p>\n<p><a href=\"https:\/\/www.friedenslicht.de\/wp-content\/uploads\/2020\/06\/2020_2ter-Infobrief_Friedenslicht_final.pdf\" target=\"_blank\" rel=\"noopener noreferrer\">Der 2. Infobrief auf friedenslicht.de<\/a><\/p>\n","protected":false},"excerpt":{"rendered":"<p>Dieses Jahr ist vieles anders. Auch unsere Aktion Friedenslicht zu Weihnachten. Aufgrund der aktuellen Situation wird es keine Delegationsfahrt nach \u00d6sterreich geben. Stattdessen holt die Arbeitsgruppe des rdp das Licht am Samstag, dem 12.12.2020 nach Deutschland, sodass ihr die Flamme am 3. Adventssonntag,13.12.2020, in Empfang nehmen k\u00f6nnt. Eine Nutzung \u00f6ffentlicher Verkehrsmittel ist wegen des Einsatzes [&hellip;]<\/p>\n","protected":false},"author":52,"featured_media":17739,"comment_status":"closed","ping_status":"open","sticky":false,"template":"","format":"standard","meta":{"_acf_changed":false,"inline_featured_image":false,"footnotes":""},"categories":[1,94,383],"tags":[405,40,241,19,404],"class_list":["post-17736","post","type-post","status-publish","format-standard","has-post-thumbnail","hentry","category-allgemein","category-friedenslicht","category-gegen-das-virus","tag-corona","tag-friedenslicht","tag-mitmachen","tag-rdp","tag-weihnachten"],"acf":[],"_links":{"self":[{"href":"https:\/\/vcp.de\/pfadfinden\/wp-json\/wp\/v2\/posts\/17736","targetHints":{"allow":["GET"]}}],"collection":[{"href":"https:\/\/vcp.de\/pfadfinden\/wp-json\/wp\/v2\/posts"}],"about":[{"href":"https:\/\/vcp.de\/pfadfinden\/wp-json\/wp\/v2\/types\/post"}],"author":[{"embeddable":true,"href":"https:\/\/vcp.de\/pfadfinden\/wp-json\/wp\/v2\/users\/52"}],"replies":[{"embeddable":true,"href":"https:\/\/vcp.de\/pfadfinden\/wp-json\/wp\/v2\/comments?post=17736"}],"version-history":[{"count":0,"href":"https:\/\/vcp.de\/pfadfinden\/wp-json\/wp\/v2\/posts\/17736\/revisions"}],"wp:featuredmedia":[{"embeddable":true,"href":"https:\/\/vcp.de\/pfadfinden\/wp-json\/wp\/v2\/media\/17739"}],"wp:attachment":[{"href":"https:\/\/vcp.de\/pfadfinden\/wp-json\/wp\/v2\/media?parent=17736"}],"wp:term":[{"taxonomy":"category","embeddable":true,"href":"https:\/\/vcp.de\/pfadfinden\/wp-json\/wp\/v2\/categories?post=17736"},{"taxonomy":"post_tag","embeddable":true,"href":"https:\/\/vcp.de\/pfadfinden\/wp-json\/wp\/v2\/tags?post=17736"}],"curies":[{"name":"wp","href":"https:\/\/api.w.org\/{rel}","templated":true}]}}