{"id":17604,"date":"2020-07-04T08:26:00","date_gmt":"2020-07-04T06:26:00","guid":{"rendered":"https:\/\/www.vcp.de\/pfadfinden\/?p=17604"},"modified":"2023-01-14T09:11:29","modified_gmt":"2023-01-14T08:11:29","slug":"tagebuch-gute-nacht","status":"publish","type":"post","link":"https:\/\/vcp.de\/pfadfinden\/buchecke\/tagebuch-gute-nacht\/","title":{"rendered":"Tagebuch: GUTE NACHT"},"content":{"rendered":"<p><strong>Format:<\/strong> DIN A5<br \/>\n<strong>Verlag:<\/strong> BOB AND UNCLE<\/p>\n<p>GUTE NACHT \u2013 Ein kleines, schwarzes Heft, das mich zwar an die Hausaufgabenhefte der Schulzeit erinnert, mir aber in der letzten Zeit ein guter Begleiter ist. Pro Tag l\u00e4dt eine Seite dazu ein, kurz und knapp den Tag einzuordnen, zu reflektieren und sich auf morgen zu freuen.<\/p>\n<p>Die kleinen Felder sind sch\u00f6n gestaltet, Antworten zum Ankreuzen senken die Hemmschwelle etwas einzutragen. Das geht auch definitiv noch, wenn man schon total m\u00fcde ist oder denkt man hat keine Zeit. Gr\u00f6\u00dfe und Gewicht machen es sehr einfach es immer und \u00fcberall dabei zu haben. Das ist ein echter Vorteil, denn manchmal verschwinden Gedanken, die schon seit Stunden im Kopf kreisen einfach, wenn sie im Tagebuch stehen. Ich nutze es also nicht immer nur kurz vor dem Schlafen gehen.<\/p>\n<p>Ideal f\u00fcr alle, deren Zeit- und Kraftressourcen knapp bemessen sind und die dennoch gerne die tollsten Ereignisse und wildesten Gem\u00fctszust\u00e4nde des Tages kurz und knapp einfangen m\u00f6chten.<\/p>\n<p><img loading=\"lazy\" decoding=\"async\" class=\"alignleft wp-image-1965 size-full\" src=\"https:\/\/www.vcp.de\/pfadfinden\/wp-content\/uploads\/2015\/03\/4eselohren.png\" alt=\"\" width=\"82\" height=\"20\" \/>4 von 5 Eselsohren vergibt Lena<\/p>\n","protected":false},"excerpt":{"rendered":"<p>Format: DIN A5 Verlag: BOB AND UNCLE GUTE NACHT \u2013 Ein kleines, schwarzes Heft, das mich zwar an die Hausaufgabenhefte der Schulzeit erinnert, mir aber in der letzten Zeit ein guter Begleiter ist. Pro Tag l\u00e4dt eine Seite dazu ein, kurz und knapp den Tag einzuordnen, zu reflektieren und sich auf morgen zu freuen. Die [&hellip;]<\/p>\n","protected":false},"author":52,"featured_media":17605,"comment_status":"closed","ping_status":"open","sticky":false,"template":"","format":"standard","meta":{"_acf_changed":false,"inline_featured_image":false,"footnotes":""},"categories":[419,48],"tags":[400,245],"class_list":["post-17604","post","type-post","status-publish","format-standard","has-post-thumbnail","hentry","category-auf-neuem-pfad","category-buchecke","tag-anp2002","tag-dies-und-das"],"acf":[],"_links":{"self":[{"href":"https:\/\/vcp.de\/pfadfinden\/wp-json\/wp\/v2\/posts\/17604","targetHints":{"allow":["GET"]}}],"collection":[{"href":"https:\/\/vcp.de\/pfadfinden\/wp-json\/wp\/v2\/posts"}],"about":[{"href":"https:\/\/vcp.de\/pfadfinden\/wp-json\/wp\/v2\/types\/post"}],"author":[{"embeddable":true,"href":"https:\/\/vcp.de\/pfadfinden\/wp-json\/wp\/v2\/users\/52"}],"replies":[{"embeddable":true,"href":"https:\/\/vcp.de\/pfadfinden\/wp-json\/wp\/v2\/comments?post=17604"}],"version-history":[{"count":1,"href":"https:\/\/vcp.de\/pfadfinden\/wp-json\/wp\/v2\/posts\/17604\/revisions"}],"predecessor-version":[{"id":28588,"href":"https:\/\/vcp.de\/pfadfinden\/wp-json\/wp\/v2\/posts\/17604\/revisions\/28588"}],"wp:featuredmedia":[{"embeddable":true,"href":"https:\/\/vcp.de\/pfadfinden\/wp-json\/wp\/v2\/media\/17605"}],"wp:attachment":[{"href":"https:\/\/vcp.de\/pfadfinden\/wp-json\/wp\/v2\/media?parent=17604"}],"wp:term":[{"taxonomy":"category","embeddable":true,"href":"https:\/\/vcp.de\/pfadfinden\/wp-json\/wp\/v2\/categories?post=17604"},{"taxonomy":"post_tag","embeddable":true,"href":"https:\/\/vcp.de\/pfadfinden\/wp-json\/wp\/v2\/tags?post=17604"}],"curies":[{"name":"wp","href":"https:\/\/api.w.org\/{rel}","templated":true}]}}