{"id":17478,"date":"2020-06-26T14:40:14","date_gmt":"2020-06-26T12:40:14","guid":{"rendered":"https:\/\/www.vcp.de\/pfadfinden\/?p=17478"},"modified":"2020-06-26T15:21:10","modified_gmt":"2020-06-26T13:21:10","slug":"wir-die-voelker-75-jahre-vereinte-nationen","status":"publish","type":"post","link":"https:\/\/vcp.de\/pfadfinden\/allgemein\/wir-die-voelker-75-jahre-vereinte-nationen\/","title":{"rendered":"&#8222;Wir, die V\u00f6lker&#8220; &#8211; 75 Jahre Vereinte Nationen"},"content":{"rendered":"<h3>Nach zwei Weltkriegen sollte ein neues, weltweites Staatenb\u00fcndnis den Weltfrieden sichern. \u201eWir, die V\u00f6lker [\u2026] sind fest entschlossen (zuk\u00fcnftige Generationen) vor der Gei\u00dfel des Krieges zu bewahren\u201c. Mit diesen Worten wurden die Vereinten Nationen durch die Unterzeichnung der UN-Charta am 26. Juni 1945 geboren.<\/h3>\n<p>In diesem Jahr feiern die Vereinten Nationen ihren 75. Geburtstag. 193 Mitglieder \u2013 fast alle Staaten der Welt \u2013 haben sich seither verpflichtet, die Ziele der Vereinten Nationen zu unterst\u00fctzen:<\/p>\n<ul>\n<li>Weltfrieden, Sicherheit und Abr\u00fcstung<\/li>\n<li>Entwicklung freundschaftlicher Beziehungen<br \/>\nzwischen den Staaten<\/li>\n<li>F\u00f6rderung der Menschenrechte und L\u00f6sung<br \/>\ninternationaler Probleme durch internationale<br \/>\nZusammenarbeit<\/li>\n<li>Mittelpunkt f\u00fcr Staaten, um gemeinsam am<br \/>\nErreichen der Ziele arbeiten zu k\u00f6nnen<\/li>\n<\/ul>\n<p>Sie sind damit die gr\u00f6\u00dfte Friedensorganisation der Menschheitsgeschichte. Doch in ihrer Gr\u00f6\u00dfe und Komplexit\u00e4t spiegeln sich auch ihre Schwachstellen wider. \u201eNie wieder\u201c <a href=\"https:\/\/www.vcp.de\/pfadfinden\/wp-content\/uploads\/2020\/06\/gzuiok.png\"><img loading=\"lazy\" decoding=\"async\" class=\"wp-image-17482 alignright\" src=\"https:\/\/www.vcp.de\/pfadfinden\/wp-content\/uploads\/2020\/06\/gzuiok.png\" alt=\"\" width=\"406\" height=\"373\" srcset=\"https:\/\/vcp.de\/pfadfinden\/wp-content\/uploads\/2020\/06\/gzuiok.png 776w, https:\/\/vcp.de\/pfadfinden\/wp-content\/uploads\/2020\/06\/gzuiok-300x276.png 300w, https:\/\/vcp.de\/pfadfinden\/wp-content\/uploads\/2020\/06\/gzuiok-768x706.png 768w\" sizes=\"auto, (max-width: 406px) 100vw, 406px\" \/><\/a>schwor sich einst die Weltgemeinschaft. Doch w\u00fcten auch heute B\u00fcrgerkriege, werden Menschen vertrieben und V\u00f6lkermorde begangen.<\/p>\n<p>In einer Organisation mit 193 Mitgliedern mit jeweils eigenen Kulturen und Interessen, vertritt jedes Land andere Vorstellungen. Der Weg zu einem bindenden Entschluss ist lang und von Kompromissen gepr\u00e4gt, die ein wirkungsvolles Einschreiten oft verlangsamen oder sogar unm\u00f6glich machen. So stehen die Vereinten Nationen in einem Spannungsverh\u00e4ltnis zwischen den gesetzten Zielen und der politischen Realit\u00e4t.<\/p>\n<p>Dennoch sind die Vereinten Nationen auch nach 75 Jahren unverzichtbar f\u00fcr die Gestaltung der internationalen Politik. Sie sind die einzige Organisation, in der fast alle L\u00e4nder der Welt auf Grundlage einer freiwilligen Verpflichtung zusammenkommen, sich gegenseitig kontrollieren<br \/>\nund ermahnen k\u00f6nnen. So leisten sie einen wichtigen Beitrag zur humanit\u00e4ren Hilfe, dem Ausbau des V\u00f6lkerrechts und der Wahrung der Menschenrechte. Und auch zuk\u00fcnftig ist die Weltgemeinschaft gefragt: Der Klimawandel und seine Auswirkungen oder auch die immer gr\u00f6\u00dfer werdende Kluft zwischen Arm und Reich k\u00f6nnen nur gemeinsam gel\u00f6st werden.<\/p>\n<p>&nbsp;<\/p>\n","protected":false},"excerpt":{"rendered":"<p>Nach zwei Weltkriegen sollte ein neues, weltweites Staatenb\u00fcndnis den Weltfrieden sichern. \u201eWir, die V\u00f6lker [\u2026] sind fest entschlossen (zuk\u00fcnftige Generationen) vor der Gei\u00dfel des Krieges zu bewahren\u201c. Mit diesen Worten wurden die Vereinten Nationen durch die Unterzeichnung der UN-Charta am 26. Juni 1945 geboren. In diesem Jahr feiern die Vereinten Nationen ihren 75. Geburtstag. 193 [&hellip;]<\/p>\n","protected":false},"author":52,"featured_media":17489,"comment_status":"closed","ping_status":"open","sticky":false,"template":"","format":"standard","meta":{"_acf_changed":false,"inline_featured_image":false,"footnotes":""},"categories":[1],"tags":[401,102,402],"class_list":["post-17478","post","type-post","status-publish","format-standard","has-post-thumbnail","hentry","category-allgemein","tag-75jahreun","tag-jugendpolitik","tag-unfassbar"],"acf":[],"_links":{"self":[{"href":"https:\/\/vcp.de\/pfadfinden\/wp-json\/wp\/v2\/posts\/17478","targetHints":{"allow":["GET"]}}],"collection":[{"href":"https:\/\/vcp.de\/pfadfinden\/wp-json\/wp\/v2\/posts"}],"about":[{"href":"https:\/\/vcp.de\/pfadfinden\/wp-json\/wp\/v2\/types\/post"}],"author":[{"embeddable":true,"href":"https:\/\/vcp.de\/pfadfinden\/wp-json\/wp\/v2\/users\/52"}],"replies":[{"embeddable":true,"href":"https:\/\/vcp.de\/pfadfinden\/wp-json\/wp\/v2\/comments?post=17478"}],"version-history":[{"count":0,"href":"https:\/\/vcp.de\/pfadfinden\/wp-json\/wp\/v2\/posts\/17478\/revisions"}],"wp:featuredmedia":[{"embeddable":true,"href":"https:\/\/vcp.de\/pfadfinden\/wp-json\/wp\/v2\/media\/17489"}],"wp:attachment":[{"href":"https:\/\/vcp.de\/pfadfinden\/wp-json\/wp\/v2\/media?parent=17478"}],"wp:term":[{"taxonomy":"category","embeddable":true,"href":"https:\/\/vcp.de\/pfadfinden\/wp-json\/wp\/v2\/categories?post=17478"},{"taxonomy":"post_tag","embeddable":true,"href":"https:\/\/vcp.de\/pfadfinden\/wp-json\/wp\/v2\/tags?post=17478"}],"curies":[{"name":"wp","href":"https:\/\/api.w.org\/{rel}","templated":true}]}}