{"id":17440,"date":"2020-06-25T12:59:54","date_gmt":"2020-06-25T10:59:54","guid":{"rendered":"https:\/\/www.vcp.de\/pfadfinden\/?p=17440"},"modified":"2020-06-25T13:10:16","modified_gmt":"2020-06-25T11:10:16","slug":"sommerkampagne-der-aej-und-der-bag-ejsa","status":"publish","type":"post","link":"https:\/\/vcp.de\/pfadfinden\/allgemein\/sommerkampagne-der-aej-und-der-bag-ejsa\/","title":{"rendered":"Sommerkampagne der aej und der BAG EJSA"},"content":{"rendered":"<h1>A U F R U F<\/h1>\n<h2>Praktisch und politisch aktiv werden!<\/h2>\n<p>Die Ausgangsbeschr\u00e4nkungen und Ma\u00dfnahmen zur Eind\u00e4mmung der COVID-19 Pandemie treffen Kinder und Jugendliche besonders hart. Das wird sich auch auf die kommenden Sommerferien auswirken. F\u00fcr die allermeisten Kinder und Jugendlichen wird dies ein Sommer ohne Urlaub, ohne Freizeiten, ohne Camps, ohne internationale Begegnungen.<br \/>\nTrotz allem kann und wird aber auch dieser Sommer aktiv, fr\u00f6hlich, bunt und unvergesslich werden. Daf\u00fcr h\u00e4ngen sich die ehrenamtlichen und hauptberuflichen Mitarbeiter*innen aus der evangelischen Kinder- und Jugendarbeit und der evangelischen Jugendsozialarbeit zusammen mit ihren Partner*innen, etwa aus Vereinen junger Migrant*innen, vor Ort voll rein: Flexibel und verantwortungsvoll, auch in Corona-Zeiten. Mit Angeboten auf Pl\u00e4tzen und Stra\u00dfen, in Kirchen, Hallen und \u00fcberall dort, wo spannende Aktivit\u00e4ten m\u00f6glich sind.<\/p>\n<h1>Kinder und Jugendliche brauchen gerade jetzt die verl\u00e4sslichen Angebote der Kinder- und Jugendarbeit!<\/h1>\n<p>Die Arbeitsgemeinschaft der Evangelischen Jugend in Deutschland e.V. (aej) und die<br \/>\nBundesarbeitsgemeinschaft Evangelische Jugendsozialarbeit e.V. (BAG EJSA) sind begeistert \u00fcber die vielf\u00e4ltigen und kreativen Aktionen und Ideen die bereits vor Ort entwickelt werden. Gemeinsam ermuntern sie alle noch Unentschlossenen dazu, ebenfalls aktiv zu werden und unvergleichliche Sommerferien f\u00fcr Kinder und Jugendliche zu organisieren. Gefragt sind flexible Angebote im nahen Sozialraum, die mit wenigen Kindern und Jugendlichen veranstaltet werden k\u00f6nnen. Gefragt sind engagierte Mitarbeiter*innen, die jungen Menschen spontane oder l\u00e4ngerfristige Beziehungsangebote machen und ein offenes Ohr f\u00fcr sie haben.<\/p>\n<p>Unter dem gemeinsamen Motto \u201eWir sind <strong>#zukunftsrelevant<\/strong>\u201c soll sichtbar werden, dass evangelische Kinder- und Jugendarbeit und evangelische Jugendsozialarbeit in guten wie in schwierigen Zeiten Kindern und Jugendlichen Angebote machen und als Ansprechpartnerinnen f\u00fcr<br \/>\nsie da sind.<\/p>\n<p>Beteiligt euch aktiv an der Kampagne der Evangelischen Jugend und der<br \/>\nEvangelischen Jugendsozialarbeit! Postet eure Aktivit\u00e4ten, verwendet den Kampagnen-Hashtag <strong>#zukunftsrelevant<\/strong> und teilt mit uns eure Erfahrungen und Projekte.<\/p>\n<p>Hintergrund:<\/p>\n<h2>Herausforderung<\/h2>\n<p>Die Corona-Krise hat f\u00fcr Jugendliche negative Folgen wie Kontakt- und Bewegungsmangel, Aggressionsaufbau, Depression und Orientierungslosigkeit. Nicht zuletzt bedeutet das: Junge Menschen stehen gerade jetzt noch mehr vor einer ungewissen Zukunft als bereits zuvor. Umso wichtiger ist die Arbeit der evangelischen Kinder- und Jugendarbeit und der evangelischen Jugendsozialarbeit. Doch die Kinder- und Jugendarbeit steht bei den Diskussionen zur Bew\u00e4ltigung der COVID-19 Krise nicht im unmittelbaren Fokus der politischen und kirchlichen Entscheidungstr\u00e4ger*innen. Das wollen wir \u00e4ndern.<\/p>\n<h2>Ziel der Kampagne<\/h2>\n<p>Die Kampagne \u201eWir sind <strong>#zukunftsrelevan<\/strong>t\u201c soll die Bedeutung evangelischer Kinder- und Jugendarbeit und evangelischer Jugendsozialarbeit gerade in Krisenzeiten herausstellen. Wir wollen die Zukunftsrelevanz evangelischer Kinder- und Jugendarbeit und evangelischer Jugendsozialarbeit mit guten Nachrichten \u00fcber flexible und kreativen Ferienaktionen untermauern &#8211; l\u00f6sungsorientiert und nicht problemorientiert.<\/p>\n<h2>Materialien und Informationen<\/h2>\n<p><a href=\"https:\/\/www.vcp.de\/pfadfinden\/wp-content\/uploads\/2020\/06\/zukunftsrelevant-Kampagnen\u00fcbersicht.pdf\" target=\"_blank\" rel=\"noopener noreferrer\">Kampagnen\u00fcbersicht<\/a><\/p>\n<p><a href=\"https:\/\/www.vcp.de\/pfadfinden\/wp-content\/uploads\/2020\/06\/zukunftsrelevant-Kampagnenaufruf-Politik-Kirche-Verwaltung.pdf\" target=\"_blank\" rel=\"noopener noreferrer\">Kampagnenaufruf Politik Kirche Verwaltung<\/a><\/p>\n<p><a href=\"https:\/\/www.vcp.de\/pfadfinden\/wp-content\/uploads\/2020\/06\/zukunftsrelevant-Kampagnenaufruf-\u00f6rtliche-Ebene.pdf\" target=\"_blank\" rel=\"noopener noreferrer\">Kampagnenaufruf \u00f6rtliche Ebene<\/a><\/p>\n<p><a href=\"https:\/\/www.vcp.de\/pfadfinden\/wp-content\/uploads\/2020\/06\/zukunftsrelevant-Kampagnenaufruf-Mitglieder-aej-und-BAG-EJSA.pdf\" target=\"_blank\" rel=\"noopener noreferrer\">Kampagnenaufruf Mitglieder aej und BAG EJSA<\/a><\/p>\n<p>alle Informationen unter <a href=\"http:\/\/www.zukunftsrelevant.de\">www.zukunftsrelevant.de<\/a><\/p>\n<p><a href=\"https:\/\/www.vcp.de\/pfadfinden\/wp-content\/uploads\/2020\/06\/csm_zukunftsrelevant_mitglieder_aej_bagejsa_b2f90afde6.png\"><img loading=\"lazy\" decoding=\"async\" class=\"aligncenter size-full wp-image-17452\" src=\"https:\/\/www.vcp.de\/pfadfinden\/wp-content\/uploads\/2020\/06\/csm_zukunftsrelevant_mitglieder_aej_bagejsa_b2f90afde6.png\" alt=\"\" width=\"819\" height=\"1024\" srcset=\"https:\/\/vcp.de\/pfadfinden\/wp-content\/uploads\/2020\/06\/csm_zukunftsrelevant_mitglieder_aej_bagejsa_b2f90afde6.png 819w, https:\/\/vcp.de\/pfadfinden\/wp-content\/uploads\/2020\/06\/csm_zukunftsrelevant_mitglieder_aej_bagejsa_b2f90afde6-240x300.png 240w, https:\/\/vcp.de\/pfadfinden\/wp-content\/uploads\/2020\/06\/csm_zukunftsrelevant_mitglieder_aej_bagejsa_b2f90afde6-768x960.png 768w\" sizes=\"auto, (max-width: 819px) 100vw, 819px\" \/><\/a><\/p>\n","protected":false},"excerpt":{"rendered":"<p>A U F R U F Praktisch und politisch aktiv werden! Die Ausgangsbeschr\u00e4nkungen und Ma\u00dfnahmen zur Eind\u00e4mmung der COVID-19 Pandemie treffen Kinder und Jugendliche besonders hart. Das wird sich auch auf die kommenden Sommerferien auswirken. F\u00fcr die allermeisten Kinder und Jugendlichen wird dies ein Sommer ohne Urlaub, ohne Freizeiten, ohne Camps, ohne internationale Begegnungen. Trotz [&hellip;]<\/p>\n","protected":false},"author":52,"featured_media":17452,"comment_status":"closed","ping_status":"open","sticky":false,"template":"","format":"standard","meta":{"_acf_changed":false,"inline_featured_image":false,"footnotes":""},"categories":[1,383],"tags":[],"class_list":["post-17440","post","type-post","status-publish","format-standard","has-post-thumbnail","hentry","category-allgemein","category-gegen-das-virus"],"acf":[],"_links":{"self":[{"href":"https:\/\/vcp.de\/pfadfinden\/wp-json\/wp\/v2\/posts\/17440","targetHints":{"allow":["GET"]}}],"collection":[{"href":"https:\/\/vcp.de\/pfadfinden\/wp-json\/wp\/v2\/posts"}],"about":[{"href":"https:\/\/vcp.de\/pfadfinden\/wp-json\/wp\/v2\/types\/post"}],"author":[{"embeddable":true,"href":"https:\/\/vcp.de\/pfadfinden\/wp-json\/wp\/v2\/users\/52"}],"replies":[{"embeddable":true,"href":"https:\/\/vcp.de\/pfadfinden\/wp-json\/wp\/v2\/comments?post=17440"}],"version-history":[{"count":0,"href":"https:\/\/vcp.de\/pfadfinden\/wp-json\/wp\/v2\/posts\/17440\/revisions"}],"wp:featuredmedia":[{"embeddable":true,"href":"https:\/\/vcp.de\/pfadfinden\/wp-json\/wp\/v2\/media\/17452"}],"wp:attachment":[{"href":"https:\/\/vcp.de\/pfadfinden\/wp-json\/wp\/v2\/media?parent=17440"}],"wp:term":[{"taxonomy":"category","embeddable":true,"href":"https:\/\/vcp.de\/pfadfinden\/wp-json\/wp\/v2\/categories?post=17440"},{"taxonomy":"post_tag","embeddable":true,"href":"https:\/\/vcp.de\/pfadfinden\/wp-json\/wp\/v2\/tags?post=17440"}],"curies":[{"name":"wp","href":"https:\/\/api.w.org\/{rel}","templated":true}]}}