{"id":16985,"date":"2020-05-11T08:50:55","date_gmt":"2020-05-11T06:50:55","guid":{"rendered":"https:\/\/www.vcp.de\/pfadfinden\/?p=16985"},"modified":"2023-02-01T15:57:57","modified_gmt":"2023-02-01T14:57:57","slug":"europaeische-jugendziele-information-und-konstruktiver-dialog","status":"publish","type":"post","link":"https:\/\/vcp.de\/pfadfinden\/europaeische-jugendziele\/europaeische-jugendziele-information-und-konstruktiver-dialog\/","title":{"rendered":"Europ\u00e4ische Jugendziele: Information und Konstruktiver Dialog"},"content":{"rendered":"<p>von S\u00f6ren Br\u00f6cker<\/p>\n<blockquote>\n<p>Wohin soll sich Europa aus Sicht junger Menschen entwickeln? Welche Themen sind wichtig? Und was hat das mit dem VCP und mir zu tun? Die Europ\u00e4ischen Jugendziele \u2013 Youth Goals \u2013 fassen zusammen, welche Themen junge Menschen in Europa bewegen und was sie von der Politik erwarten.<br \/>\nUm euch die Europ\u00e4ischen Jugendziele n\u00e4her zu bringen und zu zeigen, wie auch der VCP am Erreichen der Ziele mitwirkt, welche Aktionen bereits am Laufen bzw. in Planung sind und auch, welche M\u00f6glichkeiten ihr habt, eure Forderungen und W\u00fcnsche an die europ\u00e4ische Politik zu tragen, stellen wir euch dieses Jahr an jedem 11. Tag im Monat eines der Europ\u00e4ischen Jugendziele vor.<\/p>\n<p>&nbsp;<\/p>\n<\/blockquote>\n<h2><strong>Europ\u00e4isches Jugendziel: Information und Konstruktiver Dialog<\/strong><\/h2>\n<p>Eines der europ\u00e4ischen Jugendziele besch\u00e4ftigt sich damit, wie junge Menschen an Informationen gelangen und wie sie \u00fcber die Medien in einen konstruktiven Dialog kommen.<\/p>\n<p>Auch bei uns im VCP wird regelm\u00e4\u00dfig \u00fcber die Nutzung von Medien bei den Pfadis kontrovers diskutiert. Dabei geht es in erster Linie nicht allein um die Inhalte, sondern um die eigentliche Nutzung auf dem Lagerplatz und in der Gruppenstunde. Auf dem Bundeslager 2017 gab es dazu einen Themenschwerpunkt in der Diskussionjurte:\u00a0<a href=\"https:\/\/www.vcp.de\/pfadfinden\/digitalisierung-bei-den-pfadfinderinnen\/\">https:\/\/www.vcp.de\/pfadfinden\/digitalisierung-bei-den-pfadfinderinnen\/<\/a>.<\/p>\n<p>&nbsp;<\/p>\n<p><strong>Ein besonderes Zitat aus der Diskussion war folgendes: <\/strong><\/p>\n<blockquote>\n<p style=\"text-align: center;\">\nDie neuen Medien sind Werkzeuge f\u00fcr moderne Pfadis: Man muss lernen mit ihnen umzugehen, genauso wie mit einem Taschenmesser.<\/p>\n<p>&nbsp;<\/p>\n<\/blockquote>\n<p>Dies trifft sich mit den Inhalten des Europ\u00e4ischen Jugendziels sehr gut. Dabei soll jungen Menschen ein besserer Zugang zu verl\u00e4sslichen Informationen sichergestellt werden und die F\u00e4higkeit junger Menschen gest\u00e4rkt, Informationen kritisch zu bewerten und sich an einem partizipativen und konstruktiven Dialog zu beteiligen. Fakenews und Ger\u00fcchte machen es bisweilen schwer, zu entscheiden, ob etwas frei erfunden oder der Wahrheit entspricht. Wie einfach Ger\u00fcchte entstehen, zeigt euch der wunderbare Artikel aus der anp 1904 zum Thema Duft: <a href=\"https:\/\/www.vcp.de\/pfadfinden\/geruechtekueche\/\">https:\/\/www.vcp.de\/pfadfinden\/geruechtekueche\/<\/a>.<\/p>\n<p style=\"text-align: center;\"><strong>Junge Menschen machen die Erfahrung, dass es schwierig sein kann zu \u00fcberpr\u00fcfen, ob Informationen zutreffend und zuverl\u00e4ssig sind. Sie m\u00fcssen besser bef\u00e4higt werden, sich in der Medienlandschaft zurechtzufinden und am konstruktiven Dialog teilzuhaben.\u00a0<\/strong><\/p>\n<p>Bei der jungen Generation der 14- bis 29-J\u00e4hrigen geh\u00f6ren Medien nicht nur zum Alltag, sondern Bewegtbild- und Audionutzung sowie pers\u00f6nliche Kommunikation \u00fcber Messaging-Dienste und soziale Netzwerke (z. B. WhatsApp, Instagram) gehen zuweilen flie\u00dfend ineinander \u00fcber. Junge Menschen nutzen t\u00e4glich knapp neuneinhalb Stunden Medien, ein Mehrfaches der Mediennutzung dieser Zielgruppe im Jahr 1970. Bis 2000 wurde dieser Anstieg durch die klassischen elektronischen Medien bestimmt, seither durch das Internet. Fernsehen, Radio und Internet erzielen die h\u00f6chsten Tagesreichweiten und die l\u00e4ngsten Nutzungsdauern, wobei das Internet jedoch nur zu einem Viertel f\u00fcr mediale Inhalte genutzt wird. Tontr\u00e4ger spielen \u2013 allerdings mit sinkender Tendenz \u2013 nach wie vor eine wichtige Rolle. Die Gattung Print, bei gleichbleibender Nutzungsdauer f\u00fcr das Buch, ist aktuell unter massivem Druck, Zeitungen und Zeitschriften werden aber auch zunehmend online genutzt.<\/p>\n<figure id=\"attachment_15248\" aria-describedby=\"caption-attachment-15248\" style=\"width: 308px\" class=\"wp-caption alignleft\"><a href=\"https:\/\/www.vcp.de\/pfadfinden\/wp-content\/uploads\/2020\/01\/BJV_Youth-Goals_255x210mm_CMYK_fill-4.png\"><img decoding=\"async\" loading=\"lazy\" class=\"wp-image-15248\" src=\"https:\/\/www.vcp.de\/pfadfinden\/wp-content\/uploads\/2020\/01\/BJV_Youth-Goals_255x210mm_CMYK_fill-4.png\" alt=\"\" width=\"308\" height=\"246\" srcset=\"https:\/\/www.vcp.de\/pfadfinden\/wp-content\/uploads\/2020\/01\/BJV_Youth-Goals_255x210mm_CMYK_fill-4.png 2707w, https:\/\/www.vcp.de\/pfadfinden\/wp-content\/uploads\/2020\/01\/BJV_Youth-Goals_255x210mm_CMYK_fill-4-300x240.png 300w, https:\/\/www.vcp.de\/pfadfinden\/wp-content\/uploads\/2020\/01\/BJV_Youth-Goals_255x210mm_CMYK_fill-4-1024x819.png 1024w, https:\/\/www.vcp.de\/pfadfinden\/wp-content\/uploads\/2020\/01\/BJV_Youth-Goals_255x210mm_CMYK_fill-4-768x615.png 768w, https:\/\/www.vcp.de\/pfadfinden\/wp-content\/uploads\/2020\/01\/BJV_Youth-Goals_255x210mm_CMYK_fill-4-1536x1229.png 1536w, https:\/\/www.vcp.de\/pfadfinden\/wp-content\/uploads\/2020\/01\/BJV_Youth-Goals_255x210mm_CMYK_fill-4-2048x1639.png 2048w\" sizes=\"auto, (max-width: 308px) 100vw, 308px\" \/><\/a><figcaption id=\"caption-attachment-15248\" class=\"wp-caption-text\">Quelle: DBJR \/ Maike van Bremen<\/figcaption><\/figure>\n<p>&nbsp;<\/p>\n<p>Beim Internet hat sich der Zugangsweg in den zehn Jahren von 2005 bis 2015 vom station\u00e4ren PC hin zum Smartphone entwickelt. Dies beg\u00fcnstigt mobile Nutzung, die aber in ihrem Umfang von der \u00dcbertragungsgeschwindigkeit und den Mobilfunkvertr\u00e4gen der 14- bis 29-J\u00e4hrigen abh\u00e4ngt. Das Internet integriert Alltagskommunikation und Mediennutzung. Dies wird deutlich, wenn man die Tagesreichweiten der unterschiedlichen M\u00f6glichkeiten der Internetnutzung analysiert: Ein gro\u00dfer Teil davon ist individuell gepr\u00e4gt \u2013 wie etwa bei der Nutzung von Suchmaschinen und der Kommunikation mit anderen \u2013 ein kleinerer Teil ist eins zu eins mit der Nutzung der klassischen Medien vergleichbar. Aufgrund der hohen Verweildauern dominieren bei der Nutzung medialer Inhalte nach wie vor auch im Jahr 2015 die klassischen Medien.<\/p>\n<p>Die Nutzungsmotive der einzelnen Medien sind trotz Ver\u00e4nderungen hinsichtlich Medienangebot und Nutzungsoptionen in den vergangenen 15 Jahren in ihren Strukturen erhalten geblieben. Dies gilt f\u00fcr Radio, Fernsehen und Tageszeitung, auch weitestgehend f\u00fcr das Internet, obwohl die Nutzerzahlen h\u00f6her liegen als fr\u00fcher.<\/p>\n<p>Massenmedien stellen \u00d6ffentlichkeit her und sind damit von zentraler Bedeutung in einer Demokratie: Sie erm\u00f6glichen Transparenz und Legitimation politischen Handelns und sind ma\u00dfgeblich an der demokratischen Meinungsbildung der Gesellschaft beteiligt. Gleichzeitig bestimmen sie durch Agendasetting die politischen Themen. Medien haben in der Demokratie die Aufgabe, die B\u00fcrger*innen auf gesamtgesellschaftliche Probleme aufmerksam zu machen und \u00fcber das politische Geschehen zu informieren und genie\u00dfen diesbez\u00fcglich auch hohes Vertrauen. Zugleich fungieren Medien als eine vierte Macht oder Gewalt, die Kontrolle und Kritik aus\u00fcbt. Politische Akteur*innen sind wiederum auf Medien angewiesen, um ihre Botschaften zu vermitteln und sich selbst ein Bild \u00fcber die (ver)\u00f6ffentliche Meinung in der Bev\u00f6lkerung zu machen. Meinungs-, Presse- und Medienfreiheit sind nicht nur unverzichtbare Kriterien f\u00fcr Demokratiequalit\u00e4t. Politische Macht ist heute nicht mehr ohne den Einbezug von Medien zu denken.<\/p>\n<p>Die Malteserjugend hat daher beispielsweise umfangreiches Gruppenstundenmaterial zur Verf\u00fcgung gestellt, um die Medienkompetenzen unserer Mitglieder zu st\u00e4rken. <a href=\"https:\/\/www.malteserjugend.de\/fileadmin\/Files_sites\/Malteserjugend\/Malteserjugend\/Kinder_staerken\/Medien\/2016_KinderSta__rken_Medien.pdf\">https:\/\/www.malteserjugend.de\/fileadmin\/Files_sites\/Malteserjugend\/Malteserjugend\/Kinder_staerken\/Medien\/2016_KinderSta__rken_Medien.pdf<\/a><\/p>\n<p><strong>Die Medienkompetenz unserer Pfadfinder*innen ist uns wichtig, denn sie sind f\u00fcr uns wie ein Taschenmesser und wir m\u00fcssen lernen, damit umzugehen.<\/strong><\/p>\n<h2><strong>Wir wollen daher:\u00a0<\/strong><\/h2>\n<ul>\n<li>Junge Menschen bef\u00e4higen, Informationen kritisch und verantwortungsvoll zu nutzen und zu produzieren.<\/li>\n<li>Sicherstellen, dass junge Menschen oft wiederholte irref\u00fchrende Nachrichten erkennen und anzeigen sowie die Genauigkeit von Nachrichtenquellen pr\u00fcfen k\u00f6nnen.<\/li>\n<li>Sicherstellen, dass junge Menschen Hetze und Diskriminierung im Netz und in der realen Welt erkennen und anzeigen k\u00f6nnen.<\/li>\n<li>Sicherstellen, dass junge Menschen on- und offline eine respektvolle, tolerante und gewaltfreie Diskussionskultur pflegen.<\/li>\n<li>Sicherstellen, dass junge Menschen einen einfachen Zugang zu jugendgerechten Informationen haben, denen ethische und Qualit\u00e4tsstandards zugrunde liegen.<\/li>\n<li>Sicherstellen, dass Eltern und andere Erziehungsberechtigte sowie alle anderen, die mit der Bildung und Ausbildung von jungen Menschen befasst sind, \u00fcber digitale und Medienkompetenzen verf\u00fcgen und somit eine verl\u00e4ssliche Informationsquelle f\u00fcr junge Menschen darstellen.<\/li>\n<\/ul>\n<p>&nbsp;<\/p>\n<p><em>Quellen:\u00a0<\/em><\/p>\n<ul>\n<li><a href=\"http:\/\/www.mitwirkung.dbjr.de\/prozesse\/du-europa-wir\/youth-goals-europaeische-jugendziele\/\">http:\/\/www.mitwirkung.dbjr.de\/prozesse\/du-europa-wir\/youth-goals-europaeische-jugendziele\/<\/a><\/li>\n<li><a href=\"http:\/\/www.demokratiezentrum.org\/themen\/demokratiemodelle\/mediendemokratie.html\">http:\/\/www.demokratiezentrum.org\/themen\/demokratiemodelle\/mediendemokratie.html<\/a><\/li>\n<li><a href=\"https:\/\/www.malteserjugend.de\/fileadmin\/Files_sites\/Malteserjugend\/Malteserjugend\/Kinder_staerken\/Medien\/2016_KinderSta__rken_Medien.pdf\">https:\/\/www.malteserjugend.de\/fileadmin\/Files_sites\/Malteserjugend\/Malteserjugend\/Kinder_staerken\/Medien\/2016_KinderSta__rken_Medien.pdf<\/a><\/li>\n<li><a href=\"https:\/\/www.ard-werbung.de\/media-perspektiven\/fachzeitschrift\/2016\/artikel\/mediennutzung-junger-menschen-im-langzeitvergleich\/\">https:\/\/www.ard-werbung.de\/media-perspektiven\/fachzeitschrift\/2016\/artikel\/mediennutzung-junger-menschen-im-langzeitvergleich\/<\/a><\/li>\n<\/ul>\n<p>&nbsp;<\/p>\n<blockquote class=\"wp-embedded-content\" data-secret=\"xVqX8THokF\"><p><a href=\"https:\/\/www.vcp.de\/pfadfinden\/europaeische-jugendziele\/der-vcp-und-die-europaeischen-jugendziele\/\">Der VCP und die Europ\u00e4ischen Jugendziele<\/a><\/p><\/blockquote>\n<p><iframe loading=\"lazy\" class=\"wp-embedded-content\" sandbox=\"allow-scripts\" security=\"restricted\" style=\"position: absolute; visibility: hidden;\" title=\"&#8222;Der VCP und die Europ\u00e4ischen Jugendziele&#8220; &#8212; VCP-Blog\" src=\"https:\/\/www.vcp.de\/pfadfinden\/europaeische-jugendziele\/der-vcp-und-die-europaeischen-jugendziele\/embed\/#?secret=VsOL3jmN5q#?secret=xVqX8THokF\" data-secret=\"xVqX8THokF\" width=\"600\" height=\"338\" frameborder=\"0\" marginwidth=\"0\" marginheight=\"0\" scrolling=\"no\"><\/iframe><\/p>\n<p>&nbsp;<\/p>\n","protected":false},"excerpt":{"rendered":"<p>von S\u00f6ren Br\u00f6cker Wohin soll sich Europa aus Sicht junger Menschen entwickeln? Welche Themen sind wichtig? Und was hat das mit dem VCP und mir zu tun? Die Europ\u00e4ischen Jugendziele \u2013 Youth Goals \u2013 fassen zusammen, welche Themen junge Menschen in Europa bewegen und was sie von der Politik erwarten. Um euch die Europ\u00e4ischen Jugendziele [&hellip;]<\/p>\n","protected":false},"author":52,"featured_media":15248,"comment_status":"closed","ping_status":"open","sticky":false,"template":"","format":"standard","meta":{"_acf_changed":false,"inline_featured_image":false,"footnotes":""},"categories":[378],"tags":[102,394],"class_list":["post-16985","post","type-post","status-publish","format-standard","has-post-thumbnail","hentry","category-europaeische-jugendziele","tag-jugendpolitik","tag-jugendziele"],"acf":[],"_links":{"self":[{"href":"https:\/\/vcp.de\/pfadfinden\/wp-json\/wp\/v2\/posts\/16985","targetHints":{"allow":["GET"]}}],"collection":[{"href":"https:\/\/vcp.de\/pfadfinden\/wp-json\/wp\/v2\/posts"}],"about":[{"href":"https:\/\/vcp.de\/pfadfinden\/wp-json\/wp\/v2\/types\/post"}],"author":[{"embeddable":true,"href":"https:\/\/vcp.de\/pfadfinden\/wp-json\/wp\/v2\/users\/52"}],"replies":[{"embeddable":true,"href":"https:\/\/vcp.de\/pfadfinden\/wp-json\/wp\/v2\/comments?post=16985"}],"version-history":[{"count":1,"href":"https:\/\/vcp.de\/pfadfinden\/wp-json\/wp\/v2\/posts\/16985\/revisions"}],"predecessor-version":[{"id":29321,"href":"https:\/\/vcp.de\/pfadfinden\/wp-json\/wp\/v2\/posts\/16985\/revisions\/29321"}],"wp:featuredmedia":[{"embeddable":true,"href":"https:\/\/vcp.de\/pfadfinden\/wp-json\/wp\/v2\/media\/15248"}],"wp:attachment":[{"href":"https:\/\/vcp.de\/pfadfinden\/wp-json\/wp\/v2\/media?parent=16985"}],"wp:term":[{"taxonomy":"category","embeddable":true,"href":"https:\/\/vcp.de\/pfadfinden\/wp-json\/wp\/v2\/categories?post=16985"},{"taxonomy":"post_tag","embeddable":true,"href":"https:\/\/vcp.de\/pfadfinden\/wp-json\/wp\/v2\/tags?post=16985"}],"curies":[{"name":"wp","href":"https:\/\/api.w.org\/{rel}","templated":true}]}}