{"id":16722,"date":"2020-04-17T18:23:26","date_gmt":"2020-04-17T16:23:26","guid":{"rendered":"https:\/\/www.vcp.de\/pfadfinden\/?p=16722"},"modified":"2023-02-01T15:57:59","modified_gmt":"2023-02-01T14:57:59","slug":"empfehlungen-zur-corona-pandemie-fuer-stammes-landes-und-bundesebene","status":"publish","type":"post","link":"https:\/\/vcp.de\/pfadfinden\/gegen-das-virus\/empfehlungen-zur-corona-pandemie-fuer-stammes-landes-und-bundesebene\/","title":{"rendered":"Empfehlungen zur Corona-Pandemie f\u00fcr Stammes-, Landes- und Bundesebene"},"content":{"rendered":"<p>Liebe VCPer*innen,<\/p>\n<p>wie bereits in unserem ersten Statement zur Corona-Pandemie benannt, m\u00f6chten wir euch auch aufgrund der aktuellen politischen Entscheidung wieder unsere Empfehlungen an euch bekannt geben.<\/p>\n<p>Als Bundesvorstand ist uns der VCP sehr wichtig. Treffen jeder Art mit anderen Pfadfinder*innen nehmen sicherlich f\u00fcr uns alle einen sehr hohen Stellenwert ein. In diesen Zeiten m\u00fcssen wir uns jedoch auch vor Augen f\u00fchren, dass es f\u00fcr die meisten eine Freizeitaktivit\u00e4t ist. Daher hat sie auch nicht den gleichen Stellenwert wie z. B. die schulische Ausbildung. Wir gehen davon aus, dass sich die Herstellung eines \u201cNormalzustands\u201d noch weit \u00fcber den 4. Mai ziehen wird. Auf dieser Einstellung basieren unsere folgenden Empfehlungen.<\/p>\n<p><strong>Weiterhin keine Pr\u00e4senztreffen<\/strong><br \/>\nWir empfehlen vorerst die weitere Aussetzung von Pr\u00e4senzveranstaltungen, wie Gruppenstunden, Leitungsrunden, etc. bis zum 31. Mai 2020. Auch wenn die Schulen schrittweise wieder \u00f6ffnen, sollten nicht zwingend erforderliche Treffen trotzdem weiterhin auf das Notwendigste reduziert werden. Bis mindestens zum 3.5. ist das Versammeln in Vereinsheimen etc. zudem gesetzlich untersagt.<\/p>\n<p><strong>Lager und Fahrten<\/strong><br \/>\nEbenfalls empfehlen wir auch die Absage von Pfingstlagern oder Veranstaltungen in Pfadih\u00e4usern und \u00c4hnliches.<\/p>\n<p>Auch geplante Gro\u00dflager im Sommer, z.B. Landeslager sowie Fahrten ins Ausland sollten abgesagt werden. Zwar steht eine gesetzliche bzw. politische Definition von \u201cGro\u00dfveranstaltungen\u201d noch aus, jedoch selbst wenn unsere Lager und Fahrten nicht darunterfallen, so werden wir auf diesen keine Abstandhaltung sicherstellen k\u00f6nnen und auch keine Nachverfolgung, wer mit wem wie lange Kontakt hatte.<\/p>\n<p>&nbsp;<\/p>\n<p><strong>Bundesversammlung 2020<\/strong><\/p>\n<p>Derzeit ist es nicht absehbar, ob die Bundesversammlung mit \u00fcber 100 Personen, wie zuletzt geplant Anfang September, als Pr\u00e4senztreffen stattfinden k\u00f6nnte. Gemeinsam mit dem Bundesversammlungsvorstand (BVV) haben wir entschieden, dass wir den Termin gerne nochmal weiter ans Ende des Jahres Richtung November\/Dezember verschieben wollen, vor allem um Planungssicherheit f\u00fcr alle herzustellen. Derzeit pr\u00fcfen wir, wann und ob wir daf\u00fcr unsere Burg Rieneck buchen k\u00f6nnen. Den Termin kommunizieren wir bzw. der BVV so schnell wie m\u00f6glich.<\/p>\n<p><strong>Hinweise zu ausstehenden Landesversammlungen<\/strong><\/p>\n<p>Uns ist es sehr wichtig, dass jedes Land eine gute Vorbereitung f\u00fcr die Bundesversammlung durchf\u00fchren kann. Aufgrund der stark unterschiedlichen Gr\u00f6\u00dfen von Landesversammlungen k\u00f6nnen wir keine Empfehlung aussprechen, diese abzusagen oder nicht. Evtl. werden kleinere Veranstaltungen im Sommer m\u00f6glich sein. Insbesondere f\u00fcr gr\u00f6\u00dfere Versammlungen empfehlen wir aber diese nicht als Pr\u00e4senzveranstaltung im Sommer zu planen, sondern diese digital durchzuf\u00fchren. Dies regelt das \u201cGesetz zur Abmilderung der Folgen der COVID-19-Pandemie&#8220;. Dort wird im Artikel 2 \u00a75 erm\u00f6glicht Mitgliederrechte auch im Wege der elektronischen Kommunikation auszu\u00fcben. Link zum Gesetz (<a href=\"https:\/\/www.bgbl.de\/xaver\/bgbl\/start.xav?startbk=Bundesanzeiger_BGBl&amp;jumpTo=bgbl120s0569.pdf#__bgbl__%2F%2F*%5B%40attr_id%3D%27bgbl120s0569.pdf%27%5D__1587032002179\">https:\/\/www.bgbl.de\/xaver\/bgbl\/start.xav?startbk=Bundesanzeiger_BGBl&amp;jumpTo=bgbl120s0569.pdf#__bgbl__%2F%2F*%5B%40attr_id%3D%27bgbl120s0569.pdf%27%5D__1587032002179<\/a>)<\/p>\n<p>Wir pr\u00fcfen derzeit, ob wir euch Tools zur Beschlussfassung empfehlen k\u00f6nnen. Sobald wir ein Ergebnis haben, werden wir Euch dies in unserem Blog mitteilen.<\/p>\n<p><strong>Digitale Treffen \u2013 Tools f\u00fcr Videokonferenzen<\/strong><br \/>\nIn unserer letzten Stellungnahme haben wir euch angeboten, f\u00fcr digitale Gruppenstunden und andere digitale Treffen unsere Zoom-Zug\u00e4nge zu nutzen. Das Angebot gilt weiterhin.<br \/>\nAufgrund der aufgekommenen Diskussion \u00fcber den Datenschutz im Zusammenhang mit Zoom bitten wir euch aber, sich vor Verwendung insbesondere mit Kindern und Jugendlichen intensiv mit den Datenschutzbedenken auseinanderzusetzen, im Idealfall unter Einbeziehung der Eltern. Derzeit gibt es noch keine Datenschutzdiskussionen um das Tool Jitsi (<a href=\"https:\/\/jitsi.org\/\">https:\/\/jitsi.org\/<\/a>). Dies ist eine kostenlose M\u00f6glichkeit sich digital zu treffen und f\u00fcr euch evtl. eine Alternative.<\/p>\n<p>Wir werden die Lage weiterhin intensiv beobachten und euch auf dem Laufenden halten. Falls sich neue Erkenntnisse ergeben, die abweichende Vorgehensweisen hervorrufen, erfahrt ihr sie, behaltet dazu bitte unsere Seite \u201eGemeinsam durch die Corona-Pandemie\u201c (<a href=\"http:\/\/www.vcp.de\/gegen-das-virus\">www.vcp.de\/gegen-das-virus<\/a>) \u00a0im Blick.<\/p>\n<p>Bleibt beh\u00fctet und bleibt stark, herzlich Gut Pfad<\/p>\n<p>euer Bundesvorstand!<\/p>\n<p>&nbsp;<\/p>\n<blockquote class=\"wp-embedded-content\" data-secret=\"pbdMjJBDg8\"><p><a href=\"https:\/\/www.vcp.de\/pfadfinden\/gegen-das-virus\/gesetzesaenderungen-im-vereinsrecht\/\">Gesetzes\u00e4nderungen im Vereinsrecht<\/a><\/p><\/blockquote>\n<p><iframe loading=\"lazy\" class=\"wp-embedded-content\" sandbox=\"allow-scripts\" security=\"restricted\" style=\"position: absolute; visibility: hidden;\" title=\"&#8222;Gesetzes\u00e4nderungen im Vereinsrecht&#8220; &#8212; VCP-Blog\" src=\"https:\/\/www.vcp.de\/pfadfinden\/gegen-das-virus\/gesetzesaenderungen-im-vereinsrecht\/embed\/#?secret=VDasRXYvQl#?secret=pbdMjJBDg8\" data-secret=\"pbdMjJBDg8\" width=\"600\" height=\"338\" frameborder=\"0\" marginwidth=\"0\" marginheight=\"0\" scrolling=\"no\"><\/iframe><\/p>\n","protected":false},"excerpt":{"rendered":"<p>Liebe VCPer*innen, wie bereits in unserem ersten Statement zur Corona-Pandemie benannt, m\u00f6chten wir euch auch aufgrund der aktuellen politischen Entscheidung wieder unsere Empfehlungen an euch bekannt geben. Als Bundesvorstand ist uns der VCP sehr wichtig. Treffen jeder Art mit anderen Pfadfinder*innen nehmen sicherlich f\u00fcr uns alle einen sehr hohen Stellenwert ein. In diesen Zeiten m\u00fcssen [&hellip;]<\/p>\n","protected":false},"author":52,"featured_media":3035,"comment_status":"closed","ping_status":"open","sticky":false,"template":"","format":"standard","meta":{"_acf_changed":false,"inline_featured_image":false,"footnotes":""},"categories":[383],"tags":[],"class_list":["post-16722","post","type-post","status-publish","format-standard","has-post-thumbnail","hentry","category-gegen-das-virus"],"acf":[],"_links":{"self":[{"href":"https:\/\/vcp.de\/pfadfinden\/wp-json\/wp\/v2\/posts\/16722","targetHints":{"allow":["GET"]}}],"collection":[{"href":"https:\/\/vcp.de\/pfadfinden\/wp-json\/wp\/v2\/posts"}],"about":[{"href":"https:\/\/vcp.de\/pfadfinden\/wp-json\/wp\/v2\/types\/post"}],"author":[{"embeddable":true,"href":"https:\/\/vcp.de\/pfadfinden\/wp-json\/wp\/v2\/users\/52"}],"replies":[{"embeddable":true,"href":"https:\/\/vcp.de\/pfadfinden\/wp-json\/wp\/v2\/comments?post=16722"}],"version-history":[{"count":1,"href":"https:\/\/vcp.de\/pfadfinden\/wp-json\/wp\/v2\/posts\/16722\/revisions"}],"predecessor-version":[{"id":29326,"href":"https:\/\/vcp.de\/pfadfinden\/wp-json\/wp\/v2\/posts\/16722\/revisions\/29326"}],"wp:featuredmedia":[{"embeddable":true,"href":"https:\/\/vcp.de\/pfadfinden\/wp-json\/wp\/v2\/media\/3035"}],"wp:attachment":[{"href":"https:\/\/vcp.de\/pfadfinden\/wp-json\/wp\/v2\/media?parent=16722"}],"wp:term":[{"taxonomy":"category","embeddable":true,"href":"https:\/\/vcp.de\/pfadfinden\/wp-json\/wp\/v2\/categories?post=16722"},{"taxonomy":"post_tag","embeddable":true,"href":"https:\/\/vcp.de\/pfadfinden\/wp-json\/wp\/v2\/tags?post=16722"}],"curies":[{"name":"wp","href":"https:\/\/api.w.org\/{rel}","templated":true}]}}